  {"id":6715,"date":"2017-05-30T14:45:03","date_gmt":"2017-05-30T18:45:03","guid":{"rendered":"http:\/\/www.un.org\/sustainabledevelopment\/fr\/?p=6715"},"modified":"2020-03-04T09:25:34","modified_gmt":"2020-03-04T14:25:34","slug":"laction-climatique-est-une-chance-pour-un-avenir-pacifique-et-durable-affirme-le-chef-de-lonu","status":"publish","type":"post","link":"https:\/\/www.un.org\/sustainabledevelopment\/fr\/2017\/05\/30\/laction-climatique-est-une-chance-pour-un-avenir-pacifique-et-durable-affirme-le-chef-de-lonu\/","title":{"rendered":"L&rsquo;action climatique est \u00ab une chance pour un avenir pacifique et durable \u00bb, affirme le chef de l&rsquo;ONU"},"content":{"rendered":"<p>30 mai 2017 \u2013 Le <a href=\"https:\/\/www.un.org\/sg\/fr\">Secr\u00e9taire g\u00e9n\u00e9ral<\/a> de l&rsquo;ONU, Ant\u00f3nio Guterres, a lanc\u00e9 mardi un appel \u00e0 l&rsquo;action pour faire face au d\u00e9fi du changement climatique, soulignant que l&rsquo;action pour le climat n&rsquo;est pas seulement une n\u00e9cessit\u00e9 mais une chance pour un avenir pacifique et durable.<\/p>\n<p>S&rsquo;exprimant devant des \u00e9tudiants, des chefs d&rsquo;entreprises et des universitaires \u00e0 New York University, M. Guterres a soulign\u00e9 \u00e0 la fois les risques croissants dus au changement climatique et les opportunit\u00e9s offertes par l&rsquo;action climatique pour cr\u00e9er des emplois, g\u00e9n\u00e9rer une croissance \u00e9conomique et construire les bases d&rsquo;un monde plus s\u00fbr et plus stable.<\/p>\n<p>\u00ab Les effets du changement climatique se font d\u00e9j\u00e0 sentir dans le monde entier. Ils sont dangereux et ils s&rsquo;acc\u00e9l\u00e8rent \u00bb, a-t-il dit. \u00ab Il est absolument essentiel que le monde mette en \u0153uvre l&rsquo;Accord de Paris &#8211; et que nous remplissions ce devoir avec une ambition accrue \u00bb. L&rsquo;Accord de Paris sur le climat a \u00e9t\u00e9 adopt\u00e9 en d\u00e9cembre 2015 et est entr\u00e9 en vigueur \u00e0 la fin 2016.<\/p>\n<p>M. Guterres a insist\u00e9 sur le fait que des mesures ont d\u00e9j\u00e0 \u00e9t\u00e9 prises et que les pays et les entreprises impliqu\u00e9s en tireront les b\u00e9n\u00e9fices.<\/p>\n<p>\u00ab Des milliers d&rsquo;entreprises priv\u00e9es, y compris de grandes compagnies p\u00e9troli\u00e8res et gazi\u00e8res, prennent leurs propres mesures \u00bb, a-t-il d\u00e9clar\u00e9. \u00ab Elles savent que l&rsquo;\u00e9conomie verte est bonne pour les affaires \u00bb.<\/p>\n<p>\u00ab Le train de la durabilit\u00e9 est en marche. Montez \u00e0 bord ou bien vous resterez sur le quai. Ceux qui ne feront pas le pari de l&rsquo;\u00e9conomie verte vivront dans un avenir gris \u00bb, a-t-il affirm\u00e9.<\/p>\n<p>Le chef de l&rsquo;ONU a pr\u00e9sent\u00e9 un programme d&rsquo;action en cinq points pour mobiliser le monde en faveur de l&rsquo;action climatique.<\/p>\n<p>Tout d&rsquo;abord, il a promis d&rsquo;intensifier les efforts politiques \u00e0 un haut niveau pour augmenter accro\u00eetre l&rsquo;action climatique destin\u00e9e \u00e0 limiter la hausse de la temp\u00e9rature bien au-dessous de 2 degr\u00e9s Celsius et le plus proche possible de 1,5 degr\u00e9.<\/p>\n<p>Deuxi\u00e8mement, M. Guterres a d\u00e9clar\u00e9 qu&rsquo;il mobiliserait toutes les capacit\u00e9s du syst\u00e8me de d\u00e9veloppement des Nations Unies en faveur de l&rsquo;action climatique et du Programme de d\u00e9veloppement durable \u00e0 l&rsquo;horizon 2030, notamment au niveau national.<\/p>\n<p>Troisi\u00e8mement, M. Guterres a dit qu&rsquo;il travaillerait avec les gouvernements et tous les principaux acteurs, y compris les industries du charbon, du p\u00e9trole et du gaz, pour acc\u00e9l\u00e9rer la transition vers l&rsquo;\u00e9nergie durable.<\/p>\n<p>Quatri\u00e8mement, il a promis de travailler avec les pays pour mobiliser les ressources nationales et internationales en faveur de l&rsquo;adaptation, de la r\u00e9silience et de la mise en \u0153uvre des plans d&rsquo;action nationaux pour le climat.<\/p>\n<p>Cinqui\u00e8mement, il a d\u00e9clar\u00e9 qu&rsquo;il encouragerait des partenariats nouveaux et renforc\u00e9s pour la mise en \u0153uvre de l&rsquo;Accord de Paris \u00e0 travers la coop\u00e9ration Nord-Sud, Sud-Sud et triangulaire.<\/p>\n<p>\u00ab Le changement climatique est ind\u00e9niable. L&rsquo;action climatique est imparable. Et les solutions climatiques offrent des opportunit\u00e9s incomparables \u00bb, a insist\u00e9 le chef de l&rsquo;ONU.<\/p>\n<p>\u00ab Aujourd&rsquo;hui, je demande \u00e0 tous les dirigeants gouvernementaux, les chefs d&rsquo;entreprises et les dirigeants de la soci\u00e9t\u00e9 civile de soutenir l&rsquo;action la plus ambitieuse sur le changement climatique au profit de cette g\u00e9n\u00e9ration et des g\u00e9n\u00e9rations \u00e0 venir \u00bb, a-t-il ajout\u00e9. \u00ab Si nous travaillons ensemble en tant que communaut\u00e9 mondiale, nous pouvons sortir plus forts, plus s\u00fbrs et plus prosp\u00e8res \u00bb.<\/p>\n","protected":false},"excerpt":{"rendered":"<p>30 mai 2017 \u2013 Le Secr\u00e9taire g\u00e9n\u00e9ral de l&rsquo;ONU, Ant\u00f3nio  [&#8230;]<\/p>\n","protected":false},"author":136,"featured_media":6721,"comment_status":"closed","ping_status":"closed","sticky":false,"template":"","format":"standard","meta":{"_et_pb_use_builder":"","_et_pb_old_content":"","_et_gb_content_width":"","footnotes":""},"categories":[16,5],"tags":[],"class_list":["post-6715","post","type-post","status-publish","format-standard","has-post-thumbnail","hentry","category-news","category-climate-change"],"_links":{"self":[{"href":"https:\/\/www.un.org\/sustainabledevelopment\/fr\/wp-json\/wp\/v2\/posts\/6715","targetHints":{"allow":["GET"]}}],"collection":[{"href":"https:\/\/www.un.org\/sustainabledevelopment\/fr\/wp-json\/wp\/v2\/posts"}],"about":[{"href":"https:\/\/www.un.org\/sustainabledevelopment\/fr\/wp-json\/wp\/v2\/types\/post"}],"author":[{"embeddable":true,"href":"https:\/\/www.un.org\/sustainabledevelopment\/fr\/wp-json\/wp\/v2\/users\/136"}],"replies":[{"embeddable":true,"href":"https:\/\/www.un.org\/sustainabledevelopment\/fr\/wp-json\/wp\/v2\/comments?post=6715"}],"version-history":[{"count":0,"href":"https:\/\/www.un.org\/sustainabledevelopment\/fr\/wp-json\/wp\/v2\/posts\/6715\/revisions"}],"wp:featuredmedia":[{"embeddable":true,"href":"https:\/\/www.un.org\/sustainabledevelopment\/fr\/wp-json\/wp\/v2\/media\/6721"}],"wp:attachment":[{"href":"https:\/\/www.un.org\/sustainabledevelopment\/fr\/wp-json\/wp\/v2\/media?parent=6715"}],"wp:term":[{"taxonomy":"category","embeddable":true,"href":"https:\/\/www.un.org\/sustainabledevelopment\/fr\/wp-json\/wp\/v2\/categories?post=6715"},{"taxonomy":"post_tag","embeddable":true,"href":"https:\/\/www.un.org\/sustainabledevelopment\/fr\/wp-json\/wp\/v2\/tags?post=6715"}],"curies":[{"name":"wp","href":"https:\/\/api.w.org\/{rel}","templated":true}]}}