  {"id":6655,"date":"2017-05-21T14:14:23","date_gmt":"2017-05-21T18:14:23","guid":{"rendered":"http:\/\/www.un.org\/sustainabledevelopment\/fr\/?p=6655"},"modified":"2017-11-13T12:32:07","modified_gmt":"2017-11-13T17:32:07","slug":"la-realisation-des-objectifs-de-developpement-durable-passe-par-la-protection-de-la-diversite-culturelle-selon-lunesco","status":"publish","type":"post","link":"https:\/\/www.un.org\/sustainabledevelopment\/fr\/2017\/05\/21\/la-realisation-des-objectifs-de-developpement-durable-passe-par-la-protection-de-la-diversite-culturelle-selon-lunesco\/","title":{"rendered":"La r\u00e9alisation des Objectifs de d\u00e9veloppement durable passe par la protection de la diversit\u00e9 culturelle, selon l&rsquo;±¬ÁÏÍøESCO"},"content":{"rendered":"<p>21 mai 2017 \u2013 A l&rsquo;occasion de la <a href=\"https:\/\/www.un.org\/fr\/events\/culturaldiversityday\/\">Journ\u00e9e mondiale de la diversit\u00e9 culturelle pour le dialogue et le d\u00e9veloppement<\/a>, la Directrice g\u00e9n\u00e9rale de l&rsquo;Organisation des Nations Unies pour l&rsquo;\u00e9ducation, la science et la culture (<a href=\"http:\/\/www.unesco.org\/new\/fr\/unesco\/\">±¬ÁÏÍøESCO<\/a>), Irina Bokova, a appel\u00e9 dimanche \u00e0 faire des <a href=\"https:\/\/www.un.org\/sustainabledevelopment\/fr\/objectifs-de-developpement-durable\/\">Objectifs de d\u00e9veloppement durable (ODD)<\/a> une r\u00e9alit\u00e9 et \u00e0 r\u00e9sister aux menaces qui p\u00e8sent sur notre diversit\u00e9 culturelle.<\/p>\n<p>\u00ab Dans le monde entier, les extr\u00e9mistes violents ont pris des minorit\u00e9s culturelles pour cible et d\u00e9truit notre patrimoine commun, afin d&rsquo;affaiblir les liens fondamentaux des peuples avec leur histoire \u00bb, a d\u00e9plor\u00e9 Mme Bokova dans un message publi\u00e9 \u00e0 l&rsquo;occasion de la Journ\u00e9e. \u00ab \u00c0 un autre niveau, l&rsquo;urbanisation sauvage menace nos villes d&rsquo;uniformisation, en appauvrissant leur diversit\u00e9 sociale et leurs identit\u00e9s \u00bb.<\/p>\n<p>C\u00e9l\u00e9br\u00e9e chaque 21 mai, la Journ\u00e9e mondiale de la diversit\u00e9 culturelle pour le dialogue et le d\u00e9veloppement est l&rsquo;occasion de c\u00e9l\u00e9brer les bienfaits consid\u00e9rables de la diversit\u00e9 culturelle, notamment le riche patrimoine immat\u00e9riel de l&rsquo;humanit\u00e9, et de r\u00e9affirmer l&rsquo;engagement des femmes et des hommes \u00e0 b\u00e2tir un monde plus pacifique, fond\u00e9 sur les valeurs de la compr\u00e9hension mutuelle et du dialogue entre les cultures.<\/p>\n<p>Faisant un parall\u00e8le avec la diversit\u00e9 naturelle qui \u00ab est indispensable au maintien des \u00e9cosyst\u00e8mes \u00bb, la Directrice g\u00e9n\u00e9rale a rappel\u00e9 que la diversit\u00e9 culturelle est un \u00e9l\u00e9ment essentiel des soci\u00e9t\u00e9s dynamiques.<\/p>\n<p>\u00ab La diversit\u00e9 culturelle introduit des id\u00e9es et des perspectives nouvelles qui enrichissent notre existence \u00e0 d&rsquo;innombrables \u00e9gards, nous permettent de cro\u00eetre et de nous \u00e9panouir ensemble \u00bb, a soulign\u00e9 Mme Bokova. \u00ab Une salle de classe diverse sur le plan culturel est non seulement plus inclusive, mais elle encourage aussi l&rsquo;apprentissage et la r\u00e9ussite des \u00e9l\u00e8ves \u00bb, a-t-elle ajout\u00e9.<\/p>\n<p>Les avantages de la diversit\u00e9 culturelle ne se limitent pas au cadre scolaire. Ils sont \u00e9galement visibles dans le monde du travail. La chef de l&rsquo;±¬ÁÏÍøESCO a ainsi soulign\u00e9 qu&rsquo;un cadre de travail multiculturel est non seulement plus innovant, mais est aussi plus productif et plus rentable \u00e9conomiquement.<\/p>\n<p>\u00ab En adoptant le <a href=\"https:\/\/www.un.org\/sustainabledevelopment\/fr\/development-agenda\/\">Programme de d\u00e9veloppement durable \u00e0 l&rsquo;horizon 2030<\/a>, la communaut\u00e9 internationale a reconnu le r\u00f4le essentiel de la culture comme moteur du changement et du d\u00e9veloppement \u00bb, a rappel\u00e9 Mme Bokova.<\/p>\n<p>L&rsquo;±¬ÁÏÍøESCO dispose \u00e0 ce jour de <a href=\"http:\/\/fr.unesco.org\/themes\/prot%C3%A9ger-notre-patrimoine-et-favoriser-la-cr%C3%A9ativit%C3%A9\">sept conventions culturelles<\/a> qui favorisent la promotion de la diversit\u00e9 culturelle en affirmant son atout indispensable pour \u00e9liminer la pauvret\u00e9 et pour r\u00e9aliser le d\u00e9veloppement durable.<\/p>\n<p>\u00ab \u00c0 moins d&rsquo;exploiter la puissance et le potentiel cr\u00e9atif que rec\u00e8lent les diff\u00e9rentes cultures de l&rsquo;humanit\u00e9 et d&rsquo;engager un dialogue permanent pour veiller \u00e0 ce que tous les membres de la soci\u00e9t\u00e9 b\u00e9n\u00e9ficient des avantages du d\u00e9veloppement, il sera impossible d&rsquo;atteindre ces 17 objectifs \u00bb, a pr\u00e9venu la Directrice g\u00e9n\u00e9rale.<\/p>\n<p>\u00ab L&rsquo;injustice, o\u00f9 qu&rsquo;elle se produise, menace la justice partout ailleurs. Nous sommes pris dans un r\u00e9seau in\u00e9luctable de relations mutuelles tiss\u00e9 dans une destin\u00e9e commune \u00bb, a d\u00e9clar\u00e9 Mme Bokova, citant le pasteur am\u00e9ricain et figure historique du mouvement des droits civiques, Martin Luther King Jr.<\/p>\n<p>\u00ab Dans cet esprit, je suis convaincue que nous avons besoin d&rsquo;un nouvel humanisme pour le XXIe si\u00e8cle, afin d&rsquo;insuffler une vigueur nouvelle aux aspirations fondamentales envers la justice, la compr\u00e9hension mutuelle et la dignit\u00e9 qui guident toutes les femmes et tous les hommes \u00bb, a-t-elle ajout\u00e9.<\/p>\n<p>En se fondant sur les droits de l&rsquo;homme, l&rsquo;±¬ÁÏÍøESCO estime que les diff\u00e9rences et la diversit\u00e9 rendent les femmes et les hommes plus forts et que le respect de la diversit\u00e9 culturelle est essentiel pour favoriser le dialogue interculturel, le d\u00e9veloppement durable et la paix. \u00ab En acceptant notre diversit\u00e9 culturelle, nous pouvons \u00ab tisser \u00bb pour nous tous un destin encore plus prometteur \u00bb, a conclu Mme Bokova.<\/p>\n","protected":false},"excerpt":{"rendered":"<p>21 mai 2017 \u2013 A l&rsquo;occasion de la Journ\u00e9e mondiale  [&#8230;]<\/p>\n","protected":false},"author":136,"featured_media":6667,"comment_status":"closed","ping_status":"closed","sticky":false,"template":"","format":"standard","meta":{"_et_pb_use_builder":"","_et_pb_old_content":"","_et_gb_content_width":"","footnotes":""},"categories":[16,46],"tags":[],"class_list":["post-6655","post","type-post","status-publish","format-standard","has-post-thumbnail","hentry","category-news","category-objectifs-de-developpement-durable"],"_links":{"self":[{"href":"https:\/\/www.un.org\/sustainabledevelopment\/fr\/wp-json\/wp\/v2\/posts\/6655","targetHints":{"allow":["GET"]}}],"collection":[{"href":"https:\/\/www.un.org\/sustainabledevelopment\/fr\/wp-json\/wp\/v2\/posts"}],"about":[{"href":"https:\/\/www.un.org\/sustainabledevelopment\/fr\/wp-json\/wp\/v2\/types\/post"}],"author":[{"embeddable":true,"href":"https:\/\/www.un.org\/sustainabledevelopment\/fr\/wp-json\/wp\/v2\/users\/136"}],"replies":[{"embeddable":true,"href":"https:\/\/www.un.org\/sustainabledevelopment\/fr\/wp-json\/wp\/v2\/comments?post=6655"}],"version-history":[{"count":0,"href":"https:\/\/www.un.org\/sustainabledevelopment\/fr\/wp-json\/wp\/v2\/posts\/6655\/revisions"}],"wp:featuredmedia":[{"embeddable":true,"href":"https:\/\/www.un.org\/sustainabledevelopment\/fr\/wp-json\/wp\/v2\/media\/6667"}],"wp:attachment":[{"href":"https:\/\/www.un.org\/sustainabledevelopment\/fr\/wp-json\/wp\/v2\/media?parent=6655"}],"wp:term":[{"taxonomy":"category","embeddable":true,"href":"https:\/\/www.un.org\/sustainabledevelopment\/fr\/wp-json\/wp\/v2\/categories?post=6655"},{"taxonomy":"post_tag","embeddable":true,"href":"https:\/\/www.un.org\/sustainabledevelopment\/fr\/wp-json\/wp\/v2\/tags?post=6655"}],"curies":[{"name":"wp","href":"https:\/\/api.w.org\/{rel}","templated":true}]}}