  {"id":6619,"date":"2017-05-08T12:46:18","date_gmt":"2017-05-08T16:46:18","guid":{"rendered":"http:\/\/www.un.org\/sustainabledevelopment\/fr\/?p=6619"},"modified":"2017-11-13T12:32:10","modified_gmt":"2017-11-13T17:32:10","slug":"la-vice-secretaire-generale-appelle-a-faire-de-lelimination-de-la-pauvrete-un-objectif-de-lensemble-de-lonu","status":"publish","type":"post","link":"https:\/\/www.un.org\/sustainabledevelopment\/fr\/2017\/05\/08\/la-vice-secretaire-generale-appelle-a-faire-de-lelimination-de-la-pauvrete-un-objectif-de-lensemble-de-lonu\/","title":{"rendered":"La Vice-Secr\u00e9taire g\u00e9n\u00e9rale appelle \u00e0 faire de l&rsquo;\u00e9limination de la pauvret\u00e9 un objectif de l&rsquo;ensemble de l&rsquo;ONU"},"content":{"rendered":"<p>8 mai 2017 \u2013 A l&rsquo;occasion d&rsquo;une r\u00e9union du Conseil \u00e9conomique et social (ECOSOC) des Nations Unies, la Vice-Secr\u00e9taire g\u00e9n\u00e9rale de l&rsquo;ONU, Amina Mohammed, a appel\u00e9 lundi \u00e0 faire de l&rsquo;\u00e9limination de la pauvret\u00e9 un objectif int\u00e9gr\u00e9 dans l&rsquo;ensemble du syst\u00e8me des Nations Unies.<\/p>\n<p>D&rsquo;apr\u00e8s elle, \u00e9liminer la pauvret\u00e9 sous toutes ses formes et partout reste le grand d\u00e9fi actuel, car une personne sur huit vit dans le monde avec moins de deux dollars par jour. De plus en plus, la pauvret\u00e9 se concentre dans certaines r\u00e9gions, a-t-elle not\u00e9.<\/p>\n<p>Selon elle, il faut reconna\u00eetre la nature multidimensionnelle de la pauvret\u00e9. \u00ab Lutter contre la pauvret\u00e9, les in\u00e9galit\u00e9s, les changements climatiques, l&rsquo;ins\u00e9curit\u00e9 alimentaire et une \u00e9conomie impr\u00e9visible exige des approches int\u00e9gr\u00e9es \u00bb, a-t-elle dit.<\/p>\n<p>Il faut s&rsquo;attaquer aux causes premi\u00e8res de la pauvret\u00e9 avec des investissements sur une grande \u00e9chelle, a plaid\u00e9 la Vice-Secr\u00e9taire g\u00e9n\u00e9rale.<\/p>\n<p>\u00ab Notre ambition doit \u00eatre \u00e0 la hauteur des ambitions du Programme \u00e0 l&rsquo;horizon 2030 \u00bb si l&rsquo;on veut parvenir \u00e0 des changements dans la vie quotidienne des populations et ne laisser personne de c\u00f4t\u00e9, a ajout\u00e9 Mme Mohammed.<\/p>\n<p>De son c\u00f4t\u00e9, le Pr\u00e9sident par int\u00e9rim de l&rsquo;Assembl\u00e9e g\u00e9n\u00e9rale, Masud Bin Momen, qui s&rsquo;exprimait au nom du Pr\u00e9sident de l&rsquo;Assembl\u00e9e g\u00e9n\u00e9rale, Peter Thomson, a constat\u00e9 que si des progr\u00e8s ont \u00e9t\u00e9 r\u00e9alis\u00e9s pour lutter contre la pauvret\u00e9 et l&rsquo;extr\u00eame pauvret\u00e9, le succ\u00e8s de ces initiatives n&rsquo;a pas \u00e9t\u00e9 partag\u00e9 \u00e0 travers le monde.<\/p>\n<p>Plus de la moiti\u00e9 des 700 millions de personnes vivant dans l&rsquo;extr\u00eame pauvret\u00e9 se trouvent ainsi en Afrique subsaharienne.<\/p>\n<p>M. Bin Momen a jug\u00e9 essentiel que les politiques et les strat\u00e9gies de l&rsquo;ONU soient mieux en mesure d&rsquo;appuyer les initiatives en mati\u00e8re d&rsquo;\u00e9limination de la pauvret\u00e9. Pour cela, a-t-il soulign\u00e9, il faut avoir une d\u00e9marche transversale de r\u00e9alisation des objectifs de d\u00e9veloppement durable. Il faut donc faire de l&rsquo;\u00e9limination de la pauvret\u00e9 \u00ab un objectif partout dans toutes les activit\u00e9s de l&rsquo;ONU \u00bb.<\/p>\n<p>Selon lui, il faut \u00e9galement reconna\u00eetre l&rsquo;importance de la p\u00e9rennisation de la paix pour cr\u00e9er des conditions propices \u00e0 l&rsquo;\u00e9limination de la pauvret\u00e9. Il a insist\u00e9 sur l&rsquo;importance de nouer des partenariats participatifs qui rassemblent les acteurs \u00e0 tous les niveaux de la soci\u00e9t\u00e9 civile, du secteur priv\u00e9, des communaut\u00e9s, des institutions financi\u00e8res, et fassent participer, en particulier, les jeunes, les filles, les personnes \u00e2g\u00e9es et les minorit\u00e9s.<\/p>\n<p>M. Bin Momen a recommand\u00e9 de veiller \u00e0 ce que le syst\u00e8me de d\u00e9veloppement de l&rsquo;ONU puisse atteindre ses objectifs. \u00c0 cet \u00e9gard, \u00ab la r\u00e9forme du Secr\u00e9taire g\u00e9n\u00e9ral est une occasion sans pareil de relever tous les d\u00e9fis de fa\u00e7on int\u00e9gr\u00e9e \u00bb, a-t-il conclu.<\/p>\n","protected":false},"excerpt":{"rendered":"<p>8 mai 2017 \u2013 A l&rsquo;occasion d&rsquo;une r\u00e9union du Conseil  [&#8230;]<\/p>\n","protected":false},"author":136,"featured_media":6640,"comment_status":"closed","ping_status":"closed","sticky":false,"template":"","format":"standard","meta":{"_et_pb_use_builder":"","_et_pb_old_content":"","_et_gb_content_width":"","footnotes":""},"categories":[16,20],"tags":[],"class_list":["post-6619","post","type-post","status-publish","format-standard","has-post-thumbnail","hentry","category-news","category-poverty"],"_links":{"self":[{"href":"https:\/\/www.un.org\/sustainabledevelopment\/fr\/wp-json\/wp\/v2\/posts\/6619","targetHints":{"allow":["GET"]}}],"collection":[{"href":"https:\/\/www.un.org\/sustainabledevelopment\/fr\/wp-json\/wp\/v2\/posts"}],"about":[{"href":"https:\/\/www.un.org\/sustainabledevelopment\/fr\/wp-json\/wp\/v2\/types\/post"}],"author":[{"embeddable":true,"href":"https:\/\/www.un.org\/sustainabledevelopment\/fr\/wp-json\/wp\/v2\/users\/136"}],"replies":[{"embeddable":true,"href":"https:\/\/www.un.org\/sustainabledevelopment\/fr\/wp-json\/wp\/v2\/comments?post=6619"}],"version-history":[{"count":0,"href":"https:\/\/www.un.org\/sustainabledevelopment\/fr\/wp-json\/wp\/v2\/posts\/6619\/revisions"}],"wp:featuredmedia":[{"embeddable":true,"href":"https:\/\/www.un.org\/sustainabledevelopment\/fr\/wp-json\/wp\/v2\/media\/6640"}],"wp:attachment":[{"href":"https:\/\/www.un.org\/sustainabledevelopment\/fr\/wp-json\/wp\/v2\/media?parent=6619"}],"wp:term":[{"taxonomy":"category","embeddable":true,"href":"https:\/\/www.un.org\/sustainabledevelopment\/fr\/wp-json\/wp\/v2\/categories?post=6619"},{"taxonomy":"post_tag","embeddable":true,"href":"https:\/\/www.un.org\/sustainabledevelopment\/fr\/wp-json\/wp\/v2\/tags?post=6619"}],"curies":[{"name":"wp","href":"https:\/\/api.w.org\/{rel}","templated":true}]}}