  {"id":6116,"date":"2017-03-26T14:54:25","date_gmt":"2017-03-26T18:54:25","guid":{"rendered":"http:\/\/www.un.org\/sustainabledevelopment\/fr\/?p=6116"},"modified":"2017-11-13T12:32:31","modified_gmt":"2017-11-13T17:32:31","slug":"le-siege-de-lonu-dans-le-noir-pendant-une-heure-pour-attirer-lattention-sur-les-problemes-de-la-planete","status":"publish","type":"post","link":"https:\/\/www.un.org\/sustainabledevelopment\/fr\/2017\/03\/26\/le-siege-de-lonu-dans-le-noir-pendant-une-heure-pour-attirer-lattention-sur-les-problemes-de-la-planete\/","title":{"rendered":"Le Si\u00e8ge de l&rsquo;ONU dans le noir pendant une heure pour attirer l&rsquo;attention sur les probl\u00e8mes de la plan\u00e8te"},"content":{"rendered":"<p>A l&rsquo;occasion du dixi\u00e8me \u00e9v\u00e9nement mondial intitul\u00e9 L&rsquo;Heure de la Terre, l&rsquo;ONU a \u00e9teint samedi soir les lumi\u00e8res de son Si\u00e8ge \u00e0 New York et de plusieurs de ses installations dans le monde afin de souligner les probl\u00e8mes de la plan\u00e8te et encourager des millions de personnes \u00e0 vivre plus durablement.<\/p>\n<p>\u00ab Le changement climatique continue de mettre en p\u00e9ril les vies et les moyens de subsistance dans le monde. L&rsquo;ann\u00e9e derni\u00e8re a \u00e9t\u00e9 &#8211; encore une fois &#8211; la plus chaude jamais enregistr\u00e9e. L&rsquo;Accord de Paris historique nous donne une occasion sans pr\u00e9c\u00e9dent de limiter l&rsquo;augmentation de la temp\u00e9rature mondiale, de promouvoir l&rsquo;\u00e9nergie propre pour tous et de cr\u00e9er un avenir durable \u00bb, a d\u00e9clar\u00e9 le <a href=\"https:\/\/www.un.org\/sg\/fr\">Secr\u00e9taire g\u00e9n\u00e9ral<\/a> de l&rsquo;ONU, Ant\u00f3nio Guterres, dans un message vid\u00e9o.<\/p>\n<p>Si les gouvernements et les entreprises doivent faire plus en faveur d&rsquo;une \u00e9nergie propre, les individus sont \u00e9galement appel\u00e9s \u00e0 faire davantage. Construire un avenir durable d\u00e9pend aujourd&rsquo;hui de chacun, a d\u00e9clar\u00e9 le chef de l&rsquo;ONU, demandant au monde de se joindre \u00e0 lui pour \u00e9teindre leurs lumi\u00e8res samedi soir \u00e0 20h30 (heure locale). \u00ab De l&rsquo;obscurit\u00e9, nous pouvons cr\u00e9er un monde durable et inclusif pour tous \u00bb, a-t-il dit.<\/p>\n<p>Organis\u00e9 par le Fonds mondial pour la nature (WWF), l&rsquo;Heure de la Terre encourage les individus, les entreprises, les organisations et les gouvernements \u00e0 \u00e9teindre leurs lumi\u00e8res pendant une heure \u00e0 20h30, \u00e0 l&rsquo;heure locale dans le monde entier, pour attirer l&rsquo;attention sur les solutions ax\u00e9es sur la protection de la plan\u00e8te et la construction d&rsquo;un avenir brillant et durable. Lanc\u00e9 pour la premi\u00e8re fois en 2007 en Australie, l&rsquo;Heure de la Terre est devenue un \u00e9v\u00e9nement annuel, mobilisant la participation de centaines de millions d&rsquo;individus et repr\u00e9sente aujourd&rsquo;hui le plus grand mouvement de base pour l&rsquo;environnement.<\/p>\n<p>Selon le WWF, la famille des Nations Unies se joindra aux milliers de maisons, de bureaux, de gratte-ciels et de monuments qui vont entrer dans le noir \u00e0 l&rsquo;occasion du dixi\u00e8me anniversaire de l&rsquo;Heure de la Terre pour mettre les projecteurs sur les probl\u00e8mes de la plan\u00e8te et inspirer des millions de personnes \u00e0 vivre plus durablement.<\/p>\n<p>Des centaines de points de rep\u00e8re &#8211; de New York \u00e0 l&rsquo;Ouganda et de la Su\u00e8de \u00e0 la Malaisie &#8211; sont confirm\u00e9s et s&rsquo;\u00e9teindront la nuit de l&rsquo;Heure de la Terre, y compris des sites embl\u00e9matiques tels que la Tour Eiffel \u00e0 Paris, l&rsquo;Empire State Building \u00e0 New York ou l&rsquo;Acropole \u00e0 Ath\u00e8nes.<\/p>\n<p>Pour inspirer plus de gens \u00e0 agir, cette ann\u00e9e, le mouvement de l&rsquo;Heure de la Terre invite \u00e9galement les supporters \u00e0 montrer leur engagement envers la cause sur leurs pages Facebook, au moment o\u00f9 les lumi\u00e8res s&rsquo;\u00e9teignent sur les gratte-ciels. Les gens du monde entier peuvent se connecter sur earthhour.org\/climateaction pour faire don de cinq messages Facebook \u00e0 l&rsquo;Heure de la Terre et encourager leurs amis \u00e0 faire partie des efforts climatiques locaux.<\/p>\n<p>Ils peuvent \u00e9galement utiliser une nouvelle image de profil Facebook disponible sur www.facebook.com\/earthhour pour c\u00e9l\u00e9brer l&rsquo;Heure de la Terre sur leur propre page personnelle Facebook.<\/p>\n","protected":false},"excerpt":{"rendered":"<p>A l&rsquo;occasion du dixi\u00e8me \u00e9v\u00e9nement mondial intitul\u00e9 L&rsquo;Heure de la  [&#8230;]<\/p>\n","protected":false},"author":136,"featured_media":6120,"comment_status":"closed","ping_status":"closed","sticky":false,"template":"","format":"standard","meta":{"_et_pb_use_builder":"","_et_pb_old_content":"","_et_gb_content_width":"","footnotes":""},"categories":[5],"tags":[],"class_list":["post-6116","post","type-post","status-publish","format-standard","has-post-thumbnail","hentry","category-climate-change"],"_links":{"self":[{"href":"https:\/\/www.un.org\/sustainabledevelopment\/fr\/wp-json\/wp\/v2\/posts\/6116","targetHints":{"allow":["GET"]}}],"collection":[{"href":"https:\/\/www.un.org\/sustainabledevelopment\/fr\/wp-json\/wp\/v2\/posts"}],"about":[{"href":"https:\/\/www.un.org\/sustainabledevelopment\/fr\/wp-json\/wp\/v2\/types\/post"}],"author":[{"embeddable":true,"href":"https:\/\/www.un.org\/sustainabledevelopment\/fr\/wp-json\/wp\/v2\/users\/136"}],"replies":[{"embeddable":true,"href":"https:\/\/www.un.org\/sustainabledevelopment\/fr\/wp-json\/wp\/v2\/comments?post=6116"}],"version-history":[{"count":0,"href":"https:\/\/www.un.org\/sustainabledevelopment\/fr\/wp-json\/wp\/v2\/posts\/6116\/revisions"}],"wp:featuredmedia":[{"embeddable":true,"href":"https:\/\/www.un.org\/sustainabledevelopment\/fr\/wp-json\/wp\/v2\/media\/6120"}],"wp:attachment":[{"href":"https:\/\/www.un.org\/sustainabledevelopment\/fr\/wp-json\/wp\/v2\/media?parent=6116"}],"wp:term":[{"taxonomy":"category","embeddable":true,"href":"https:\/\/www.un.org\/sustainabledevelopment\/fr\/wp-json\/wp\/v2\/categories?post=6116"},{"taxonomy":"post_tag","embeddable":true,"href":"https:\/\/www.un.org\/sustainabledevelopment\/fr\/wp-json\/wp\/v2\/tags?post=6116"}],"curies":[{"name":"wp","href":"https:\/\/api.w.org\/{rel}","templated":true}]}}