  {"id":6100,"date":"2017-03-23T14:52:02","date_gmt":"2017-03-23T18:52:02","guid":{"rendered":"http:\/\/www.un.org\/sustainabledevelopment\/fr\/?p=6100"},"modified":"2017-11-13T12:32:32","modified_gmt":"2017-11-13T17:32:32","slug":"la-lutte-contre-le-changement-climatique-est-une-necessite-affirme-le-chef-de-lonu","status":"publish","type":"post","link":"https:\/\/www.un.org\/sustainabledevelopment\/fr\/2017\/03\/23\/la-lutte-contre-le-changement-climatique-est-une-necessite-affirme-le-chef-de-lonu\/","title":{"rendered":"La lutte contre le changement climatique est une n\u00e9cessit\u00e9, affirme le chef de l&rsquo;ONU"},"content":{"rendered":"<p>Le <a href=\"https:\/\/www.un.org\/sg\/fr\">Secr\u00e9taire g\u00e9n\u00e9ral<\/a> de l&rsquo;ONU, Ant\u00f3nio Guterres, a insist\u00e9 jeudi sur la menace que repr\u00e9sente le changement climatique pour la plan\u00e8te et la n\u00e9cessit\u00e9 pour la communaut\u00e9 internationale de lutter contre cette menace.<\/p>\n<p>\u00ab Le changement climatique est une menace sans pr\u00e9c\u00e9dent et croissante &#8211; pour la paix et la prosp\u00e9rit\u00e9 et aussi pour les Objectifs de d\u00e9veloppement durable (ODD) \u00bb, a d\u00e9clar\u00e9 M. Guterres lors d&rsquo;une r\u00e9union de haut niveau sur le changement climatique et le Programme de d\u00e9veloppement durable \u00e0 l&rsquo;horizon 2030, au si\u00e8ge de l&rsquo;ONU \u00e0 New York.<\/p>\n<p>\u00ab Les concentrations atmosph\u00e9riques de dioxyde de carbone continuent d&rsquo;augmenter. Elles d\u00e9passent maintenant le seuil critique de 400 parties par million. L&rsquo;ann\u00e9e derni\u00e8re a \u00e9t\u00e9 une fois de plus la plus chaude jamais enregistr\u00e9e. La d\u00e9cennie pass\u00e9e a \u00e9galement \u00e9t\u00e9 la plus chaude jamais enregistr\u00e9e. La banquise est \u00e0 un niveau historiquement bas. Le niveau de la mer est \u00e0 un niveau historiquement \u00e9lev\u00e9 \u00bb, a-t-il ajout\u00e9.<\/p>\n<p>Selon le chef de l&rsquo;ONU, cette tendance est incontestable. \u00ab Il n&rsquo;y a plus de doute. L&rsquo;activit\u00e9 humaine provoque un r\u00e9chauffement plan\u00e9taire dangereux. Ce n&rsquo;est pas une question d&rsquo;opinion. Les scientifiques du monde entier tirent la sonnette d&rsquo;alarme depuis des ann\u00e9es. Leur travail a \u00e9t\u00e9 revu et approuv\u00e9 par tous les gouvernements du monde \u00e0 travers le Groupe intergouvernemental d&rsquo;experts sur le changement climatique \u00bb, a-t-il soulign\u00e9.<\/p>\n<p>Selon lui, il est clair qu&rsquo;il faut agir. \u00ab L&rsquo;action a \u00e9t\u00e9 lente, mais il y a un peu plus d&rsquo;un an, \u00e0 Paris, le monde a agi de mani\u00e8re d\u00e9cisive. L&rsquo;Accord de Paris sur le changement climatique est unique en son universalit\u00e9. Chaque gouvernement l&rsquo;a sign\u00e9 \u00bb, a-t-il not\u00e9.<\/p>\n<p>Cet accord adopt\u00e9 en d\u00e9cembre 2015 est entr\u00e9 en vigueur moins d&rsquo;un an apr\u00e8s. \u00c0 ce jour, plus de 130 parties l&rsquo;ont ratifi\u00e9 et \u00ab ce chiffre augmente chaque mois \u00bb.<\/p>\n<p>\u00ab Les Nations Unies s&rsquo;engagent \u00e0 aider tous les \u00c9tats membres \u00e0 mettre en \u0153uvre l&rsquo;Accord de Paris et le Programme 2030 \u00bb, a d\u00e9clar\u00e9 M. Guterres. \u00ab L&rsquo;action climatique est une n\u00e9cessit\u00e9. C&rsquo;est aussi une occasion claire de faire progresser tous nos efforts pour atteindre les objectifs de d\u00e9veloppement durable \u00bb.<\/p>\n<p>Le Pr\u00e9sident de l&rsquo;Assembl\u00e9e g\u00e9n\u00e9rale des Nations Unies, Peter Thomson, a soulign\u00e9 de son c\u00f4t\u00e9 que l&rsquo;Organisation m\u00e9t\u00e9orologique mondiale (OMM) a confirm\u00e9 que le monde se dirigeait actuellement vers une hausse de 3 \u00e0 4 degr\u00e9s Celsius des temp\u00e9ratures mondiales.<\/p>\n<p>\u00ab L&rsquo;Organisation m\u00e9t\u00e9orologique mondiale a d\u00e9clar\u00e9 qu&rsquo;avec des mesures ambitieuses et urgentes, il serait possible de limiter les temp\u00e9ratures mondiales en dessous des seuils les plus dangereux. Mais cela exigera une pens\u00e9e novatrice, de la pers\u00e9v\u00e9rance et une volont\u00e9 ferme de r\u00e9ussir de la part de nous tous \u00bb, a dit M. Thomson lors de la r\u00e9union de haut niveau.<\/p>\n<p>\u00ab Cela exige \u00e9galement que nous soyons tenus responsables de nos actes et que nous respections nos engagements \u00bb, a-t-il conclu.<\/p>\n","protected":false},"excerpt":{"rendered":"<p>Le Secr\u00e9taire g\u00e9n\u00e9ral de l&rsquo;ONU, Ant\u00f3nio Guterres, a insist\u00e9 jeudi  [&#8230;]<\/p>\n","protected":false},"author":136,"featured_media":6104,"comment_status":"closed","ping_status":"closed","sticky":false,"template":"","format":"standard","meta":{"_et_pb_use_builder":"","_et_pb_old_content":"","_et_gb_content_width":"","footnotes":""},"categories":[5],"tags":[],"class_list":["post-6100","post","type-post","status-publish","format-standard","has-post-thumbnail","hentry","category-climate-change"],"_links":{"self":[{"href":"https:\/\/www.un.org\/sustainabledevelopment\/fr\/wp-json\/wp\/v2\/posts\/6100","targetHints":{"allow":["GET"]}}],"collection":[{"href":"https:\/\/www.un.org\/sustainabledevelopment\/fr\/wp-json\/wp\/v2\/posts"}],"about":[{"href":"https:\/\/www.un.org\/sustainabledevelopment\/fr\/wp-json\/wp\/v2\/types\/post"}],"author":[{"embeddable":true,"href":"https:\/\/www.un.org\/sustainabledevelopment\/fr\/wp-json\/wp\/v2\/users\/136"}],"replies":[{"embeddable":true,"href":"https:\/\/www.un.org\/sustainabledevelopment\/fr\/wp-json\/wp\/v2\/comments?post=6100"}],"version-history":[{"count":0,"href":"https:\/\/www.un.org\/sustainabledevelopment\/fr\/wp-json\/wp\/v2\/posts\/6100\/revisions"}],"wp:featuredmedia":[{"embeddable":true,"href":"https:\/\/www.un.org\/sustainabledevelopment\/fr\/wp-json\/wp\/v2\/media\/6104"}],"wp:attachment":[{"href":"https:\/\/www.un.org\/sustainabledevelopment\/fr\/wp-json\/wp\/v2\/media?parent=6100"}],"wp:term":[{"taxonomy":"category","embeddable":true,"href":"https:\/\/www.un.org\/sustainabledevelopment\/fr\/wp-json\/wp\/v2\/categories?post=6100"},{"taxonomy":"post_tag","embeddable":true,"href":"https:\/\/www.un.org\/sustainabledevelopment\/fr\/wp-json\/wp\/v2\/tags?post=6100"}],"curies":[{"name":"wp","href":"https:\/\/api.w.org\/{rel}","templated":true}]}}