  {"id":6092,"date":"2017-03-23T14:50:50","date_gmt":"2017-03-23T18:50:50","guid":{"rendered":"http:\/\/www.un.org\/sustainabledevelopment\/fr\/?p=6092"},"modified":"2017-11-13T12:32:32","modified_gmt":"2017-11-13T17:32:32","slug":"journee-meteorologique-mondiale-lonu-souligne-limportance-de-comprendre-les-nuages","status":"publish","type":"post","link":"https:\/\/www.un.org\/sustainabledevelopment\/fr\/2017\/03\/23\/journee-meteorologique-mondiale-lonu-souligne-limportance-de-comprendre-les-nuages\/","title":{"rendered":"Journ\u00e9e m\u00e9t\u00e9orologique mondiale : l&rsquo;ONU souligne l&rsquo;importance de comprendre les nuages"},"content":{"rendered":"<p>A l&rsquo;occasion de la Journ\u00e9e m\u00e9t\u00e9orologique mondiale qui est c\u00e9l\u00e9br\u00e9e chaque ann\u00e9e le 23 mars, l&rsquo;Organisation m\u00e9t\u00e9orologique mondiale (OMM) a soulign\u00e9 jeudi combien il est important de comprendre les nuages et leur influence sur le climat et les ressources en eau.<\/p>\n<p>\u00ab De nos jours, les scientifiques savent que les nuages jouent un r\u00f4le d\u00e9cisif dans l&rsquo;\u00e9quilibre \u00e9nerg\u00e9tique, le climat et les conditions m\u00e9t\u00e9orologiques de notre plan\u00e8te \u00bb, a d\u00e9clar\u00e9 le <a href=\"https:\/\/www.un.org\/sg\/fr\">Secr\u00e9taire g\u00e9n\u00e9ral<\/a> de l&rsquo;OMM, Petteri Taalas, dans un message.<\/p>\n<p>\u00ab Les nuages contribuent au cycle de l&rsquo;eau et au syst\u00e8me climatique dans son ensemble. Il est donc capital de les comprendre pour pr\u00e9voir les conditions m\u00e9t\u00e9orologiques, mod\u00e9liser les effets des changements climatiques \u00e0 venir et \u00e9valuer les ressources d&rsquo;eau disponibles \u00bb, a-t-il ajout\u00e9.<\/p>\n<p>Selon le chef de l&rsquo;OMM, au fil des si\u00e8cles, peu de ph\u00e9nom\u00e8nes naturels ont autant stimul\u00e9 la r\u00e9flexion scientifique et l&rsquo;inspiration artistique que les nuages. \u00ab Il y a plus de deux mill\u00e9naires, Aristote les a \u00e9tudi\u00e9s et a consacr\u00e9 une partie d&rsquo;un trait\u00e9 \u00e0 leur r\u00f4le dans le cycle de l&rsquo;eau \u00bb, a-t-il not\u00e9.<\/p>\n<p>&lsquo;Comprendre les nuages&rsquo; est, cette ann\u00e9e, le th\u00e8me de la Journ\u00e9e m\u00e9t\u00e9orologique mondiale, qui comm\u00e9more l&rsquo;entr\u00e9e en vigueur, en 1950, de la Convention portant cr\u00e9ation de l&rsquo;OMM et souligne la contribution capitale qu&rsquo;apportent les Services m\u00e9t\u00e9orologiques et hydrologiques nationaux \u00e0 la s\u00e9curit\u00e9 et au bien-\u00eatre de la soci\u00e9t\u00e9.<\/p>\n<p>L&rsquo;OMM vient de publier la nouvelle \u00e9dition num\u00e9rique de l&rsquo;Atlas international des nuages \u2013 r\u00e9f\u00e9rence mondiale pour l&rsquo;observation et l&rsquo;identification des nuages, ces m\u00e9t\u00e9ores qui d\u00e9terminent le temps qu&rsquo;il fait ainsi que le syst\u00e8me climatique et le cycle de l&rsquo;eau.<\/p>\n<div id=\"fullstory\">\n<p>Alliance de traditions du XIXe si\u00e8cle et de technologie du XXIe si\u00e8cle, le nouvel Atlas propose des centaines d&rsquo;images envoy\u00e9es par des m\u00e9t\u00e9orologues, des photographes et des amateurs de nuages du monde entier.<\/p>\n<p>On y trouve de nouvelles cat\u00e9gories, dont le volutus (nuage en rouleau), les nuages engendr\u00e9s par les activit\u00e9s humaines, tels que les tra\u00een\u00e9es de condensation parfois produites par les avions en raison de la condensation de la vapeur d&rsquo;eau, et l&rsquo;asperitas, un spectaculaire nuage ondul\u00e9 qui a enflamm\u00e9 l&rsquo;imagination du public. Y sont \u00e9galement illustr\u00e9s des ph\u00e9nom\u00e8nes m\u00e9t\u00e9orologiques tels que les arcs-en-ciel, les halos, les tourbillons de neige et les gr\u00ealons.<\/p>\n<p>\u00ab L&rsquo;Atlas international des nuages est la seule source compl\u00e8te et faisant autorit\u00e9 pour l&rsquo;identification des nuages. R\u00e9f\u00e9rence mythique pour les amateurs, il est utilis\u00e9 pour la formation des professionnels des services m\u00e9t\u00e9orologiques, ainsi que dans des secteurs comme l&rsquo;aviation et le transport maritime \u00bb, a soulign\u00e9 M. Taalas.<\/p>\n<\/div>\n<p>&nbsp;<\/p>\n","protected":false},"excerpt":{"rendered":"<p>A l&rsquo;occasion de la Journ\u00e9e m\u00e9t\u00e9orologique mondiale qui est c\u00e9l\u00e9br\u00e9e  [&#8230;]<\/p>\n","protected":false},"author":136,"featured_media":6096,"comment_status":"closed","ping_status":"closed","sticky":false,"template":"","format":"standard","meta":{"_et_pb_use_builder":"","_et_pb_old_content":"","_et_gb_content_width":"","footnotes":""},"categories":[5],"tags":[],"class_list":["post-6092","post","type-post","status-publish","format-standard","has-post-thumbnail","hentry","category-climate-change"],"_links":{"self":[{"href":"https:\/\/www.un.org\/sustainabledevelopment\/fr\/wp-json\/wp\/v2\/posts\/6092","targetHints":{"allow":["GET"]}}],"collection":[{"href":"https:\/\/www.un.org\/sustainabledevelopment\/fr\/wp-json\/wp\/v2\/posts"}],"about":[{"href":"https:\/\/www.un.org\/sustainabledevelopment\/fr\/wp-json\/wp\/v2\/types\/post"}],"author":[{"embeddable":true,"href":"https:\/\/www.un.org\/sustainabledevelopment\/fr\/wp-json\/wp\/v2\/users\/136"}],"replies":[{"embeddable":true,"href":"https:\/\/www.un.org\/sustainabledevelopment\/fr\/wp-json\/wp\/v2\/comments?post=6092"}],"version-history":[{"count":0,"href":"https:\/\/www.un.org\/sustainabledevelopment\/fr\/wp-json\/wp\/v2\/posts\/6092\/revisions"}],"wp:featuredmedia":[{"embeddable":true,"href":"https:\/\/www.un.org\/sustainabledevelopment\/fr\/wp-json\/wp\/v2\/media\/6096"}],"wp:attachment":[{"href":"https:\/\/www.un.org\/sustainabledevelopment\/fr\/wp-json\/wp\/v2\/media?parent=6092"}],"wp:term":[{"taxonomy":"category","embeddable":true,"href":"https:\/\/www.un.org\/sustainabledevelopment\/fr\/wp-json\/wp\/v2\/categories?post=6092"},{"taxonomy":"post_tag","embeddable":true,"href":"https:\/\/www.un.org\/sustainabledevelopment\/fr\/wp-json\/wp\/v2\/tags?post=6092"}],"curies":[{"name":"wp","href":"https:\/\/api.w.org\/{rel}","templated":true}]}}