  {"id":6076,"date":"2017-03-22T14:44:58","date_gmt":"2017-03-22T18:44:58","guid":{"rendered":"http:\/\/www.un.org\/sustainabledevelopment\/fr\/?p=6076"},"modified":"2017-11-13T12:32:32","modified_gmt":"2017-11-13T17:32:32","slug":"lhumanite-au-coeur-des-preparatifs-de-la-premiere-conference-sur-les-oceans","status":"publish","type":"post","link":"https:\/\/www.un.org\/sustainabledevelopment\/fr\/2017\/03\/22\/lhumanite-au-coeur-des-preparatifs-de-la-premiere-conference-sur-les-oceans\/","title":{"rendered":"L&rsquo;humanit\u00e9 au c\u0153ur des pr\u00e9paratifs de la premi\u00e8re Conf\u00e9rence sur les oc\u00e9ans"},"content":{"rendered":"<p>Le 20 f\u00e9vrier 2016, le cyclone tropical Winston de cat\u00e9gorie 5 a frapp\u00e9 la c\u00f4te nord de Viti Levu, l&rsquo;\u00eele la plus grande et la plus peupl\u00e9e de Fidji, tuant au moins 44 personnes et clouant au sol les vols au d\u00e9part et \u00e0 destination de la nation insulaire de l&rsquo;oc\u00e9an Pacifique.<\/p>\n<p>\u00ab Ce fut l&rsquo;un des cyclones les plus forts qui ait frapp\u00e9 n&rsquo;importe quel pays de l&rsquo;h\u00e9misph\u00e8re Sud \u00bb, se souvient Semi Koroilavesau, Ministre fidjien des P\u00eaches. \u00ab C&rsquo;\u00e9tait catastrophique pour les Fidji et nous nous en remettons encore \u00bb, ajoute-t-il sombrement.<\/p>\n<p>M. Koroilavesau est r\u00e9cemment intervenu lors d&rsquo;une table ronde en marge de la premi\u00e8re r\u00e9union pr\u00e9paratoire &#8211; convoqu\u00e9e par le Pr\u00e9sident de l&rsquo;Assembl\u00e9e g\u00e9n\u00e9rale au si\u00e8ge de l&rsquo;ONU \u00e0 New York &#8211; pour la premi\u00e8re Conf\u00e9rence des Nations Unies sur les oc\u00e9ans, co-organis\u00e9e par les gouvernements de Fidji et de la Su\u00e8de, du 5 au 8 juin 2017.<\/p>\n<p>\u00ab Notre oc\u00e9an se r\u00e9chauffe et modifie le comportement de notre ressource principal, qui est le thon \u00bb, a d\u00e9clar\u00e9 M. Koroilavesau soulignant l&rsquo;importance de l&rsquo;oc\u00e9an pour le peuple fidjien.<\/p>\n<p>\u00ab Le r\u00e9gime migratoire a chang\u00e9 en raison des conditions de l&rsquo;eau. La d\u00e9gradation de l&rsquo;eau \u00e9puise \u00e9galement nos ressources et cr\u00e9e beaucoup de ravages dans notre oc\u00e9an \u00bb, a-t-il dit au groupe de haut niveau, qui comprenait le Pr\u00e9sident de l&rsquo;Assembl\u00e9e g\u00e9n\u00e9rale, Peter Thomson ; la Vice-premi\u00e8re Ministre adjointe de la Su\u00e8de, Isabella L\u00f6vin ; et le Secr\u00e9taire g\u00e9n\u00e9ral adjoint des Nations Unies aux affaires \u00e9conomiques et sociales (DESA), Wu Hongbo.<\/p>\n<p>\u00ab Fidji dispose d&rsquo;environ 320 \u00eeles. L&rsquo;oc\u00e9an est un \u00e9l\u00e9ment important pour nous tant dans notre vie quotidienne et &#8230; aussi comme voie de transport entre les \u00eeles \u00bb, a d\u00e9clar\u00e9 M. Koroilavesau.<\/p>\n<p>Les pr\u00e9paratifs de la r\u00e9union de juin se concentreront sur plusieurs th\u00e8mes \u2013 \u00e0 travers des discussions, r\u00e9seaux et partenariats &#8211; qui, selon le Pr\u00e9sident de l&rsquo;Assembl\u00e9e g\u00e9n\u00e9rale, \u00ab jetteront les bases sur lesquelles reposera la Conf\u00e9rence sur les oc\u00e9ans \u00bb.<\/p>\n<p>\u00ab Nos efforts aujourd&rsquo;hui et dans les ann\u00e9es \u00e0 venir d\u00e9termineront si nos enfants et ceux qui les suivront conna\u00eetront la joie et la subsistance des oc\u00e9ans qui nous ont \u00e9t\u00e9 transmis dans notre jeunesse. Ne leur refusons pas cette richesse \u00bb, a d\u00e9clar\u00e9 M. Thomson dans un message qui a fortement r\u00e9sonn\u00e9 avec le th\u00e8me du mois de f\u00e9vrier \u2013 &lsquo;les peuples et les oc\u00e9ans&rsquo;, en mettant l&rsquo;accent sur les moyens d&rsquo;existence, le tourisme, la s\u00e9curit\u00e9 alimentaire, le transport maritime et Commerce.<\/p>\n<p>\u00ab Que vous regardiez les stocks de poissons en d\u00e9clin qui atteignent un point de basculement, ou le niveau d&rsquo;acidification de l&rsquo;oc\u00e9an ou si vous regardez la quantit\u00e9 de plastiques dans nos oc\u00e9ans, je pense que toute personne raisonnable peut conclure que le temps presse et que nous avons besoin d&rsquo;agir rapidement \u00bb, a d\u00e9clar\u00e9 M. Thomson, lors de la r\u00e9union pr\u00e9paratoire.<\/p>\n<h5><em>Le Programme d\u00e9veloppement durable \u00e0 l&rsquo;horizon 2030 et son objectif 14<\/em><\/h5>\n<p>Le Secr\u00e9taire g\u00e9n\u00e9ral adjoint aux affaires \u00e9conomiques et sociales, Wu Hongbo, a soulign\u00e9 le lien existant entre les oc\u00e9ans et les populations, en particulier dans le contexte de l&rsquo;Objectif de d\u00e9veloppement durable (ODD) 14, relatif \u00e0 la conservation et \u00e0 l&rsquo;exploitation durable des oc\u00e9ans, des mers et des ressources marines aux fins du d\u00e9veloppement durable. \u00ab Lorsque nous parlons de l&rsquo;ODD 14, nous pensons \u00e0 la navigation maritime, nous pensons \u00e0 la p\u00eache maritime aux fins de l&rsquo;alimentation, nous pensons \u00e0 faire du tourisme, mais ce n&rsquo;est pas tout. La sant\u00e9 de la mer et l&rsquo;exploitation durable des ressources marines ont un impact direct dans la mise en \u0153uvre des nombreux ODD \u00bb, a fait remarquer M. Wu, appelant \u00e0 des engagements volontaires pour la mise en \u0153uvre de l&rsquo;ODD 14.<\/p>\n<p>Notant que l&rsquo;ODD 14 est \u00e0 l&rsquo;avant-garde du Programme de d\u00e9veloppement durable \u00e0 l&rsquo;horizon 2030, M. Wu a fait aussi le lien entre les oc\u00e9ans et l&rsquo;objectif d&rsquo;\u00e9liminer la faim. \u00ab Nous recevons beaucoup de nourriture de la mer, nous devons donc prot\u00e9ger la mer \u00bb, a-t-il dit.<\/p>\n<p>Outre l&rsquo;alimentation et la nutrition, M. Wu a soulign\u00e9 la contribution importante des oc\u00e9ans au bien-\u00eatre g\u00e9n\u00e9ral des populations et \u00e0 l&rsquo;att\u00e9nuation des effets du changement climatique.<\/p>\n<p>\u00ab L&rsquo;oc\u00e9an et la mer sont le r\u00e9gulateur naturel de notre climat et ils sont bons pour l&rsquo;assainissement \u00bb, a not\u00e9 le Secr\u00e9taire g\u00e9n\u00e9ral adjoint. \u00ab On dit que les oc\u00e9ans absorbent un tiers des \u00e9missions de gaz \u00e0 effet de serre. Si nous perdons la mer et les oc\u00e9ans, imaginez simplement quel genre de situation nous aurons \u00bb, a-t-il averti, \u00e9tablissant \u00e9galement un lien entre les oc\u00e9ans, l&#8217;emploi et la croissance \u00e9conomique.<\/p>\n<p>\u00ab Je pense que l&rsquo;utilisation optimale ou durable des ressources marines donnerait vraiment un coup d&rsquo;acc\u00e9l\u00e9rateur \u00e0 la croissance \u00e9conomique et cr\u00e9erait beaucoup d&#8217;emplois \u00bb, a d\u00e9clar\u00e9 M. Wu.<\/p>\n<h5><em>Engagements transformateurs<\/em><\/h5>\n<p>Selon le Pr\u00e9sident de l&rsquo;Assembl\u00e9e g\u00e9n\u00e9rale des Nations Unies, Peter Thomson, les r\u00e9sultats de la Conf\u00e9rence sur les oc\u00e9ans incluront un appel \u00e0 l&rsquo;action et un rapport de conf\u00e9rence qui constitueront le programme de travail pour la mise en \u0153uvre de l&rsquo;ODD 14.<\/p>\n<p>\u00ab Nous devons garder une vision claire. Nous devons universaliser nos efforts. Nous devons maintenir la dynamique pour des engagements transformateurs qui seront annonc\u00e9s \u00e0 la Conf\u00e9rence sur les oc\u00e9ans de juin \u00bb, a soulign\u00e9 M. Thomson lors de la premi\u00e8re r\u00e9union pr\u00e9paratoire.<\/p>\n<p>M. Thomson attache une importance particuli\u00e8re aux r\u00e9sultats de la Conf\u00e9rence sur les oc\u00e9ans qui, selon lui, constitueront un tournant dans l&rsquo;histoire.<\/p>\n<p>\u00ab C&rsquo;est l&rsquo;occasion pour tout \u00eatre humain de participer au r\u00e9tablissement des oc\u00e9ans. Pour tout \u00eatre humain qui se soucie de la sant\u00e9 des oc\u00e9ans \u00bb, a d\u00e9clar\u00e9 M. Thomson, lors de la r\u00e9union.<\/p>\n<p>La Vice-premi\u00e8re ministre su\u00e9doise, Isabella L\u00f6vin, consid\u00e8re la Conf\u00e9rence sur les oc\u00e9ans comme une occasion de \u00ab partager des exp\u00e9riences, de partager les meilleures pratiques \u00bb. \u00ab Cette conf\u00e9rence sera le carrefour o\u00f9 nous pourrons partager ces connaissances, transf\u00e9rer des technologies et aider les pays en d\u00e9veloppement \u00e0 avoir les capacit\u00e9s n\u00e9cessaires parce que les oc\u00e9ans nous connectent tous \u00bb, a-t-elle dit.<\/p>\n<p>Mme L\u00f6vin a \u00e9galement exprim\u00e9 sa pr\u00e9occupation au sujet de l&rsquo;exploitation non durable des ressources oc\u00e9aniques et de la pollution. \u00ab Si ces tendances se poursuivent, avec la surp\u00eache, avec de plus en plus de pollution plastique dans nos oc\u00e9ans, nous aurons plus de plastiques que de poissons dans nos oc\u00e9ans d&rsquo;ici 2050 \u00bb, a-t-elle pr\u00e9venu.<\/p>\n<p>Comme ses coll\u00e8gues, elle a lanc\u00e9 un appel urgent \u00e0 l&rsquo;action. \u00ab C&rsquo;est vraiment, vraiment s\u00e9rieux, c&rsquo;est ce que nous devons faire maintenant pour nos enfants et petits-enfants \u00bb a-t-elle dit. \u00ab Nous devons agir maintenant et nous pouvons le faire. Nous n&rsquo;avons aucune excuse pour ne pas le faire \u00bb.<\/p>\n<p>L&rsquo;ONU a appel\u00e9 \u00e0 des engagements volontaires pour mettre en \u0153uvre l&rsquo;ODD 14 et a \u00e9tabli un registre en ligne. Les engagements volontaires, selon le Secr\u00e9taire g\u00e9n\u00e9ral adjoint Wu, \u00ab soulignent l&rsquo;urgence d&rsquo;agir et de trouver des solutions \u00bb.<\/p>\n<p>Parmi les autres th\u00e8mes abord\u00e9s chaque mois avant la Conf\u00e9rence sur les oc\u00e9ans, on peut mentionner : pollution oc\u00e9anique (d\u00e9chets marins, polluants atmosph\u00e9riques terrestres, d\u00e9chets maritimes, d\u00e9versements d&rsquo;hydrocarbures); biodiversit\u00e9 marine (surp\u00eache, perte d&rsquo;habitat marin, perte d&rsquo;esp\u00e8ces); et les oc\u00e9ans et le changement climatique (\u00e9l\u00e9vation du niveau de la mer, r\u00e9chauffement de l&rsquo;oc\u00e9an, acidification des oc\u00e9ans, d\u00e9coloration des coraux).22<\/p>\n","protected":false},"excerpt":{"rendered":"<p>Le 20 f\u00e9vrier 2016, le cyclone tropical Winston de cat\u00e9gorie  [&#8230;]<\/p>\n","protected":false},"author":136,"featured_media":6080,"comment_status":"closed","ping_status":"closed","sticky":false,"template":"","format":"standard","meta":{"_et_pb_use_builder":"","_et_pb_old_content":"","_et_gb_content_width":"","footnotes":""},"categories":[5,46],"tags":[],"class_list":["post-6076","post","type-post","status-publish","format-standard","has-post-thumbnail","hentry","category-climate-change","category-objectifs-de-developpement-durable"],"_links":{"self":[{"href":"https:\/\/www.un.org\/sustainabledevelopment\/fr\/wp-json\/wp\/v2\/posts\/6076","targetHints":{"allow":["GET"]}}],"collection":[{"href":"https:\/\/www.un.org\/sustainabledevelopment\/fr\/wp-json\/wp\/v2\/posts"}],"about":[{"href":"https:\/\/www.un.org\/sustainabledevelopment\/fr\/wp-json\/wp\/v2\/types\/post"}],"author":[{"embeddable":true,"href":"https:\/\/www.un.org\/sustainabledevelopment\/fr\/wp-json\/wp\/v2\/users\/136"}],"replies":[{"embeddable":true,"href":"https:\/\/www.un.org\/sustainabledevelopment\/fr\/wp-json\/wp\/v2\/comments?post=6076"}],"version-history":[{"count":0,"href":"https:\/\/www.un.org\/sustainabledevelopment\/fr\/wp-json\/wp\/v2\/posts\/6076\/revisions"}],"wp:featuredmedia":[{"embeddable":true,"href":"https:\/\/www.un.org\/sustainabledevelopment\/fr\/wp-json\/wp\/v2\/media\/6080"}],"wp:attachment":[{"href":"https:\/\/www.un.org\/sustainabledevelopment\/fr\/wp-json\/wp\/v2\/media?parent=6076"}],"wp:term":[{"taxonomy":"category","embeddable":true,"href":"https:\/\/www.un.org\/sustainabledevelopment\/fr\/wp-json\/wp\/v2\/categories?post=6076"},{"taxonomy":"post_tag","embeddable":true,"href":"https:\/\/www.un.org\/sustainabledevelopment\/fr\/wp-json\/wp\/v2\/tags?post=6076"}],"curies":[{"name":"wp","href":"https:\/\/api.w.org\/{rel}","templated":true}]}}