  {"id":6015,"date":"2017-03-16T18:42:19","date_gmt":"2017-03-16T22:42:19","guid":{"rendered":"http:\/\/www.un.org\/sustainabledevelopment\/fr\/?p=6015"},"modified":"2017-11-13T12:32:34","modified_gmt":"2017-11-13T17:32:34","slug":"sante-lonu-annonce-la-formation-dun-groupe-de-coordination-inter-institutions-sur-la-resistance-aux-antimicrobiens","status":"publish","type":"post","link":"https:\/\/www.un.org\/sustainabledevelopment\/fr\/2017\/03\/16\/sante-lonu-annonce-la-formation-dun-groupe-de-coordination-inter-institutions-sur-la-resistance-aux-antimicrobiens\/","title":{"rendered":"Sant\u00e9: l&rsquo;ONU annonce la formation d&rsquo;un groupe de coordination inter-institutions sur la r\u00e9sistance aux antimicrobiens"},"content":{"rendered":"<p>L&rsquo;Organisation des Nations Unies a annonc\u00e9 jeudi la cr\u00e9ation d&rsquo;un groupe de coordination inter-institutions sur la r\u00e9sistance aux antimicrobiens, copr\u00e9sid\u00e9 par la Vice-secr\u00e9taire g\u00e9n\u00e9rale de l&rsquo;ONU, <a href=\"https:\/\/www.un.org\/sg\/fr\/dsg\/index.shtml\">Amina Mohammed<\/a>, et la Directrice g\u00e9n\u00e9rale de l&rsquo;Organisation mondiale de la sant\u00e9 (<a href=\"http:\/\/www.who.int\/fr\/\">OMS<\/a>), <a href=\"http:\/\/www.who.int\/dg\/fr\/\">Margaret Chan<\/a>.<\/p>\n<p>\u00ab En entrant dans l&rsquo;\u00e8re du d\u00e9veloppement durable, je tiens \u00e0 souligner que la r\u00e9sistance aux antimicrobiens pose r\u00e9ellement une menace redoutable \u00e0 la r\u00e9alisation des <a href=\"https:\/\/www.un.org\/sustainabledevelopment\/fr\/objectifs-de-developpement-durable\/\">Objectifs de d\u00e9veloppement durable (ODD)<\/a>, en particulier dans nos pays en d\u00e9veloppement \u00bb, a d\u00e9clar\u00e9 Mme Mohammed lors d&rsquo;une conf\u00e9rence de presse organis\u00e9e au si\u00e8ge de l&rsquo;ONU \u00e0 New York. La Vice-Secr\u00e9taire g\u00e9n\u00e9rale a indiqu\u00e9 que la cr\u00e9ation de ce groupe pour combattre la r\u00e9sistance aux antimicrobiens et apporter des conseils pour cet effort mondial signalait la prise au s\u00e9rieux de la gravit\u00e9 de cette menace par les \u00c9tats Membres.<\/p>\n<p>En septembre dernier, ces derniers ont adopt\u00e9 la D\u00e9claration politique de la <a href=\"http:\/\/www.who.int\/antimicrobial-resistance\/events\/±¬ÁÏÍøGA-meeting-amr-sept2016\/fr\/\">R\u00e9union de haut niveau sur la r\u00e9sistance aux antimicrobiens<\/a> qui comportait une demande au <a href=\"https:\/\/www.un.org\/sg\/fr\">Secr\u00e9taire g\u00e9n\u00e9ral<\/a> de l&rsquo;ONU de cr\u00e9er un tel organe.<\/p>\n<p>Mme Mohammed a rappel\u00e9 que la r\u00e9sistance aux antimicrobiens \u00e9tait un \u00ab probl\u00e8me multisectoriel \u00bb affectant la sant\u00e9 humaine et animale, l&rsquo;agriculture, ainsi que l&rsquo;environnement mondial et le commerce.<\/p>\n<p>Le Directrice g\u00e9n\u00e9rale de l&rsquo;OMS a d\u00e9clar\u00e9 que la r\u00e9sistance aux antibiotiques est d\u00e9j\u00e0 en train de prolonger la maladie dans le monde entier et que la D\u00e9claration politique \u00e9tait un engagement vital pour aider \u00e0 combattre le fl\u00e9au \u00e0 un niveau mondial.<\/p>\n<p>Mme Chan a d\u00e9clar\u00e9 que le groupe inter-institutions appuierait les gouvernements \u00e0 travers le monde, et apporterait des conseils sur l&rsquo;utilisation et l&rsquo;abus des antibiotiques pour les personnes et le b\u00e9tail.<\/p>\n<p>La cheffe de l&rsquo;OMS a promis que le groupe, nomm\u00e9 par le Secr\u00e9taire g\u00e9n\u00e9ral de l&rsquo;ONU, \u00ab commencerait \u00e0 travailler imm\u00e9diatement \u00bb.<\/p>\n<p>Le groupe sera compos\u00e9 de repr\u00e9sentants de haut niveau d&rsquo;agences de l&rsquo;ONU, d&rsquo;autres organisations internationales et d&rsquo;experts individuels dans diff\u00e9rents secteurs, y compris la sant\u00e9 animale, l&rsquo;agriculture et l&rsquo;environnement. Il produira un rapport au Secr\u00e9taire g\u00e9n\u00e9ral pour la prochaine session de l&rsquo;Assembl\u00e9e g\u00e9n\u00e9rale des Nations Unies pr\u00e9vue en septembre 2018.<\/p>\n","protected":false},"excerpt":{"rendered":"<p>L&rsquo;Organisation des Nations Unies a annonc\u00e9 jeudi la cr\u00e9ation d&rsquo;un  [&#8230;]<\/p>\n","protected":false},"author":136,"featured_media":6019,"comment_status":"closed","ping_status":"closed","sticky":false,"template":"","format":"standard","meta":{"_et_pb_use_builder":"","_et_pb_old_content":"","_et_gb_content_width":"","footnotes":""},"categories":[11],"tags":[],"class_list":["post-6015","post","type-post","status-publish","format-standard","has-post-thumbnail","hentry","category-health"],"_links":{"self":[{"href":"https:\/\/www.un.org\/sustainabledevelopment\/fr\/wp-json\/wp\/v2\/posts\/6015","targetHints":{"allow":["GET"]}}],"collection":[{"href":"https:\/\/www.un.org\/sustainabledevelopment\/fr\/wp-json\/wp\/v2\/posts"}],"about":[{"href":"https:\/\/www.un.org\/sustainabledevelopment\/fr\/wp-json\/wp\/v2\/types\/post"}],"author":[{"embeddable":true,"href":"https:\/\/www.un.org\/sustainabledevelopment\/fr\/wp-json\/wp\/v2\/users\/136"}],"replies":[{"embeddable":true,"href":"https:\/\/www.un.org\/sustainabledevelopment\/fr\/wp-json\/wp\/v2\/comments?post=6015"}],"version-history":[{"count":0,"href":"https:\/\/www.un.org\/sustainabledevelopment\/fr\/wp-json\/wp\/v2\/posts\/6015\/revisions"}],"wp:featuredmedia":[{"embeddable":true,"href":"https:\/\/www.un.org\/sustainabledevelopment\/fr\/wp-json\/wp\/v2\/media\/6019"}],"wp:attachment":[{"href":"https:\/\/www.un.org\/sustainabledevelopment\/fr\/wp-json\/wp\/v2\/media?parent=6015"}],"wp:term":[{"taxonomy":"category","embeddable":true,"href":"https:\/\/www.un.org\/sustainabledevelopment\/fr\/wp-json\/wp\/v2\/categories?post=6015"},{"taxonomy":"post_tag","embeddable":true,"href":"https:\/\/www.un.org\/sustainabledevelopment\/fr\/wp-json\/wp\/v2\/tags?post=6015"}],"curies":[{"name":"wp","href":"https:\/\/api.w.org\/{rel}","templated":true}]}}