  {"id":5895,"date":"2017-03-03T18:20:50","date_gmt":"2017-03-03T23:20:50","guid":{"rendered":"http:\/\/www.un.org\/sustainabledevelopment\/fr\/?p=5895"},"modified":"2017-11-13T12:32:39","modified_gmt":"2017-11-13T17:32:39","slug":"journee-de-la-vie-sauvage-lonu-appelle-a-prendre-en-compte-la-voix-des-jeunes","status":"publish","type":"post","link":"https:\/\/www.un.org\/sustainabledevelopment\/fr\/2017\/03\/03\/journee-de-la-vie-sauvage-lonu-appelle-a-prendre-en-compte-la-voix-des-jeunes\/","title":{"rendered":"Journ\u00e9e de la vie sauvage : l&rsquo;ONU appelle \u00e0 prendre en compte la voix des jeunes"},"content":{"rendered":"<p>A l&rsquo;occasion de la Journ\u00e9e mondiale de la vie sauvage, plusieurs dirigeants du syst\u00e8me des Nations Unies ont incit\u00e9 les jeunes \u00e0 aborder les questions de la conservation de la faune et flore sauvages et les d\u00e9cideurs \u00e0 tenir compte de leurs points de vue.<\/p>\n<p>C\u00e9l\u00e9br\u00e9e chaque ann\u00e9e le 3 mars, la Journ\u00e9e a cette ann\u00e9e pour th\u00e8me : \u00ab <a href=\"https:\/\/www.un.org\/fr\/events\/wildlifeday\/index.shtml\">\u00c9coutons la voix des jeunes<\/a> \u00bb. Selon le Fonds des Nations Unies pour la population (±¬ÁÏÍøFPA), les jeunes (personnes \u00e2g\u00e9es entre 10 et 24 ans) repr\u00e9sente pr\u00e8s d&rsquo;un quart de la population mondiale. Toutefois, l&rsquo;\u00e9volution des attitudes, des croyances et des comportements des jeunes vis-\u00e0-vis de l&rsquo;environnement est pr\u00e9occupante, sugg\u00e9rant une baisse de la responsabilit\u00e9 individuelle chez eux en ce qui concerne la conservation des esp\u00e8ces sauvages et l&rsquo;environnement dans son ensemble.<\/p>\n<p>Le <a href=\"https:\/\/www.un.org\/sg\/fr\">Secr\u00e9taire g\u00e9n\u00e9ral<\/a> de l&rsquo;ONU, Ant\u00f3nio Guterres, a appel\u00e9 les jeunes \u00e0 prot\u00e9ger leur patrimoine en restant inform\u00e9s et en agissant pour prot\u00e9ger les animaux et les plantes sauvages de la menace d&rsquo;extinction. \u00ab L&rsquo;application stricte des lois est importante, mais la prise de conscience l&rsquo;est tout autant \u00bb, a-t-il dit dans un message.<\/p>\n<p>La Vice-Secr\u00e9taire g\u00e9n\u00e9rale de l&rsquo;ONU, Amina J. Mohammed, a pour sa part rappel\u00e9 que la moiti\u00e9 des animaux et des plantes sauvages ont \u00e9t\u00e9 perdus au cours des 40 derni\u00e8res ann\u00e9es, en raison de la perte d&rsquo;habitat, du changement climatique, de la surexploitation, du braconnage et du trafic illicite. \u00ab Partout dans le monde, les jeunes jouent un r\u00f4le de plus en plus important en tant que consommateurs responsables et futurs leaders de la conservation pour inverser cette tendance \u00bb, a soulign\u00e9 Mme Mohammed.<\/p>\n<h5><em>Hausse des crimes contre la vie sauvage<\/em><\/h5>\n<p>Pour la Directrice g\u00e9n\u00e9rale de l&rsquo;Organisation des Nations Unies pour l&rsquo;\u00e9ducation, la science et la culture (<a href=\"http:\/\/www.unesco.org\/new\/fr\/unesco\/\">±¬ÁÏÍøESCO<\/a>), Irina Bokova, les crimes \u00e0 l&rsquo;encontre de la vie sauvage sont plus \u00e9lev\u00e9s jour apr\u00e8s jour et requi\u00e8rent un nouvel engagement de tous pour les combattre et promouvoir la justice.<\/p>\n<p>\u00ab Les jeunes femmes et les jeunes hommes ont un r\u00f4le particulier \u00e0 jouer ici, en tant que d\u00e9cideurs du changement aujourd&rsquo;hui et futurs gardiens \u00bb, a d\u00e9clar\u00e9 la cheffe de l&rsquo;±¬ÁÏÍøESCO dans un message. \u00ab Nous devons les \u00e9couter et entretenir leur engagement, concevoir de nouvelles formes d&rsquo;action pour conserver et prot\u00e9ger la faune sauvage sur la base de la solidarit\u00e9 \u00bb.<\/p>\n<p>Mme Bokova a soulign\u00e9 que la communaut\u00e9 internationale doit aider les jeunes \u00e0 relier le \u00ab local \u00bb et le \u00ab global \u00bb pour une conservation de la faune plus efficace \u00e0 un moment o\u00f9 les gouvernements travaillent sans rel\u00e2che pour faire avancer le Programme de d\u00e9veloppement durable \u00e0 l&rsquo;horizon 2030 et l&rsquo;Accord de Paris sur le climat. \u00ab Pour cela, nous avons besoin de la voix des jeunes. Nous avons besoin que les jeunes s&rsquo;expriment, se donnent la main et collaborent \u00e0 l&rsquo;\u00e9laboration de nouveaux chemins vers le d\u00e9veloppement durable de mani\u00e8re \u00e0 conserver la faune et \u00e0 prot\u00e9ger la richesse partag\u00e9e de la biodiversit\u00e9 \u00bb, a-t-elle dit.<\/p>\n<h5><em>La pr\u00e9servation de la vie sauvage requiert un effort entre les g\u00e9n\u00e9rations<\/em><\/h5>\n<p>Selon le Secr\u00e9taire g\u00e9n\u00e9ral de la Convention sur le commerce international des esp\u00e8ces de faune et de flore sauvages menac\u00e9es d&rsquo;extinction (<a href=\"https:\/\/www.cites.org\/fra\"> CITES<\/a>), John E. Scranton, la g\u00e9n\u00e9ration actuelle n&rsquo;ayant pas encore r\u00e9ussi \u00e0 assurer l&rsquo;avenir de nombreux animaux et plantes sauvages, relever ce d\u00e9fi sera maintenant partag\u00e9 avec la prochaine g\u00e9n\u00e9ration.<\/p>\n<p>\u00ab Pour r\u00e9ussir, nous devons exploiter pleinement l&rsquo;innovation et l&rsquo;\u00e9nergie de la jeunesse, et la combiner avec la sagesse qui vient avec l&rsquo;exp\u00e9rience, si nous voulons r\u00e9aliser le changement que nous devons voir se produire \u00bb, a d\u00e9clar\u00e9 M. Scranton.<\/p>\n<p>Le chef de la CITES a soulign\u00e9 que les g\u00e9n\u00e9rations actuelles ont l&rsquo;obligation de partager leurs connaissances de la conservation de la faune avec les jeunes g\u00e9n\u00e9rations, tout en les habilitant et les encourageant \u00e0 participer activement et \u00e0 participer de mani\u00e8re cr\u00e9ative. \u00ab L&rsquo;investissement dans nos jeunes assurera la survie continue des animaux sauvages et des plantes et nous aidera dans la lutte contre le commerce illicite d\u00e9vastateur de la faune \u00bb, a-t-il dit.<\/p>\n<p>Le Secr\u00e9taire ex\u00e9cutif de la Convention sur la conservation des esp\u00e8ces migratrices appartenant \u00e0 la faune sauvage (<a href=\"http:\/\/www.cms.int\/fr\/\">CMS<\/a>), Bradnee Chambers, s&rsquo;est fait l&rsquo;\u00e9cho de son coll\u00e8gue de la CITES estimant que l&rsquo;implication des jeunes d&rsquo;aujourd&rsquo;hui est essentielle pour trouver des solutions aux probl\u00e8mes environnementaux.<\/p>\n<p>\u00ab Nous devons r\u00e9fl\u00e9chir s\u00e9rieusement \u00e0 la conservation des esp\u00e8ces pour les g\u00e9n\u00e9rations \u00e0 venir \u00bb, a d\u00e9clar\u00e9 le Secr\u00e9taire ex\u00e9cutif du trait\u00e9 intergouvernemental qui coordonne l&rsquo;action mondiale pour la conservation de la faune migratrice mondiale.<\/p>\n<p>M. Chambers a soulign\u00e9 que les id\u00e9es des jeunes doivent \u00eatre prises au s\u00e9rieux et qu&rsquo;il faut les encourager \u00e0 s&rsquo;attaquer aux probl\u00e8mes environnementaux actuels. \u00ab Jeune ou vieux, nous pouvons tous faire une diff\u00e9rence. Nous devrions travailler ensemble pour forger un avenir plus durable. Leur avenir est notre avenir\u00a0\u00bb, a-t-il conclu.<\/p>\n","protected":false},"excerpt":{"rendered":"<p>A l&rsquo;occasion de la Journ\u00e9e mondiale de la vie sauvage,  [&#8230;]<\/p>\n","protected":false},"author":136,"featured_media":5899,"comment_status":"closed","ping_status":"closed","sticky":false,"template":"","format":"standard","meta":{"_et_pb_use_builder":"","_et_pb_old_content":"","_et_gb_content_width":"","footnotes":""},"categories":[31],"tags":[],"class_list":["post-5895","post","type-post","status-publish","format-standard","has-post-thumbnail","hentry","category-developpement-durable"],"_links":{"self":[{"href":"https:\/\/www.un.org\/sustainabledevelopment\/fr\/wp-json\/wp\/v2\/posts\/5895","targetHints":{"allow":["GET"]}}],"collection":[{"href":"https:\/\/www.un.org\/sustainabledevelopment\/fr\/wp-json\/wp\/v2\/posts"}],"about":[{"href":"https:\/\/www.un.org\/sustainabledevelopment\/fr\/wp-json\/wp\/v2\/types\/post"}],"author":[{"embeddable":true,"href":"https:\/\/www.un.org\/sustainabledevelopment\/fr\/wp-json\/wp\/v2\/users\/136"}],"replies":[{"embeddable":true,"href":"https:\/\/www.un.org\/sustainabledevelopment\/fr\/wp-json\/wp\/v2\/comments?post=5895"}],"version-history":[{"count":0,"href":"https:\/\/www.un.org\/sustainabledevelopment\/fr\/wp-json\/wp\/v2\/posts\/5895\/revisions"}],"wp:featuredmedia":[{"embeddable":true,"href":"https:\/\/www.un.org\/sustainabledevelopment\/fr\/wp-json\/wp\/v2\/media\/5899"}],"wp:attachment":[{"href":"https:\/\/www.un.org\/sustainabledevelopment\/fr\/wp-json\/wp\/v2\/media?parent=5895"}],"wp:term":[{"taxonomy":"category","embeddable":true,"href":"https:\/\/www.un.org\/sustainabledevelopment\/fr\/wp-json\/wp\/v2\/categories?post=5895"},{"taxonomy":"post_tag","embeddable":true,"href":"https:\/\/www.un.org\/sustainabledevelopment\/fr\/wp-json\/wp\/v2\/tags?post=5895"}],"curies":[{"name":"wp","href":"https:\/\/api.w.org\/{rel}","templated":true}]}}