  {"id":5835,"date":"2017-02-28T18:11:34","date_gmt":"2017-02-28T23:11:34","guid":{"rendered":"http:\/\/www.un.org\/sustainabledevelopment\/fr\/?p=5835"},"modified":"2017-11-13T12:32:40","modified_gmt":"2017-11-13T17:32:40","slug":"la-vice-secretaire-generale-reclame-une-mobilisation-de-tous-pour-realiser-les-objectifs-de-developpement-durable","status":"publish","type":"post","link":"https:\/\/www.un.org\/sustainabledevelopment\/fr\/2017\/02\/28\/la-vice-secretaire-generale-reclame-une-mobilisation-de-tous-pour-realiser-les-objectifs-de-developpement-durable\/","title":{"rendered":"La Vice-Secr\u00e9taire g\u00e9n\u00e9rale r\u00e9clame une mobilisation de tous pour r\u00e9aliser les Objectifs de d\u00e9veloppement durable"},"content":{"rendered":"<p>Intervenant mardi devant le Conseil \u00e9conomique et social des Nations Unies (ECOSOC), la Vice-Secr\u00e9taire g\u00e9n\u00e9rale des Nations Unies, Amina J. Mohammed, a jug\u00e9 n\u00e9cessaire de mobiliser de nouveaux investissements pour r\u00e9aliser le Programme de d\u00e9veloppement durable \u00e0 l&rsquo;horizon 2030, qui a \u00e9t\u00e9 adopt\u00e9 en septembre 2015 par les Etats membres.<\/p>\n<p>Mme Mohammed a \u00e9t\u00e9 nomm\u00e9e Vice-Secr\u00e9taire g\u00e9n\u00e9ral par le nouveau <a href=\"https:\/\/www.un.org\/sg\/fr\">Secr\u00e9taire g\u00e9n\u00e9ral<\/a> de l&rsquo;ONU, Ant\u00f3nio Guterres. Auparavant, elle \u00e9tait Ministre de l&rsquo;environnement au sein du gouvernement du Nig\u00e9ria. Avant d&rsquo;occuper ce poste minist\u00e9rielle, elle a \u00e9t\u00e9 la Conseill\u00e8re sp\u00e9ciale du pr\u00e9c\u00e9dent Secr\u00e9taire g\u00e9n\u00e9ral de l&rsquo;ONU, Ban Ki-moon, charg\u00e9e de la planification du d\u00e9veloppement post-2015. A ce poste, elle a contribu\u00e9 \u00e0 l&rsquo;\u00e9laboration des Objectifs de d\u00e9veloppement durable (ODD).<\/p>\n<p>\u00ab En tant que ministre au Nig\u00e9ria, j&rsquo;ai eu une exp\u00e9rience directe de l&rsquo;importance et de la complexit\u00e9 de la t\u00e2che \u00e0 accomplir dans la mise en \u0153uvre de ces engagements transformateurs \u00bb, a-t-elle dit devant les membres de l&rsquo;ECOSOC. \u00ab Il nous faudra \u00e9tablir et \u00e9quilibrer les priorit\u00e9s, mobiliser de nouveaux investissements, \u00e9tablir de nouveaux partenariats dynamiques et persuader les d\u00e9cideurs et les personnes partout dans le monde d&rsquo;adopter de nouvelles comp\u00e9tences et perceptions \u00bb.<\/p>\n<p>Selon elle, pour r\u00e9ussir, il faudra \u00ab une approche plus audacieuse en mati\u00e8re de financement et de partenariats \u00bb.<\/p>\n<p>\u00ab Rien ne sera r\u00e9alis\u00e9 sans impliquer tous les acteurs. Il faudra que tous les pays repensent les syst\u00e8mes et les approches, red\u00e9finissent les fa\u00e7ons traditionnelles de faire en mati\u00e8re de planification, de r\u00e9alisation et de suivi. En tant qu&rsquo;Organisations des Nations Unies, nous devrons nous adapter \u00bb, a-t-elle ajout\u00e9.<\/p>\n<p>\u00ab Le Programme 2030 exige que nous nous r\u00e9inventions pour mieux servir les \u00c9tats membres. Nous avons la responsabilit\u00e9 conjointe d&rsquo;apporter des changements transformateurs \u00bb, a encore dit la Vice-Secr\u00e9taire g\u00e9n\u00e9ral.<\/p>\n<p>Selon Mme Mohammed, \u00ab les peuples du monde entier consid\u00e8rent les Nations Unies comme un symbole de paix, un phare d&rsquo;espoir et un pourvoyeur de besoins essentiels. Les gouvernements nous honorent de leur confiance. Nous avons une occasion unique d&rsquo;offrir un avenir meilleur \u00e0 toute l&rsquo;humanit\u00e9. Nous ne pouvons pas nous permettre de la gaspiller \u00bb, a-t-elle ajout\u00e9.<\/p>\n<p>Amina J. Mohammed a rappel\u00e9 aux membres de l&rsquo;ECOSOC que la t\u00e2che \u00e0 venir est difficile, mais que \u00ab rien n&rsquo;est impossible lorsque nous travaillons ensemble \u00bb.<\/p>\n","protected":false},"excerpt":{"rendered":"<p>Intervenant mardi devant le Conseil \u00e9conomique et social des Nations  [&#8230;]<\/p>\n","protected":false},"author":136,"featured_media":5839,"comment_status":"closed","ping_status":"closed","sticky":false,"template":"","format":"standard","meta":{"_et_pb_use_builder":"","_et_pb_old_content":"","_et_gb_content_width":"","footnotes":""},"categories":[31,46],"tags":[],"class_list":["post-5835","post","type-post","status-publish","format-standard","has-post-thumbnail","hentry","category-developpement-durable","category-objectifs-de-developpement-durable"],"_links":{"self":[{"href":"https:\/\/www.un.org\/sustainabledevelopment\/fr\/wp-json\/wp\/v2\/posts\/5835","targetHints":{"allow":["GET"]}}],"collection":[{"href":"https:\/\/www.un.org\/sustainabledevelopment\/fr\/wp-json\/wp\/v2\/posts"}],"about":[{"href":"https:\/\/www.un.org\/sustainabledevelopment\/fr\/wp-json\/wp\/v2\/types\/post"}],"author":[{"embeddable":true,"href":"https:\/\/www.un.org\/sustainabledevelopment\/fr\/wp-json\/wp\/v2\/users\/136"}],"replies":[{"embeddable":true,"href":"https:\/\/www.un.org\/sustainabledevelopment\/fr\/wp-json\/wp\/v2\/comments?post=5835"}],"version-history":[{"count":0,"href":"https:\/\/www.un.org\/sustainabledevelopment\/fr\/wp-json\/wp\/v2\/posts\/5835\/revisions"}],"wp:featuredmedia":[{"embeddable":true,"href":"https:\/\/www.un.org\/sustainabledevelopment\/fr\/wp-json\/wp\/v2\/media\/5839"}],"wp:attachment":[{"href":"https:\/\/www.un.org\/sustainabledevelopment\/fr\/wp-json\/wp\/v2\/media?parent=5835"}],"wp:term":[{"taxonomy":"category","embeddable":true,"href":"https:\/\/www.un.org\/sustainabledevelopment\/fr\/wp-json\/wp\/v2\/categories?post=5835"},{"taxonomy":"post_tag","embeddable":true,"href":"https:\/\/www.un.org\/sustainabledevelopment\/fr\/wp-json\/wp\/v2\/tags?post=5835"}],"curies":[{"name":"wp","href":"https:\/\/api.w.org\/{rel}","templated":true}]}}