  {"id":5508,"date":"2016-10-15T20:13:09","date_gmt":"2016-10-15T20:13:09","guid":{"rendered":"http:\/\/www.un.org\/sustainabledevelopment\/fr\/?p=5508"},"modified":"2017-11-13T12:32:41","modified_gmt":"2017-11-13T17:32:41","slug":"habitat-iii-une-conference-de-lonu-pour-etablir-un-nouveau-programme-de-developpement-urbain","status":"publish","type":"post","link":"https:\/\/www.un.org\/sustainabledevelopment\/fr\/2016\/10\/15\/habitat-iii-une-conference-de-lonu-pour-etablir-un-nouveau-programme-de-developpement-urbain\/","title":{"rendered":"HABITAT III : une conf\u00e9rence de l&rsquo;ONU pour \u00e9tablir un nouveau programme de d\u00e9veloppement urbain"},"content":{"rendered":"<p>15 octobre 2016 \u2013 Une conf\u00e9rence mondiale majeure, visant \u00e0 d\u00e9finir un \u201cnouvel agenda urbain\u201d, doit s&rsquo;ouvrir lundi \u00e0 Quito, en Equateur, avec pour objectif, selon les mots du Secr\u00e9taire g\u00e9n\u00e9ral Ban Ki-moon, de \u00ab\u00a0repenser la fa\u00e7on dont nous envisageons de g\u00e9rer et de vivre dans les villes\u201d.<\/p>\n<p>La Conf\u00e9rence 2016 des Nations Unies sur le logement et le d\u00e9veloppement urbain durable, appel\u00e9e aussi Habitat III, intervient apr\u00e8s la premi\u00e8re Conf\u00e9rence des Nations Unies sur les \u00e9tablissements humains \u00e0 Vancouver, au Canada, en 1976, et Habitat II, qui a eu lieu en 1996, \u00e0 Istanbul, en Turquie.<\/p>\n<p>L&rsquo;Assembl\u00e9e g\u00e9n\u00e9rale des Nations Unies a reconnu la n\u00e9cessit\u00e9 d&rsquo;une approche plus durable pour aider les villes \u00e0 cro\u00eetre. La conf\u00e9rence se d\u00e9roule dans ce qu&rsquo;on appelle \u201cle Sud global\u201d pour la premi\u00e8re fois, un symbole important, selon le concepteur de facto d&rsquo;Habitat III, Joan Clos, qui est le Directeur ex\u00e9cutif d&rsquo;ONU-Habitat, le Programme des Nations Unies pour les \u00e9tablissements humains.<\/p>\n<p>Il assumera le titre de Secr\u00e9taire g\u00e9n\u00e9ral de la conf\u00e9rence, qui se d\u00e9roulera jusqu&rsquo;au 20 octobre.<\/p>\n<p>\u00ab\u00a0Le Sud global est l\u00e0 o\u00f9 la plupart des gros probl\u00e8me existent, et c&rsquo;est l\u00e0 o\u00f9 nous avons besoin du plus grand soutien\u201d, a dit M. Clos dans un entretien au Centre d&rsquo;actualit\u00e9s de l&rsquo;ONU, avant de se rendre \u00e0 Quito.<\/p>\n<p>\u201cL&rsquo;urbanisation s&rsquo;est acc\u00e9l\u00e9r\u00e9e au cours des 20 derni\u00e8res ann\u00e9es <div class=\"fusion-fullwidth fullwidth-box fusion-builder-row-1 hundred-percent-fullwidth non-hundred-percent-height-scrolling\" style=\"--awb-border-radius-top-left:0px;--awb-border-radius-top-right:0px;--awb-border-radius-bottom-right:0px;--awb-border-radius-bottom-left:0px;--awb-overflow:visible;--awb-flex-wrap:wrap;\" ><div class=\"fusion-builder-row fusion-row\"><div class=\"fusion-layout-column fusion_builder_column fusion-builder-column-0 fusion_builder_column_1_1 1_1 fusion-one-full fusion-column-first fusion-column-last fusion-column-no-min-height\" style=\"--awb-bg-size:cover;--awb-margin-bottom:0px;\"><div class=\"fusion-column-wrapper fusion-flex-column-wrapper-legacy\">[&#8230;] Nous avons d\u00e9couvert que l&rsquo;urbanisation a un potentiel \u00e9norme, et repr\u00e9sente \u00e9galement des risques \u00e9normes\u201d, a-t-il soulign\u00e9, ajoutant que la planification urbaine et le d\u00e9veloppement vont de pair et sont l&rsquo;une des \u201cquestions strat\u00e9giques \u00e9normes\u201d \u00e0 laquelle est confront\u00e9e la plan\u00e8te.<\/p>\n<p>Alors que la conf\u00e9rence va discuter de tous les types d&rsquo;\u00e9tablissements humains, l&rsquo;accent sera mis sur les villes, o\u00f9 54% de la population mondiale vit d\u00e9j\u00e0. Ce chiffre devrait atteindre 66% d&rsquo;ici \u00e0 2050.<\/p>\n<p>Le Secr\u00e9taire g\u00e9n\u00e9ral de l&rsquo;ONU, Ban Ki-moon, doit ouvrir lundi le segment de haut niveau en c\u00e9l\u00e9brant l&rsquo;adoption de la D\u00e9claration de Quito, aux c\u00f4t\u00e9s du Pr\u00e9sident de l&rsquo;Equateur, Rafael Correa, et du Maire de Quito, Mauricio Rodas.<\/p>\n<p>Contrairement aux objectifs fix\u00e9s pour lutter contre le changement climatique dans l&rsquo;Accord de Paris sur le climat, le succ\u00e8s d&rsquo;Habitat III, a d\u00e9clar\u00e9 M. Clos, d\u00e9pendra de politiques plus complexes et nuanc\u00e9es, \u00e9labor\u00e9es avant tout par les responsables politiques nationaux et locaux.<div class=\"fusion-clearfix\"><\/div><\/div><\/div><\/div><\/div><\/p>\n","protected":false},"excerpt":{"rendered":"<p>15 octobre 2016 \u2013 Une conf\u00e9rence mondiale majeure, visant \u00e0  [&#8230;]<\/p>\n","protected":false},"author":136,"featured_media":5512,"comment_status":"closed","ping_status":"closed","sticky":false,"template":"","format":"standard","meta":{"_et_pb_use_builder":"","_et_pb_old_content":"","_et_gb_content_width":"","footnotes":""},"categories":[4],"tags":[],"class_list":["post-5508","post","type-post","status-publish","format-standard","has-post-thumbnail","hentry","category-cities"],"_links":{"self":[{"href":"https:\/\/www.un.org\/sustainabledevelopment\/fr\/wp-json\/wp\/v2\/posts\/5508","targetHints":{"allow":["GET"]}}],"collection":[{"href":"https:\/\/www.un.org\/sustainabledevelopment\/fr\/wp-json\/wp\/v2\/posts"}],"about":[{"href":"https:\/\/www.un.org\/sustainabledevelopment\/fr\/wp-json\/wp\/v2\/types\/post"}],"author":[{"embeddable":true,"href":"https:\/\/www.un.org\/sustainabledevelopment\/fr\/wp-json\/wp\/v2\/users\/136"}],"replies":[{"embeddable":true,"href":"https:\/\/www.un.org\/sustainabledevelopment\/fr\/wp-json\/wp\/v2\/comments?post=5508"}],"version-history":[{"count":0,"href":"https:\/\/www.un.org\/sustainabledevelopment\/fr\/wp-json\/wp\/v2\/posts\/5508\/revisions"}],"wp:featuredmedia":[{"embeddable":true,"href":"https:\/\/www.un.org\/sustainabledevelopment\/fr\/wp-json\/wp\/v2\/media\/5512"}],"wp:attachment":[{"href":"https:\/\/www.un.org\/sustainabledevelopment\/fr\/wp-json\/wp\/v2\/media?parent=5508"}],"wp:term":[{"taxonomy":"category","embeddable":true,"href":"https:\/\/www.un.org\/sustainabledevelopment\/fr\/wp-json\/wp\/v2\/categories?post=5508"},{"taxonomy":"post_tag","embeddable":true,"href":"https:\/\/www.un.org\/sustainabledevelopment\/fr\/wp-json\/wp\/v2\/tags?post=5508"}],"curies":[{"name":"wp","href":"https:\/\/api.w.org\/{rel}","templated":true}]}}