  {"id":5096,"date":"2016-03-15T20:08:22","date_gmt":"2016-03-15T20:08:22","guid":{"rendered":"http:\/\/www.un.org\/sustainabledevelopment\/fr\/?p=5096"},"modified":"2016-03-15T20:08:22","modified_gmt":"2016-03-15T20:08:22","slug":"a-new-york-la-commission-statistique-de-lonu-adopte-des-indicateurs-de-mesure-du-developpement-durable","status":"publish","type":"post","link":"https:\/\/www.un.org\/sustainabledevelopment\/fr\/2016\/03\/15\/a-new-york-la-commission-statistique-de-lonu-adopte-des-indicateurs-de-mesure-du-developpement-durable\/","title":{"rendered":"A New York, la Commission statistique de l&rsquo;ONU adopte des indicateurs de mesure du d\u00e9veloppement durable"},"content":{"rendered":"<p>11 mars 2016 \u2013 A l&rsquo;issue de sa 47\u00e8me session, qui a lieu du 8 au 11 mars au si\u00e8ge de l&rsquo;Organisation \u00e0 New York, la Commission statistique de l&rsquo;ONU a adopt\u00e9 vendredi un cadre global d&rsquo;indicateurs de mesure, qui permettra de rendre compte des progr\u00e8s r\u00e9alis\u00e9s dans la mise en \u0153uvre des Objectifs de d\u00e9veloppement durable (ODD).<\/p>\n<p>L&rsquo;ODD N\u00b017 du Programme de d\u00e9veloppement durable \u00e0 l&rsquo;horizon 2030, adopt\u00e9 en septembre 2015 par les Etats membres, appelle en effet d&rsquo;ici 2020 \u00e0 \u00ab am\u00e9liorer la cr\u00e9ation de capacit\u00e9s en faveur des pays en voie de d\u00e9veloppement, y compris les PMD [pays les moins d\u00e9velopp\u00e9s] et les PEID [petits \u00c9tats insulaires en d\u00e9veloppement], afin d&rsquo;augmenter de mani\u00e8re significative la disponibilit\u00e9 de donn\u00e9es de qualit\u00e9, pertinentes et fiables, ventil\u00e9es par revenus, genre, \u00e2ge, race, ethnicit\u00e9s, statut migratoire, incapacit\u00e9s, location g\u00e9ographique, et autres caract\u00e9ristiques pouvant \u00eatre pertinentes dans le contexte national \u00bb.<\/p>\n<p>Pour r\u00e9pondre \u00e0 cet appel et d\u00e9finir de nouvelles m\u00e9thodes d&rsquo;acquisition et d&rsquo;int\u00e9gration des donn\u00e9es, capables de mesurer fid\u00e8lement les progr\u00e8s r\u00e9alis\u00e9s dans la poursuite des ODD, un groupe d&rsquo;experts inter-agences a \u00e9t\u00e9 cr\u00e9\u00e9 en juin 2015.<\/p>\n<p>A l&rsquo;issue de sa 47\u00e8me session, la Commission statistique de l&rsquo;ONU a adopt\u00e9 la proposition finale du groupe d&rsquo;experts inter-agences concernant un cadre global d&rsquo;indicateurs de mesure des progr\u00e8s r\u00e9alis\u00e9s dans la mise en \u0153uvre des ODD, a indiqu\u00e9 un communiqu\u00e9 de presse rendu public par la Commission.<\/p>\n<p>\u00ab Achever la d\u00e9finition du cadre d&rsquo;indicateurs n&rsquo;est bien s\u00fbr pas une fin en soi \u2013 au contraire, c&rsquo;est le commencement \u00bb, a soulign\u00e9 le Secr\u00e9taire g\u00e9n\u00e9ral adjoint de l&rsquo;ONU aux affaires \u00e9conomiques et sociales, Wu Hongbo, dans une allocution lue par le Secr\u00e9taire g\u00e9n\u00e9ral adjoint charg\u00e9 du d\u00e9veloppement et de la coop\u00e9ration \u00e9conomiques, Lenni Montiel, lors de la 47\u00e8me session de la Commission.<\/p>\n<p>M. Wu a toutefois estim\u00e9 que des am\u00e9liorations seront \u00e0 apporter \u00e0 ce cadre d&rsquo;indicateurs de haute qualit\u00e9 au fil du temps et au gr\u00e8s de l&rsquo;accumulation des connaissances ainsi que des nouveaux outils et sources de donn\u00e9es qui deviendront disponibles.<\/p>\n<p>La Commission de statistique pr\u00e9sentera ult\u00e9rieurement ce cadre global d&rsquo;indicateurs au Conseil \u00e9conomique et social (ECOSOC) et \u00e0 l&rsquo;Assembl\u00e9e g\u00e9n\u00e9rale de l&rsquo;ONU pour son adoption d\u00e9finitive.<\/p>\n","protected":false},"excerpt":{"rendered":"<p>11 mars 2016 \u2013 A l&rsquo;issue de sa 47\u00e8me session,  [&#8230;]<\/p>\n","protected":false},"author":146,"featured_media":5100,"comment_status":"closed","ping_status":"closed","sticky":false,"template":"","format":"standard","meta":{"_et_pb_use_builder":"","_et_pb_old_content":"","_et_gb_content_width":"","footnotes":""},"categories":[16,31],"tags":[],"class_list":["post-5096","post","type-post","status-publish","format-standard","has-post-thumbnail","hentry","category-news","category-developpement-durable"],"_links":{"self":[{"href":"https:\/\/www.un.org\/sustainabledevelopment\/fr\/wp-json\/wp\/v2\/posts\/5096","targetHints":{"allow":["GET"]}}],"collection":[{"href":"https:\/\/www.un.org\/sustainabledevelopment\/fr\/wp-json\/wp\/v2\/posts"}],"about":[{"href":"https:\/\/www.un.org\/sustainabledevelopment\/fr\/wp-json\/wp\/v2\/types\/post"}],"author":[{"embeddable":true,"href":"https:\/\/www.un.org\/sustainabledevelopment\/fr\/wp-json\/wp\/v2\/users\/146"}],"replies":[{"embeddable":true,"href":"https:\/\/www.un.org\/sustainabledevelopment\/fr\/wp-json\/wp\/v2\/comments?post=5096"}],"version-history":[{"count":0,"href":"https:\/\/www.un.org\/sustainabledevelopment\/fr\/wp-json\/wp\/v2\/posts\/5096\/revisions"}],"wp:featuredmedia":[{"embeddable":true,"href":"https:\/\/www.un.org\/sustainabledevelopment\/fr\/wp-json\/wp\/v2\/media\/5100"}],"wp:attachment":[{"href":"https:\/\/www.un.org\/sustainabledevelopment\/fr\/wp-json\/wp\/v2\/media?parent=5096"}],"wp:term":[{"taxonomy":"category","embeddable":true,"href":"https:\/\/www.un.org\/sustainabledevelopment\/fr\/wp-json\/wp\/v2\/categories?post=5096"},{"taxonomy":"post_tag","embeddable":true,"href":"https:\/\/www.un.org\/sustainabledevelopment\/fr\/wp-json\/wp\/v2\/tags?post=5096"}],"curies":[{"name":"wp","href":"https:\/\/api.w.org\/{rel}","templated":true}]}}