  {"id":4781,"date":"2015-12-10T16:27:09","date_gmt":"2015-12-10T16:27:09","guid":{"rendered":"http:\/\/www.un.org\/sustainabledevelopment\/fr\/?p=4781"},"modified":"2017-11-13T12:32:44","modified_gmt":"2017-11-13T17:32:44","slug":"cop21-la-societe-civile-doit-demander-aux-gouvernants-de-rendre-des-comptes-selon-ban-ki-moon","status":"publish","type":"post","link":"https:\/\/www.un.org\/sustainabledevelopment\/fr\/2015\/12\/10\/cop21-la-societe-civile-doit-demander-aux-gouvernants-de-rendre-des-comptes-selon-ban-ki-moon\/","title":{"rendered":"COP21 : la soci\u00e9t\u00e9 civile doit demander aux gouvernants de rendre des comptes, selon Ban Ki-moon"},"content":{"rendered":"<p>10 d\u00e9cembre 2015 \u2013 Alors que la Conf\u00e9rence des Nations Unies sur les changements climatiques (COP21) \u00e0 Paris doit s\u2019achever vendredi 11 d\u00e9cembre, le Secr\u00e9taire g\u00e9n\u00e9ral de l\u2019ONU, Ban Ki-moon, a demand\u00e9 jeudi \u00e0 la soci\u00e9t\u00e9 civile de ne pas rel\u00e2cher la pression et de demander des comptes aux gouvernants qui doivent mettre en oeuvre ce \u00e0 quoi ils se seront engag\u00e9s par \u00e9crit.<\/p>\n<p>\u00ab Une des le\u00e7ons importantes que j\u2019ai apprises pendant ces neuf ans au poste de Secr\u00e9taire g\u00e9n\u00e9ral, c\u2019est qu\u2019aucun gouvernement, aucune organisation internationale ne peut travailler correctement sans l\u2019engagement actif et le soutien de la soci\u00e9t\u00e9 civile \u00bb, a d\u00e9clar\u00e9 Ban Ki-moon aux ONG, lors d\u2019une rencontre en pr\u00e9sence de l\u2019ancien Vice-pr\u00e9sident am\u00e9ricain, Al Gore, aujourd\u2019hui \u00e0 la t\u00eate du \u00ab Climate Reality Project \u00bb.<\/p>\n<p>Au nom de la soci\u00e9t\u00e9 civile, Al Gore a remerci\u00e9 le Secr\u00e9taire g\u00e9n\u00e9ral pour son inlassable leadership dans la r\u00e9solution de la crise climatique. \u00ab J\u2019ai eu l\u2019opportunit\u00e9 de travailler avec vous depuis maintenant quelques ann\u00e9es et peu de gens savent le d\u00e9vouement et l\u2019attention que vous portez \u00e0 cette cause \u00bb, a-t-il ajout\u00e9.<\/p>\n<p>L\u2019ancien Vice-pr\u00e9sident a transmis au Secr\u00e9taire g\u00e9n\u00e9ral une p\u00e9tition sign\u00e9e par 6,2 millions de personnes travers le monde ainsi qu\u2019une d\u00e9claration des groupes de la soci\u00e9t\u00e9 civile pr\u00e9sents \u00e0 la COP21. Ce texte demande un \u00ab accord solide permettant de passer d\u2019un monde de pollution due aux \u00e9missions de carbone \u00e0 un monde de solutions pour le climat \u00bb.<\/p>\n<p>Le Secr\u00e9taire g\u00e9n\u00e9ral a salu\u00e9 la mobilisation de la soci\u00e9t\u00e9 civile et s\u2019est d\u00e9clar\u00e9 \u00ab raisonnablement optimiste \u00bb quant aux chances d\u2019obtenir \u00ab pour la premi\u00e8re fois dans l\u2019histoire des Nations Unies un accord universel et tr\u00e8s ambitieux sur le changement climatique qui rendront nos vies plus saines et plus prosp\u00e8res \u00bb.<\/p>\n<p>La soci\u00e9t\u00e9 civile, a-t-il rappel\u00e9, a demand\u00e9 un accord universel \u00ab \u00e9quitable contraignant et ambitieux \u00bb qui prot\u00e8ge les plus pauvres et les plus vuln\u00e9rables et aidera \u00e0 construire un avenir plus s\u00fbr et plus durable.<\/p>\n<p>Depuis bient\u00f4t deux semaines, les repr\u00e9sentants des gouvernements n\u00e9gocient un accord sur le climat avec pour objectif de limiter la hausse des temp\u00e9ratures en dessous de 2 degr\u00e9s Celsius \u00e0 la fin du si\u00e8cle. Le pr\u00e9sident de la COP21, Laurent Fabius, qui a remis mercredi une \u00e9bauche de texte aux n\u00e9gociateurs, a indiqu\u00e9 son intention de conclure cet accord vendredi.<\/p>\n<p>\u00ab Nous n\u2019en serions pas l\u00e0 aujourd\u2019hui, \u00e0 Paris, avec 196 parties pr\u00eates \u00e0 adopter un accord sur le climat sans le leadership et la vision de la soci\u00e9t\u00e9 civile \u00bb, a estim\u00e9 le Secr\u00e9taire g\u00e9n\u00e9ral.<\/p>\n<p>Apr\u00e8s Paris, \u00ab vos voix seront plus utiles que jamais \u00bb, leur a-t-il dit.<\/p>\n<p>Pour lui, la soci\u00e9t\u00e9 civile a un r\u00f4le crucial \u00e0 jouer dans la mise en \u0153uvre des actions concr\u00e8tes sur le terrain.<\/p>\n<p>\u00ab Vous travaillez avec les villes, avec les communaut\u00e9s, soutenant leurs efforts pour r\u00e9duire les \u00e9missions de gaz \u00e0 effet de serre et \u00e0 renforcer la r\u00e9silience aux changements climatiques. Vous avez d\u00e9velopp\u00e9 de nouvelles m\u00e9thodes de travail et des solutions efficaces et innovantes. Je vous encourage \u00e0 continuer \u00e0 exiger plus de vos gouvernements \u00bb, a d\u00e9clar\u00e9 Ban Ki-moon.<\/p>\n<p>De son c\u00f4t\u00e9, la Directrice adjointe de l\u2019ONG Avaaz, Emma Ruby Sachs, a annonc\u00e9 qu\u2019elle repr\u00e9sentait plus de 3 millions de personnes qui demandent 100% d\u2019\u00e9nergies renouvelables d\u00e8s 2050.<\/p>\n<p>\u00ab Cet objectif ambitieux est un rep\u00e8re mais ces gens attendent autre chose : cette conf\u00e9rence peut \u00eatre un nouvel espoir dans le processus onusien et dans les capacit\u00e9s des gouvernements \u00e0 travailler ensemble et \u00e0 coop\u00e9rer \u00bb, a d\u00e9clar\u00e9 Mme Sachs. \u00ab Cela va plus loin que le climat, il s\u2019agit de notre capacit\u00e9 \u00e0 r\u00e9soudre les probl\u00e8mes du monde \u00bb.<\/p>\n","protected":false},"excerpt":{"rendered":"<p>10 d\u00e9cembre 2015 \u2013 Alors que la Conf\u00e9rence des Nations  [&#8230;]<\/p>\n","protected":false},"author":136,"featured_media":4785,"comment_status":"closed","ping_status":"closed","sticky":false,"template":"","format":"standard","meta":{"_et_pb_use_builder":"","_et_pb_old_content":"","_et_gb_content_width":"","footnotes":""},"categories":[16,5,18],"tags":[],"class_list":["post-4781","post","type-post","status-publish","format-standard","has-post-thumbnail","hentry","category-news","category-climate-change","category-partnerships"],"_links":{"self":[{"href":"https:\/\/www.un.org\/sustainabledevelopment\/fr\/wp-json\/wp\/v2\/posts\/4781","targetHints":{"allow":["GET"]}}],"collection":[{"href":"https:\/\/www.un.org\/sustainabledevelopment\/fr\/wp-json\/wp\/v2\/posts"}],"about":[{"href":"https:\/\/www.un.org\/sustainabledevelopment\/fr\/wp-json\/wp\/v2\/types\/post"}],"author":[{"embeddable":true,"href":"https:\/\/www.un.org\/sustainabledevelopment\/fr\/wp-json\/wp\/v2\/users\/136"}],"replies":[{"embeddable":true,"href":"https:\/\/www.un.org\/sustainabledevelopment\/fr\/wp-json\/wp\/v2\/comments?post=4781"}],"version-history":[{"count":0,"href":"https:\/\/www.un.org\/sustainabledevelopment\/fr\/wp-json\/wp\/v2\/posts\/4781\/revisions"}],"wp:featuredmedia":[{"embeddable":true,"href":"https:\/\/www.un.org\/sustainabledevelopment\/fr\/wp-json\/wp\/v2\/media\/4785"}],"wp:attachment":[{"href":"https:\/\/www.un.org\/sustainabledevelopment\/fr\/wp-json\/wp\/v2\/media?parent=4781"}],"wp:term":[{"taxonomy":"category","embeddable":true,"href":"https:\/\/www.un.org\/sustainabledevelopment\/fr\/wp-json\/wp\/v2\/categories?post=4781"},{"taxonomy":"post_tag","embeddable":true,"href":"https:\/\/www.un.org\/sustainabledevelopment\/fr\/wp-json\/wp\/v2\/tags?post=4781"}],"curies":[{"name":"wp","href":"https:\/\/api.w.org\/{rel}","templated":true}]}}