  {"id":4749,"date":"2015-12-07T17:33:49","date_gmt":"2015-12-07T17:33:49","guid":{"rendered":"http:\/\/www.un.org\/sustainabledevelopment\/fr\/?p=4749"},"modified":"2017-11-13T12:32:46","modified_gmt":"2017-11-13T17:32:46","slug":"cop21-nous-avons-loccasion-unique-de-forger-notre-propre-destin-dit-ban-ki-moon","status":"publish","type":"post","link":"https:\/\/www.un.org\/sustainabledevelopment\/fr\/2015\/12\/07\/cop21-nous-avons-loccasion-unique-de-forger-notre-propre-destin-dit-ban-ki-moon\/","title":{"rendered":"COP21 : \u201cNous avons l\u2019occasion unique de forger notre propre destin,\u201d dit Ban Ki-moon"},"content":{"rendered":"<p>7 d\u00e9cembre 2015 \u2013 \u00ab Notre avenir m\u00eame est menac\u00e9. Mais ici, \u00e0 Paris, nous avons l\u2019occasion unique de forger notre propre destin \u00bb, a lanc\u00e9 lundi le Secr\u00e9taire g\u00e9n\u00e9ral des Nations Unies, Ban Ki-moon, \u00e0 l\u2019adresse des ministres et n\u00e9gociateurs lors de la Conf\u00e9rence sur le climat (COP21).<\/p>\n<p>\u00ab Si nous arrivons \u00e0 relever le d\u00e9fi des changements climatiques, nous assurerons l\u2019avenir des g\u00e9n\u00e9rations \u00e0 venir et poserons les bases d\u2019un monde prosp\u00e8re et s\u00fbr pour tous ses habitants \u00bb, a-t-il poursuivi.<\/p>\n<p>Cette seconde semaine de n\u00e9gociations doit aboutir \u00e0 un accord universel pour limiter la hausse des temp\u00e9ratures en dessous de 2 degr\u00e9s.<\/p>\n<p>Il y a une semaine, les dirigeants de 150 pays se sont engag\u00e9s \u00e0 tout faire pour que soit conclu l\u2019accord mondial solide dont nous avons besoin pour relever ce d\u00e9fi, a rappel\u00e9 le secr\u00e9taire g\u00e9n\u00e9ral. \u00ab Jamais auparavant tant de chefs d\u2019\u00c9tat et de gouvernement ne s\u2019\u00e9taient retrouv\u00e9s en m\u00eame temps en un m\u00eame lieu pour s\u2019atteler \u00e0 une m\u00eame t\u00e2che \u00bb.<\/p>\n<p>M\u00eame si \u00e0 Paris, la marche pour le climat a d\u00fb \u00eatre annul\u00e9e, le chef de l\u2019ONU a not\u00e9 des centaines de milliers de voix dans la soci\u00e9t\u00e9 civile, du secteur priv\u00e9 et de chefs religieux, comme celle du Pape, se sont \u00e9lev\u00e9es pour plaider pour un accord global et robuste. \u00ab Tous, nous avons l\u2019obligation morale d\u2019entendre ces voix \u00bb, a-t-il dit.<\/p>\n<p>Ces voix demandent, a pr\u00e9cis\u00e9 le Secr\u00e9taire g\u00e9n\u00e9ral, \u00ab premi\u00e8rement que l\u2019accord permette de limiter la hausse des temp\u00e9ratures en dessous de 2 degr\u00e9s \u00bb. \u00ab Pour beaucoup, notamment les \u00eeles basses et les pays les moins d\u00e9velopp\u00e9s, m\u00eame une hausse de 1,5 degr\u00e9s aurait des cons\u00e9quences graves \u00bb, a-t-il ajout\u00e9.<\/p>\n<p>\u00ab Deuxi\u00e8mement, nous devons faire bien comprendre au secteur priv\u00e9 que la transformation qui nous dotera d\u2019une \u00e9conomie mondiale \u00e0 faibles \u00e9missions est in\u00e9vitable, b\u00e9n\u00e9fique, et d\u00e9j\u00e0 en cours. Troisi\u00e8mement, les pays d\u00e9velopp\u00e9s doivent accepter de jouer un r\u00f4le moteur et les pays en d\u00e9veloppement doivent assumer une part croissante de responsabilit\u00e9, selon leurs capacit\u00e9s. Quatri\u00e8mement, l\u2019accord doit garantir que les pays en d\u00e9veloppement, en particulier les plus pauvres et les plus vuln\u00e9rables d\u2019entre eux, b\u00e9n\u00e9ficieront d\u2019un appui suffisant et \u00e9quilibr\u00e9 sur les plans de l\u2019adaptation aux changements climatiques et de l\u2019att\u00e9nuation des effets de ces changements \u00bb, a-t-il pr\u00e9cis\u00e9.<\/p>\n<p>De plus, l\u2019accord doit \u00ab instituer un dispositif unique qui permette de mesurer les progr\u00e8s accomplis sur tous les plans, de les suivre et d\u2019en rendre compte de fa\u00e7on transparente \u00bb.<\/p>\n<p>Il s\u2019est rem\u00e9mor\u00e9 ce que lui a dit hier une jeune exploratrice norv\u00e9gienne, \u00e0 bord du bateau scientifique Tara, \u00ab Nous sommes l\u2019avenir. Et notre avenir d\u00e9pend de ce que vous d\u00e9ciderez aujourd\u2019hui \u00bb.<\/p>\n<p>La Secr\u00e9taire ex\u00e9cutive de la Convention-cadre des Nations Unies sur les changements climatiques (CCNUCC), Christiana Figueres, s\u2019est f\u00e9licit\u00e9e des mesures annonc\u00e9es au cours de la premi\u00e8re semaine de la COP21 dans le cadre du Programme d\u2019action Lima-Paris.<\/p>\n<p>\u00ab Des engagements ont laiss\u00e9 place \u00e0 une r\u00e9elle action de la part des investisseurs, des entreprises, des autorit\u00e9s au niveau r\u00e9gional et municipal, et de la soci\u00e9t\u00e9 civile dans son ensemble \u00bb, a-t-elle dit.<\/p>\n<p>S\u2019exprimant lors de la session minist\u00e9rielle de haut niveau, le Pr\u00e9sident de l\u2019Assembl\u00e9e g\u00e9n\u00e9rale des Nations Unies, Mogens Lykketoft, a d\u00e9clar\u00e9 de son c\u00f4t\u00e9 que si l\u2019ann\u00e9e 2015 concerne la conclusion d\u2019accords, l\u2019ann\u00e9e 2016 aura pour programme leur mise en \u0153uvre rapide. Il a annonc\u00e9 qu\u2019il organiserait une r\u00e9union \u00e0 New York en avril pour aider \u00e0 r\u00e9aliser les objectifs de d\u00e9veloppement durable (ODD) qui ont \u00e9t\u00e9 adopt\u00e9s \u00e0 l\u2019unanimit\u00e9 cette ann\u00e9e par tous les \u00c9tats membres de l\u2019ONU.<\/p>\n<ol>\n<li>Lykketoft a pr\u00e9venu qu\u2019un accord universel robuste sur le climat \u00e0 Paris \u00e9tait un fondement essentiel pour que le monde puisse \u00e9viter de franchir le seuil d\u2019une hausse de la temp\u00e9rature mondiale moyenne de 2 degr\u00e9s Celsius.<\/li>\n<\/ol>\n<p>Lors d\u2019une conf\u00e9rence de presse plus tard dans la journ\u00e9e, M. Ban a d\u00e9clar\u00e9 que \u00ab de Lagos \u00e0 Los Angeles, de Berlin \u00e0 Beijing, les gens demandent de l\u2019air propre et un avenir pacifique et prosp\u00e8re pour leurs enfants et les g\u00e9n\u00e9rations \u00e0 venir, et aussi une plan\u00e8te en bonne sant\u00e9 \u00bb.<\/p>\n<p>\u00ab Nous sommes sur le point d\u2019arriver \u00e0 l\u2019un des accords de paix les plus importants de notre temps &#8211; faire la paix avec notre plan\u00e8te \u00bb, a-t-il d\u00e9clar\u00e9.<\/p>\n","protected":false},"excerpt":{"rendered":"<p>7 d\u00e9cembre 2015 \u2013 \u00ab Notre avenir m\u00eame est menac\u00e9.  [&#8230;]<\/p>\n","protected":false},"author":136,"featured_media":4753,"comment_status":"closed","ping_status":"closed","sticky":false,"template":"","format":"standard","meta":{"_et_pb_use_builder":"","_et_pb_old_content":"","_et_gb_content_width":"","footnotes":""},"categories":[16,5],"tags":[],"class_list":["post-4749","post","type-post","status-publish","format-standard","has-post-thumbnail","hentry","category-news","category-climate-change"],"_links":{"self":[{"href":"https:\/\/www.un.org\/sustainabledevelopment\/fr\/wp-json\/wp\/v2\/posts\/4749","targetHints":{"allow":["GET"]}}],"collection":[{"href":"https:\/\/www.un.org\/sustainabledevelopment\/fr\/wp-json\/wp\/v2\/posts"}],"about":[{"href":"https:\/\/www.un.org\/sustainabledevelopment\/fr\/wp-json\/wp\/v2\/types\/post"}],"author":[{"embeddable":true,"href":"https:\/\/www.un.org\/sustainabledevelopment\/fr\/wp-json\/wp\/v2\/users\/136"}],"replies":[{"embeddable":true,"href":"https:\/\/www.un.org\/sustainabledevelopment\/fr\/wp-json\/wp\/v2\/comments?post=4749"}],"version-history":[{"count":0,"href":"https:\/\/www.un.org\/sustainabledevelopment\/fr\/wp-json\/wp\/v2\/posts\/4749\/revisions"}],"wp:featuredmedia":[{"embeddable":true,"href":"https:\/\/www.un.org\/sustainabledevelopment\/fr\/wp-json\/wp\/v2\/media\/4753"}],"wp:attachment":[{"href":"https:\/\/www.un.org\/sustainabledevelopment\/fr\/wp-json\/wp\/v2\/media?parent=4749"}],"wp:term":[{"taxonomy":"category","embeddable":true,"href":"https:\/\/www.un.org\/sustainabledevelopment\/fr\/wp-json\/wp\/v2\/categories?post=4749"},{"taxonomy":"post_tag","embeddable":true,"href":"https:\/\/www.un.org\/sustainabledevelopment\/fr\/wp-json\/wp\/v2\/tags?post=4749"}],"curies":[{"name":"wp","href":"https:\/\/api.w.org\/{rel}","templated":true}]}}