  {"id":4693,"date":"2015-12-03T16:53:07","date_gmt":"2015-12-03T16:53:07","guid":{"rendered":"http:\/\/www.un.org\/sustainabledevelopment\/fr\/?p=4693"},"modified":"2017-11-13T12:32:46","modified_gmt":"2017-11-13T17:32:46","slug":"agir-maintenant-pour-lavenir-le-projet-unicef-de-jeunes-cartographes-du-climat-presente-a-la-cop21","status":"publish","type":"post","link":"https:\/\/www.un.org\/sustainabledevelopment\/fr\/2015\/12\/03\/agir-maintenant-pour-lavenir-le-projet-unicef-de-jeunes-cartographes-du-climat-presente-a-la-cop21\/","title":{"rendered":"\u00ab Agir maintenant pour l\u2019avenir \u00bb : le projet ±¬ÁÏÍøICEF de jeunes cartographes du climat pr\u00e9sent\u00e9 \u00e0 la COP21"},"content":{"rendered":"<p>3 d\u00e9cembre 2015 \u2013 Ils ont entre 14 et 26 ans, viennent de 11 pays de tous les continents, vivent des r\u00e9alit\u00e9s diverses, parlent des langues diff\u00e9rentes mais ils ont tous le m\u00eame objectif : participer \u00e0 la lutte contre le changement climatique.<\/p>\n<p>R\u00e9unis par l\u2019±¬ÁÏÍøICEF dans le projet\u00a0<a href=\"http:\/\/cop21.unicef.fr\/\">\u00ab Act now for tomorrow \u00bb<\/a>, (Agir maintenant pour l\u2019avenir), ils sont les t\u00e9moins de l\u2019impact des d\u00e9r\u00e8glements climatiques dans leur pays et ils rapportent ce qu\u2019ils voient sur une carte interactive. Un \u00ab mapping \u00bb mondial de ce que subissent les peuples et la plan\u00e8te. En photo, en vid\u00e9o, avec des t\u00e9moignages, ils racontent les s\u00e9cheresses, les inondations, les eaux pollu\u00e9es, la d\u00e9forestation et l\u2019impact sur les communaut\u00e9s.<\/p>\n<p>En tout, ils sont 150 \u00e0 participer \u00e0 ce projet et une dizaine d\u2019entre eux a eu l\u2019opportunit\u00e9 de se rencontrer, de parler de leurs exp\u00e9riences respectives et de leur projet commun pendant la conf\u00e9rence des jeunes, la COY11, qui s\u2019est tenue \u00e0 Paris du 26 au 28 novembre et depuis lundi \u00e0 la COP21, au Bourget.<\/p>\n<p>Parmi eux, Islamane Abdou du Niger. En master II de communication, il documente depuis plusieurs mois la d\u00e9gradation de l\u2019environnement dans le Sahel, les eaux pollu\u00e9es du fleuve Niger mais aussi les cons\u00e9quences dramatiques de la s\u00e9cheresse sur son pays.<\/p>\n<p>\u00ab Il y a de moins en moins de terres cultivables et la pression d\u00e9mographique est tr\u00e8s forte. Les populations qui vivent essentiellement de l\u2019agriculture ont de plus en plus de mal \u00e0 se nourrir \u00bb, explique-t-il. \u00ab Beaucoup de jeunes, faute de pouvoir trouver du travail se d\u00e9placent, ils partent vers les pays voisins ou plus loin, vers l\u2019Europe. Certains sont attir\u00e9s par les groupes arm\u00e9s \u00bb, ajoute-t-il.<\/p>\n<p>Zandy, 19 ans, Guat\u00e9malt\u00e8que, \u00e9tudie la nutrition. Elle est tr\u00e8s inqui\u00e8te de l\u2019impact des changements climatiques sur la sant\u00e9 et notamment sur la malnutrition des enfants, \u00e0 cause notamment des s\u00e9cheresses et de l\u2019acc\u00e8s difficile \u00e0 une nourriture saine, vari\u00e9e et en quantit\u00e9 suffisante. Elle a \u00e9t\u00e9 aussi tr\u00e8s choqu\u00e9e de voir l\u2019impact sur les populations, la faune et la flore de la pollution des rivi\u00e8res par des industries locales.<\/p>\n<p>\u00ab Il est tr\u00e8s important que les gouvernements consid\u00e8rent la jeunesse comme partie prenante, acteur du changement. Nous sommes ici \u00e0 la COP21 parce que nous voulons que nos voix soient entendues, que l\u2019on en tienne compte dans l\u2019\u00e9laboration des politiques publique. \u00bb<\/p>\n<p>Venue de l\u2019\u00eele de Born\u00e9o, en Malaisie, Bellinda, 22 ans, partage le m\u00eame engagement et enthousiasme \u00e0 partager son exp\u00e9rience sur une plateforme digitale mondiale.<\/p>\n<p>\u00ab Le probl\u00e8me principal chez nous est la d\u00e9forestation massive, qui affecte les populations et la biodiversit\u00e9 \u00bb. \u00ab En tant que peuple indig\u00e8ne nous voulons faire valoir nos droits et faire comprendre que nous faisons partie de la solution pour att\u00e9nuer l\u2019impact des changements climatiques \u00bb, ajoute cette jeune ing\u00e9nieure en conservation de la nature.<\/p>\n<p>Ces jeunes ne contribuent pas seulement \u00e0 cartographier les d\u00e9g\u00e2ts. Sur leur plateforme ils partagent aussi des solutions. Ils sont positifs et motiv\u00e9s et s\u2019enrichissent mutuellement de leurs exp\u00e9riences.<\/p>\n","protected":false},"excerpt":{"rendered":"<p>3 d\u00e9cembre 2015 \u2013 Ils ont entre 14 et 26  [&#8230;]<\/p>\n","protected":false},"author":136,"featured_media":4697,"comment_status":"closed","ping_status":"closed","sticky":false,"template":"","format":"standard","meta":{"_et_pb_use_builder":"","_et_pb_old_content":"","_et_gb_content_width":"","footnotes":""},"categories":[16,5],"tags":[],"class_list":["post-4693","post","type-post","status-publish","format-standard","has-post-thumbnail","hentry","category-news","category-climate-change"],"_links":{"self":[{"href":"https:\/\/www.un.org\/sustainabledevelopment\/fr\/wp-json\/wp\/v2\/posts\/4693","targetHints":{"allow":["GET"]}}],"collection":[{"href":"https:\/\/www.un.org\/sustainabledevelopment\/fr\/wp-json\/wp\/v2\/posts"}],"about":[{"href":"https:\/\/www.un.org\/sustainabledevelopment\/fr\/wp-json\/wp\/v2\/types\/post"}],"author":[{"embeddable":true,"href":"https:\/\/www.un.org\/sustainabledevelopment\/fr\/wp-json\/wp\/v2\/users\/136"}],"replies":[{"embeddable":true,"href":"https:\/\/www.un.org\/sustainabledevelopment\/fr\/wp-json\/wp\/v2\/comments?post=4693"}],"version-history":[{"count":0,"href":"https:\/\/www.un.org\/sustainabledevelopment\/fr\/wp-json\/wp\/v2\/posts\/4693\/revisions"}],"wp:featuredmedia":[{"embeddable":true,"href":"https:\/\/www.un.org\/sustainabledevelopment\/fr\/wp-json\/wp\/v2\/media\/4697"}],"wp:attachment":[{"href":"https:\/\/www.un.org\/sustainabledevelopment\/fr\/wp-json\/wp\/v2\/media?parent=4693"}],"wp:term":[{"taxonomy":"category","embeddable":true,"href":"https:\/\/www.un.org\/sustainabledevelopment\/fr\/wp-json\/wp\/v2\/categories?post=4693"},{"taxonomy":"post_tag","embeddable":true,"href":"https:\/\/www.un.org\/sustainabledevelopment\/fr\/wp-json\/wp\/v2\/tags?post=4693"}],"curies":[{"name":"wp","href":"https:\/\/api.w.org\/{rel}","templated":true}]}}