  {"id":468,"date":"2015-01-22T16:13:04","date_gmt":"2015-01-22T16:13:04","guid":{"rendered":"http:\/\/www.un.org\/sustainabledevelopment\/?p=468"},"modified":"2017-11-13T12:33:42","modified_gmt":"2017-11-13T17:33:42","slug":"private-sector-care-economy-will-key-engines-job-creation-next-5-years-un-report","status":"publish","type":"post","link":"https:\/\/www.un.org\/sustainabledevelopment\/fr\/2015\/01\/22\/private-sector-care-economy-will-key-engines-job-creation-next-5-years-un-report\/","title":{"rendered":"Plus de 2,1 millions d&#8217;emplois pourraient \u00eatre cr\u00e9\u00e9s gr\u00e2ce au plan d\u2019investissement europ\u00e9en, selon l&rsquo;OIT"},"content":{"rendered":"<p>Plus de 2,1 millions de nouveaux emplois pourraient \u00eatre cr\u00e9\u00e9s d&rsquo;ici \u00e0 la mi-2018 dans le cadre du plan d&rsquo;investissement de trois ans mis en place par le Pr\u00e9sident de la Commission europ\u00e9enne (CE), Jean-Claude Juncker, affirme l&rsquo;Organisation internationale du Travail (OIT).<\/p>\n<p>Un rapport de l&rsquo;OIT intitul\u00e9 \u00ab Une strat\u00e9gie d&rsquo;investissement orient\u00e9e vers l&#8217;emploi pour l&rsquo;Europe \u00bb montre que les efforts d&rsquo;investissement conjugu\u00e9s des secteurs public et priv\u00e9 d&rsquo;une valeur de 315 milliards d&rsquo;euros pourraient renforcer la comp\u00e9titivit\u00e9 de l&rsquo;Europe et contribuer \u00e0 r\u00e9soudre la crise de l&#8217;emploi. La r\u00e9ussite d\u00e9pend toutefois de la fa\u00e7on dont le programme est con\u00e7u.<\/p>\n<p>Le Directeur du D\u00e9partement de la recherche de l&rsquo;OIT, Raymond Torres, indique que le plan \u00abpourrait \u00eatre compl\u00e9mentaire des mesures mon\u00e9taires r\u00e9cemment annonc\u00e9es par la Banque centrale europ\u00e9enne, en encourageant l&rsquo;investissement des entreprises, la croissance et la cr\u00e9ation d&#8217;emplois\u00bb.<\/p>\n<p>Mais pour faire sensiblement reculer le ch\u00f4mage, le plan doit d&rsquo;abord comporter une part significative d&rsquo;investissement priv\u00e9, surtout dans les petites entreprises souvent cr\u00e9atrices d&#8217;emplois. Deuxi\u00e8mement, il devrait s&rsquo;attaquer aux \u00e9normes disparit\u00e9s qui existent en mati\u00e8re de ch\u00f4mage \u00e0 l&rsquo;\u00e9chelle de l&rsquo;Union europ\u00e9enne, afin que les \u00e9conomies qui en ont le plus besoin puissent b\u00e9n\u00e9ficier de ces fonds. En l&rsquo;absence de ces deux conditions, le plan ne fera pas ou peu progresser la situation de l&#8217;emploi dans l&rsquo;UE.<\/p>\n<p>En outre, il est crucial que le plan s&rsquo;accompagne d&rsquo;une strat\u00e9gie d&#8217;emploi \u00e0 long terme qui donne la priorit\u00e9 \u00e0 des emplois de qualit\u00e9 et des r\u00e9formes \u00e9quilibr\u00e9es.<\/p>\n<p>Ce plan d&rsquo;investissement arrive \u00e0 un moment o\u00f9 la situation europ\u00e9enne de l&#8217;emploi demeure fragile et in\u00e9gale.<\/p>\n<p>En moyenne, le taux de ch\u00f4mage se situe \u00e0 environ 10%, soit pr\u00e8s de trois points de pourcentage de plus que le taux pr\u00e9valant avant la crise mondiale de 2008. De plus, pr\u00e8s de la moiti\u00e9 des demandeurs d&#8217;emploi sont au ch\u00f4mage depuis plus d&rsquo;un an. Les femmes et les jeunes sont affect\u00e9s de mani\u00e8re disproportionn\u00e9e.<\/p>\n<p>On constate aussi d&rsquo;\u00e9normes disparit\u00e9s entre les pays, avec des taux de ch\u00f4mage constamment \u00e9lev\u00e9s en Europe du Sud et dans certaines r\u00e9gions d&rsquo;Europe centrale. Au troisi\u00e8me trimestre 2014, le taux de ch\u00f4mage d\u00e9passait 23% en Espagne et 25% en Gr\u00e8ce. Trois ans auparavant, les deux pays affichaient des taux de ch\u00f4mage de 8%.<\/p>\n<p>\u00ab Cette \u00e9volution a entrain\u00e9 d&rsquo;immenses co\u00fbts \u00e9conomiques et sociaux; les pires r\u00e9percussions ont eu lieu en Europe du Sud mais les m\u00e9nages et les travailleurs en ont p\u00e2ti dans toute la r\u00e9gion \u00bb, rel\u00e8ve Sandra Polaski, directrice g\u00e9n\u00e9rale adjointe de l&rsquo;OIT charg\u00e9e des politiques. \u00ab L&rsquo;urgence de rem\u00e9dier \u00e0 ces pertes augmente de jour en jour \u00bb.<\/p>\n<p>Les personnes qui ont \u00e9t\u00e9 priv\u00e9es d&#8217;emploi pendant de longues p\u00e9riodes risquent davantage de se d\u00e9courager et de quitter le march\u00e9 du travail pour de bon. En Europe, la faiblesse de la demande affecte l&rsquo;investissement des entreprises, compromettant ainsi la comp\u00e9titivit\u00e9.<\/p>\n<p>Avec l&rsquo;\u00e9rosion des comp\u00e9tences, l&#8217;employabilit\u00e9 des travailleurs se d\u00e9t\u00e9riore \u2013 ce qui rend plus difficile de retrouver un emploi au moment o\u00f9 le march\u00e9 du travail repart. Ce constat vaut particuli\u00e8rement pour les jeunes.<\/p>\n<p><a href=\"https:\/\/www.un.org\/apps\/newsFr\/storyF.asp?NewsID=34152&amp;Kw1\"><\/a>via le Centre d&rsquo;actualit\u00e9s de l&rsquo;ONU<\/a><\/p>\n","protected":false},"excerpt":{"rendered":"<p>Plus de 2,1 millions de nouveaux emplois pourraient \u00eatre cr\u00e9\u00e9s d&rsquo;ici \u00e0 la mi-2018 dans le cadre du plan d&rsquo;investissement de trois ans mis en place par le Pr\u00e9sident de la Commission europ\u00e9enne (CE), Jean-Claude Juncker, affirme l&rsquo;Organisation internationale du Travail (OIT).<\/p>\n","protected":false},"author":136,"featured_media":469,"comment_status":"closed","ping_status":"closed","sticky":false,"template":"","format":"standard","meta":{"_et_pb_use_builder":"","_et_pb_old_content":"","_et_gb_content_width":"","footnotes":""},"categories":[16,6],"tags":[],"class_list":["post-468","post","type-post","status-publish","format-standard","has-post-thumbnail","hentry","category-news","category-economic-growth"],"_links":{"self":[{"href":"https:\/\/www.un.org\/sustainabledevelopment\/fr\/wp-json\/wp\/v2\/posts\/468","targetHints":{"allow":["GET"]}}],"collection":[{"href":"https:\/\/www.un.org\/sustainabledevelopment\/fr\/wp-json\/wp\/v2\/posts"}],"about":[{"href":"https:\/\/www.un.org\/sustainabledevelopment\/fr\/wp-json\/wp\/v2\/types\/post"}],"author":[{"embeddable":true,"href":"https:\/\/www.un.org\/sustainabledevelopment\/fr\/wp-json\/wp\/v2\/users\/136"}],"replies":[{"embeddable":true,"href":"https:\/\/www.un.org\/sustainabledevelopment\/fr\/wp-json\/wp\/v2\/comments?post=468"}],"version-history":[{"count":0,"href":"https:\/\/www.un.org\/sustainabledevelopment\/fr\/wp-json\/wp\/v2\/posts\/468\/revisions"}],"wp:featuredmedia":[{"embeddable":true,"href":"https:\/\/www.un.org\/sustainabledevelopment\/fr\/wp-json\/wp\/v2\/media\/469"}],"wp:attachment":[{"href":"https:\/\/www.un.org\/sustainabledevelopment\/fr\/wp-json\/wp\/v2\/media?parent=468"}],"wp:term":[{"taxonomy":"category","embeddable":true,"href":"https:\/\/www.un.org\/sustainabledevelopment\/fr\/wp-json\/wp\/v2\/categories?post=468"},{"taxonomy":"post_tag","embeddable":true,"href":"https:\/\/www.un.org\/sustainabledevelopment\/fr\/wp-json\/wp\/v2\/tags?post=468"}],"curies":[{"name":"wp","href":"https:\/\/api.w.org\/{rel}","templated":true}]}}