  {"id":4653,"date":"2015-11-25T16:28:13","date_gmt":"2015-11-25T16:28:13","guid":{"rendered":"http:\/\/www.un.org\/sustainabledevelopment\/fr\/?p=4653"},"modified":"2017-11-13T12:32:53","modified_gmt":"2017-11-13T17:32:53","slug":"cop21-il-faut-arriver-a-un-accord-a-paris-le-conseiller-special-de-lonu-sur-le-climat","status":"publish","type":"post","link":"https:\/\/www.un.org\/sustainabledevelopment\/fr\/2015\/11\/25\/cop21-il-faut-arriver-a-un-accord-a-paris-le-conseiller-special-de-lonu-sur-le-climat\/","title":{"rendered":"COP21 : \u00ab Il faut arriver \u00e0 un accord \u00e0 Paris \u00bb &#8211; le Conseiller sp\u00e9cial de l\u2019ONU sur le climat"},"content":{"rendered":"<p>25 novembre 2015 \u2013\u00a0<strong><em>Alors que la Conf\u00e9rence des Nations Unies sur les changements climatiques (COP21) s\u2019ouvre lundi 30 novembre \u00e0 Paris, l\u2019ONU rappelle que cette conf\u00e9rence qui va durer deux semaines repr\u00e9sente un moment d\u00e9cisif pour l\u2019avenir de la plan\u00e8te.<\/em><\/strong><\/p>\n<p><strong><em>A partir de lundi, les chefs d\u2019Etat et de gouvernement de plus de 147 pays d\u00e9buteront les n\u00e9gociations destin\u00e9es \u00e0 aboutir \u00e0 un nouvel accord global sur le climat. Son but\u2014maintenir la hausse des temp\u00e9ratures sous la barre de 2 degr\u00e9s Celsius. Sinon, selon les scientifiques, certaines cons\u00e9quences du r\u00e9chauffement plan\u00e9taire deviendront irr\u00e9versibles.<\/em><\/strong><\/p>\n<p><strong><em>Cette conf\u00e9rence, organis\u00e9e par le secr\u00e9tariat de la Convention-cadre des Nations unies sur les changements climatiques (CCNUCC)\u00a0jusqu\u2019au 11 d\u00e9cembre, vise \u00e9galement \u00e0 envoyer un signal fort et clair aux citoyens, aux march\u00e9s et au secteur priv\u00e9\u00a0: la transformation de l\u2019\u00e9conomie globale est in\u00e9vitable, avantageuse, et elle a d\u00e9j\u00e0 commenc\u00e9.<\/em><\/strong><\/p>\n<p>Pour en savoir plus sur la COP21 et sur les attentes de l\u2019Organisation, le Centre d\u2019actualit\u00e9s de l\u2019ONU s\u2019est entretenu avec le Sous-Secr\u00e9taire g\u00e9n\u00e9ral des Nations Unies aux changements climatiques Janos Pasztor. Depuis le mois de janvier, M. Pasztor concentre ses efforts sur la mobilisation de la communaut\u00e9 internationale, pour qu\u2019ensemble, un nouvel\u00a0 accord sur le climat puisse \u00eatre conclu.<\/p>\n<div class=\"fusion-fullwidth fullwidth-box fusion-builder-row-1 hundred-percent-fullwidth non-hundred-percent-height-scrolling\" style=\"--awb-border-radius-top-left:0px;--awb-border-radius-top-right:0px;--awb-border-radius-bottom-right:0px;--awb-border-radius-bottom-left:0px;--awb-overflow:visible;--awb-flex-wrap:wrap;\" ><div class=\"fusion-builder-row fusion-row\"><div class=\"fusion-layout-column fusion_builder_column fusion-builder-column-0 fusion_builder_column_1_1 1_1 fusion-one-full fusion-column-first fusion-column-last fusion-column-no-min-height\" style=\"--awb-bg-size:cover;--awb-margin-bottom:0px;\"><div class=\"fusion-column-wrapper fusion-flex-column-wrapper-legacy\"><div class=\"fusion-video fusion-youtube\" style=\"--awb-max-width:600px;--awb-max-height:350px;\"><div class=\"video-shortcode\"><div class=\"fluid-width-video-wrapper\" style=\"padding-top:58.33%;\" ><iframe title=\"YouTube video player 1\" src=\"https:\/\/www.youtube.com\/embed\/sY0HJPOSv64?wmode=transparent&autoplay=0\" width=\"600\" height=\"350\" allowfullscreen allow=\"autoplay; clipboard-write; encrypted-media; gyroscope; picture-in-picture;\"><\/iframe><\/div><\/div><\/div><div class=\"fusion-text fusion-text-1\"><p><strong>Centre d\u2019actualit\u00e9s de l\u2019ONU : Quelle est l\u2019importance du Sommet qui d\u00e9bute \u00e0 Paris dans quelques jours ?<\/strong><\/p>\n<p><strong>Janos Pasztor :\u00a0<\/strong>La conf\u00e9rence de Paris sur les changements climatiques est importante pour au moins deux raisons. Premi\u00e8rement, si on a un bon accord n\u00e9goci\u00e9 \u00e0 Paris, cela nous donne la possibilit\u00e9 d\u2019aller dans la direction d\u2019une \u00e9conomie faible en carbone avec moins d\u2019\u00e9missions. Il y a beaucoup d\u2019opportunit\u00e9s pour l\u2019\u00e9conomie, pour le d\u00e9veloppement, pour les technologies et pour que nous puissions organiser nos \u00e9conomies et nos soci\u00e9t\u00e9s diff\u00e9remment.<\/p>\n<p><em>Entretien avec le Sous-Secr\u00e9taire g\u00e9n\u00e9ral de l\u2019ONU aux changements climatiques. Cr\u00e9dit : Nations Unies<\/em><\/p>\n<p>Deuxi\u00e8mement, les changements climatiques existent d\u00e9j\u00e0. Nous voyons d\u00e9j\u00e0 leurs effets, nous pouvons les mesurer. Si nous n\u2019avons pas un accord \u00e0 Paris, cela va \u00eatre beaucoup plus difficile dans quelques ann\u00e9es de faire le n\u00e9cessaire\u2014et pas seulement difficile\u2014mais aussi plus cher. Donc il faut le faire maintenant, il faut arriver \u00e0 un accord \u00e0 Paris.<\/p>\n<p><strong>Centre d\u2019actualit\u00e9s de l\u2019ONU : Pourquoi devons-nous limiter le r\u00e9chauffement de la plan\u00e8te \u00e0 2 degr\u00e9s ?<\/strong><\/p>\n<p><strong>Janos Pasztor :<\/strong>\u00a0Nous devons garder la hausse de temp\u00e9rature en-dessous de 2 degr\u00e9s car les scientifiques nous disent que si la hausse est plus forte, cela va cr\u00e9er des effets irr\u00e9versibles et peut-\u00eatre des effets potentiellement tr\u00e8s graves sur les populations, sur les ressources naturelles, sur l\u2019environnement, mais aussi sur l\u2019\u00e9conomie. Donc 2 degr\u00e9s c\u2019est la limite, mais en m\u00eame temps il faut accepter que 2 degr\u00e9s ce n\u2019est pas l\u2019objectif\u2014il faut que \u00e7a reste en dessous de 2 degr\u00e9s autant que possible.s de s\u00e9cheresses. Photo ±¬ÁÏÍøICEF\/Olivier Asselin<\/p>\n<p><strong>Centre d\u2019actualit\u00e9s de l\u2019ONU : Dans le meilleur des cas, \u00e0 quoi peut-on s\u2019attendre \u00e0 l\u2019issue de cette COP21 ?<\/strong><\/p>\n<p><strong>Janos Pasztor :\u00a0<\/strong>On r\u00e9clame une s\u00e9rie de d\u00e9cisions qu\u2019on appelle l\u2019Alliance de Paris. Il y aura quatre parties. D\u2019abord, le plan des pays pour r\u00e9duire les \u00e9missions, \u00e7a c\u2019est la premi\u00e8re chose. Deuxi\u00e8mement il y aura un accord sur les r\u00e8gles du jeu, la mani\u00e8re dont les pays vont mettre en oeuvre leurs plans nationaux, et comment ils vont augmenter leur ambition tous les cinq ans pour garantir qu\u2019on reste en dessous des 2 degr\u00e9s. Troisi\u00e8mement il y aura la question des finances\u2014le financement de la lutte contre le changement climatique, parce qu\u2019il faut payer pour tout \u00e7a. Et quatri\u00e8mement, il y a le programme d\u2019action, qui rassemble les solutions, pour montrer ce qui se passe d\u00e9j\u00e0 dans le monde et quels sont les bons exemples \u00e0 suivre.<\/p>\n<p><strong>Centre d\u2019actualit\u00e9s de l\u2019ONU : Quel est votre message aux chefs d\u2019Etat et de gouvernement responsables de ces n\u00e9gociations ?<\/strong><\/p>\n<p><strong>Janos Pasztor :<\/strong>\u00a0Les responsables politiques, les chefs d\u2019Etat, ont un r\u00f4le tr\u00e8s important dans ce processus parce que c\u2019est eux qui doivent le guider, qui doivent donner des signaux politiques aux n\u00e9gociateurs et aux ministres qui seront l\u00e0 \u00e0 Paris, qui vont n\u00e9gocier l\u2019accord. Parce que sans ce genre de signal, les n\u00e9gociateurs ne pourront pas faire leur travail.<\/p>\n<p><em>10 choses \u00e0 savoir sur COP21. Cr\u00e9dit : Nations Unies<\/em><\/p>\n<p><strong>Centre d\u2019actualit\u00e9s de l\u2019ONU : Et au grand public, quel est votre message ?<\/strong><\/p>\n<p><strong>Janos Pasztor :\u00a0<\/strong>Chaque individu est responsable en mati\u00e8re de changements climatiques, et en m\u00eame temps tout le monde en subira leur impact. Donc il faut que chacun d\u2019entre nous assume ses responsabilit\u00e9s dans sa vie quotidienne, dans les \u00e9coles, dans le secteur priv\u00e9\u2014chacun a pour responsabilit\u00e9 de faire face aux changements climatiques, qui sont une contrainte, mais aussi une opportunit\u00e9.<\/p>\n<\/div><div class=\"fusion-clearfix\"><\/div><\/div><\/div><\/div><\/div>\n","protected":false},"excerpt":{"rendered":"<p>25 novembre 2015 \u2013\u00a0Alors que la Conf\u00e9rence des Nations Unies  [&#8230;]<\/p>\n","protected":false},"author":136,"featured_media":4657,"comment_status":"closed","ping_status":"closed","sticky":false,"template":"","format":"standard","meta":{"_et_pb_use_builder":"","_et_pb_old_content":"","_et_gb_content_width":"","footnotes":""},"categories":[16,5],"tags":[],"class_list":["post-4653","post","type-post","status-publish","format-standard","has-post-thumbnail","hentry","category-news","category-climate-change"],"_links":{"self":[{"href":"https:\/\/www.un.org\/sustainabledevelopment\/fr\/wp-json\/wp\/v2\/posts\/4653","targetHints":{"allow":["GET"]}}],"collection":[{"href":"https:\/\/www.un.org\/sustainabledevelopment\/fr\/wp-json\/wp\/v2\/posts"}],"about":[{"href":"https:\/\/www.un.org\/sustainabledevelopment\/fr\/wp-json\/wp\/v2\/types\/post"}],"author":[{"embeddable":true,"href":"https:\/\/www.un.org\/sustainabledevelopment\/fr\/wp-json\/wp\/v2\/users\/136"}],"replies":[{"embeddable":true,"href":"https:\/\/www.un.org\/sustainabledevelopment\/fr\/wp-json\/wp\/v2\/comments?post=4653"}],"version-history":[{"count":0,"href":"https:\/\/www.un.org\/sustainabledevelopment\/fr\/wp-json\/wp\/v2\/posts\/4653\/revisions"}],"wp:featuredmedia":[{"embeddable":true,"href":"https:\/\/www.un.org\/sustainabledevelopment\/fr\/wp-json\/wp\/v2\/media\/4657"}],"wp:attachment":[{"href":"https:\/\/www.un.org\/sustainabledevelopment\/fr\/wp-json\/wp\/v2\/media?parent=4653"}],"wp:term":[{"taxonomy":"category","embeddable":true,"href":"https:\/\/www.un.org\/sustainabledevelopment\/fr\/wp-json\/wp\/v2\/categories?post=4653"},{"taxonomy":"post_tag","embeddable":true,"href":"https:\/\/www.un.org\/sustainabledevelopment\/fr\/wp-json\/wp\/v2\/tags?post=4653"}],"curies":[{"name":"wp","href":"https:\/\/api.w.org\/{rel}","templated":true}]}}