  {"id":4649,"date":"2015-11-25T16:23:33","date_gmt":"2015-11-25T16:23:33","guid":{"rendered":"http:\/\/www.un.org\/sustainabledevelopment\/fr\/?p=4649"},"modified":"2017-11-13T12:32:53","modified_gmt":"2017-11-13T17:32:53","slug":"cop21-la-ligne-de-depart-de-la-course-contre-les-changements-climatiques","status":"publish","type":"post","link":"https:\/\/www.un.org\/sustainabledevelopment\/fr\/2015\/11\/25\/cop21-la-ligne-de-depart-de-la-course-contre-les-changements-climatiques\/","title":{"rendered":"COP21 : \u00ab la ligne de d\u00e9part de la course contre les changements climatiques \u00bb"},"content":{"rendered":"<p>Le Secr\u00e9taire g\u00e9n\u00e9ral de l\u2019ONU, Ban Ki-moon, attend de la Conf\u00e9rence de Paris sur le climat (COP21), qui s\u2019ouvre lundi dans la capitale fran\u00e7aise, un plan \u00e0 long terme qui permette de maintenir en-de\u00e7\u00e0 de 2 degr\u00e9s Celsius la hausse de la temp\u00e9rature plan\u00e9taire et qui ne laisse aucun doute sur l\u2019in\u00e9vitabilit\u00e9 d\u2019une transformation de l\u2019\u00e9conomie mondiale fond\u00e9e sur le passage \u00e0 des modes de fonctionnement sobres en carbone.<\/p>\n<p><a href=\"http:\/\/www.unmultimedia.org\/radio\/french\/2015\/11\/cop21-la-ligne-de-depart-de-la-course-contre-les-changements-climatiques\/index.html#.Vl3JRnarTRY\">Radio des Nations Unies<\/a><\/p>\n","protected":false},"excerpt":{"rendered":"<p>Le Secr\u00e9taire g\u00e9n\u00e9ral de l\u2019ONU, Ban Ki-moon, attend de la  [&#8230;]<\/p>\n","protected":false},"author":136,"featured_media":0,"comment_status":"closed","ping_status":"closed","sticky":false,"template":"","format":"standard","meta":{"_et_pb_use_builder":"","_et_pb_old_content":"","_et_gb_content_width":"","footnotes":""},"categories":[5],"tags":[],"class_list":["post-4649","post","type-post","status-publish","format-standard","hentry","category-climate-change"],"_links":{"self":[{"href":"https:\/\/www.un.org\/sustainabledevelopment\/fr\/wp-json\/wp\/v2\/posts\/4649","targetHints":{"allow":["GET"]}}],"collection":[{"href":"https:\/\/www.un.org\/sustainabledevelopment\/fr\/wp-json\/wp\/v2\/posts"}],"about":[{"href":"https:\/\/www.un.org\/sustainabledevelopment\/fr\/wp-json\/wp\/v2\/types\/post"}],"author":[{"embeddable":true,"href":"https:\/\/www.un.org\/sustainabledevelopment\/fr\/wp-json\/wp\/v2\/users\/136"}],"replies":[{"embeddable":true,"href":"https:\/\/www.un.org\/sustainabledevelopment\/fr\/wp-json\/wp\/v2\/comments?post=4649"}],"version-history":[{"count":0,"href":"https:\/\/www.un.org\/sustainabledevelopment\/fr\/wp-json\/wp\/v2\/posts\/4649\/revisions"}],"wp:attachment":[{"href":"https:\/\/www.un.org\/sustainabledevelopment\/fr\/wp-json\/wp\/v2\/media?parent=4649"}],"wp:term":[{"taxonomy":"category","embeddable":true,"href":"https:\/\/www.un.org\/sustainabledevelopment\/fr\/wp-json\/wp\/v2\/categories?post=4649"},{"taxonomy":"post_tag","embeddable":true,"href":"https:\/\/www.un.org\/sustainabledevelopment\/fr\/wp-json\/wp\/v2\/tags?post=4649"}],"curies":[{"name":"wp","href":"https:\/\/api.w.org\/{rel}","templated":true}]}}