  {"id":4645,"date":"2015-11-26T16:16:56","date_gmt":"2015-11-26T16:16:56","guid":{"rendered":"http:\/\/www.un.org\/sustainabledevelopment\/fr\/?p=4645"},"modified":"2015-12-01T16:22:18","modified_gmt":"2015-12-01T16:22:18","slug":"la-fao-appelle-a-inscrire-lagriculture-au-centre-du-debat-climatique-a-la-cop21","status":"publish","type":"post","link":"https:\/\/www.un.org\/sustainabledevelopment\/fr\/2015\/11\/26\/la-fao-appelle-a-inscrire-lagriculture-au-centre-du-debat-climatique-a-la-cop21\/","title":{"rendered":"La FAO appelle \u00e0 inscrire l\u2019agriculture au centre du d\u00e9bat climatique \u00e0 la COP21"},"content":{"rendered":"<p>26\u00a0novembre 2015 &#8211; Selon une r\u00e9cente \u00e9tude men\u00e9e par la Rapporteuse sp\u00e9ciale des Nations Unies sur le droit \u00e0 l&rsquo;alimentation, le changement climatique est une menace r\u00e9elle et concr\u00e8te pour la s\u00e9curit\u00e9 alimentaire. L\u2019augmentation de la fr\u00e9quence et de l&rsquo;intensit\u00e9 des ph\u00e9nom\u00e8nes m\u00e9t\u00e9orologiques extr\u00eames, la hausse des temp\u00e9ratures et du niveau des mers, ainsi que les inondations et les s\u00e9cheresses ont un effet n\u00e9gatif sur les cultures, l&rsquo;\u00e9levage, la p\u00eache, l&rsquo;aquaculture, les for\u00eats et sur les moyens de subsistance des populations.<\/p>\n<p><a href=\"http:\/\/www.unmultimedia.org\/radio\/french\/2015\/11\/edition-speciale-26-novembre\/#.Vl3H7narTRZ\">\u00c9dition sp\u00e9ciale de la radio des Nations Unies<\/a><\/p>\n<p>&nbsp;<\/p>\n","protected":false},"excerpt":{"rendered":"<p>26\u00a0novembre 2015 &#8211; Selon une r\u00e9cente \u00e9tude men\u00e9e par la  [&#8230;]<\/p>\n","protected":false},"author":136,"featured_media":0,"comment_status":"closed","ping_status":"closed","sticky":false,"template":"","format":"standard","meta":{"_et_pb_use_builder":"","_et_pb_old_content":"","_et_gb_content_width":"","footnotes":""},"categories":[5],"tags":[],"class_list":["post-4645","post","type-post","status-publish","format-standard","hentry","category-climate-change"],"_links":{"self":[{"href":"https:\/\/www.un.org\/sustainabledevelopment\/fr\/wp-json\/wp\/v2\/posts\/4645","targetHints":{"allow":["GET"]}}],"collection":[{"href":"https:\/\/www.un.org\/sustainabledevelopment\/fr\/wp-json\/wp\/v2\/posts"}],"about":[{"href":"https:\/\/www.un.org\/sustainabledevelopment\/fr\/wp-json\/wp\/v2\/types\/post"}],"author":[{"embeddable":true,"href":"https:\/\/www.un.org\/sustainabledevelopment\/fr\/wp-json\/wp\/v2\/users\/136"}],"replies":[{"embeddable":true,"href":"https:\/\/www.un.org\/sustainabledevelopment\/fr\/wp-json\/wp\/v2\/comments?post=4645"}],"version-history":[{"count":0,"href":"https:\/\/www.un.org\/sustainabledevelopment\/fr\/wp-json\/wp\/v2\/posts\/4645\/revisions"}],"wp:attachment":[{"href":"https:\/\/www.un.org\/sustainabledevelopment\/fr\/wp-json\/wp\/v2\/media?parent=4645"}],"wp:term":[{"taxonomy":"category","embeddable":true,"href":"https:\/\/www.un.org\/sustainabledevelopment\/fr\/wp-json\/wp\/v2\/categories?post=4645"},{"taxonomy":"post_tag","embeddable":true,"href":"https:\/\/www.un.org\/sustainabledevelopment\/fr\/wp-json\/wp\/v2\/tags?post=4645"}],"curies":[{"name":"wp","href":"https:\/\/api.w.org\/{rel}","templated":true}]}}