  {"id":4637,"date":"2015-12-01T15:22:40","date_gmt":"2015-12-01T15:22:40","guid":{"rendered":"http:\/\/www.un.org\/sustainabledevelopment\/fr\/?p=4637"},"modified":"2017-11-13T12:32:47","modified_gmt":"2017-11-13T17:32:47","slug":"cop21-lafrique-a-un-enorme-interet-au-succes-de-la-conference-selon-ban-ki-moon","status":"publish","type":"post","link":"https:\/\/www.un.org\/sustainabledevelopment\/fr\/2015\/12\/01\/cop21-lafrique-a-un-enorme-interet-au-succes-de-la-conference-selon-ban-ki-moon\/","title":{"rendered":"COP21 : l\u2019Afrique a un \u00ab \u00e9norme int\u00e9r\u00eat \u00bb au succ\u00e8s de la Conf\u00e9rence, selon Ban Ki-moon"},"content":{"rendered":"<p>1 d\u00e9cembre 2015 \u2013 Lors d\u2019une r\u00e9union rassemblant les dirigeants africains au Sommet de Paris sur le climat (COP21), le Secr\u00e9taire g\u00e9n\u00e9ral Ban Ki-moon a soulign\u00e9 que leur continent a un \u00ab \u00e9norme int\u00e9r\u00eat \u00bb dans l\u2019obtention d\u2019un nouvel accord universel sur le climat pour limiter la hausse de la temp\u00e9rature mondiale.<\/p>\n<p>\u00ab L\u2019Afrique est particuli\u00e8rement vuln\u00e9rable aux effets du changement climatique \u00bb, a d\u00e9clar\u00e9 M. Ban lors de cette r\u00e9union de haut niveau organis\u00e9e au site Paris-Le Bourget, dans le nord-est de la capitale fran\u00e7aise.<\/p>\n<p>\u00ab\u00a0Une grande partie de votre \u00e9conomie d\u00e9pend de ressources naturelles qui sont sensibles au climat, y compris l\u2019agriculture qui d\u00e9pend de la pluviom\u00e9trie. Les perturbations dans l\u2019approvisionnement en nourriture ou en eau pr\u00e9sentent des risques graves non seulement pour vos \u00e9conomies, mais aussi pour la stabilit\u00e9 politique, en particulier dans les pays fragiles\u00a0\u00bb, a-t-il poursuivi.<\/p>\n<p>Notant que la COP21 hier \u00ab a bien d\u00e9marr\u00e9 \u00bb, le chef de l\u2019ONU a indiqu\u00e9 que l\u2019engagement des dirigeants sera essentiel dans la r\u00e9alisation d\u2019un \u00ab accord ambitieux sur le climat dont les peuples d\u2019Afrique et du monde entier ont besoin. \u00bb<\/p>\n<p>\u00ab Votre leadership a d\u2019ores et d\u00e9j\u00e0 contribu\u00e9 \u00e0 faire de 2015 une ann\u00e9e d\u2019opportunit\u00e9 \u00bb, leur a-t-il dit, faisant r\u00e9f\u00e9rence \u00e0 l\u2019adoption en juillet dernier du Programme d\u2019action d\u2019Addis-Abeba sur le financement du d\u00e9veloppement et au \u00ab rassemblement historique \u00bb \u00e0 New York en septembre pour l\u2019adoption des 17 Objectifs de d\u00e9veloppement durable.<\/p>\n<p>Ces programmes visent \u00e0 \u00e9radiquer la pauvret\u00e9, lutter contre les in\u00e9galit\u00e9s et combattre les changements climatiques au cours des 15 prochaines ann\u00e9es.<\/p>\n<p>\u00ab Maintenant, ici, \u00e0 Paris, les gouvernements ont la possibilit\u00e9 d\u2019obtenir un accord pour lutter contre les changements climatiques, qui pourrait ouvrir la voie vers un avenir s\u00fbr et plus sain, plus prosp\u00e8re et plus durable \u00bb, a insist\u00e9 M. Ban, rappelant aux dirigeants que l\u2019\u00e9nergie durable offre d\u2019\u00e9normes opportunit\u00e9s \u00e9conomiques.<\/p>\n<p>Cependant, malgr\u00e9 un \u00ab grand \u00e9lan \u00bb en direction d\u2019un accord significatif, M. Ban a soulign\u00e9 que des questions politiques cl\u00e9s restaient toujours en suspens.<\/p>\n<p>\u00ab\u00a0Il y a beaucoup de travail \u00e0 faire ici \u00e0 Paris, et les enjeux sont tr\u00e8s \u00e9lev\u00e9s, surtout pour les personnes et les pays les plus vuln\u00e9rables,\u00a0\u00bb a-t-il ajout\u00e9. \u00ab\u00a0La science nous dit que nous avons seulement quelques ann\u00e9es avant que la fen\u00eatre d\u2019opportunit\u00e9 ne se referme sur notre capacit\u00e9 \u00e0 pr\u00e9venir les effets graves, g\u00e9n\u00e9ralis\u00e9es et irr\u00e9versibles.\u00a0\u00bb<\/p>\n","protected":false},"excerpt":{"rendered":"<p>1 d\u00e9cembre 2015 \u2013 Lors d\u2019une r\u00e9union rassemblant les dirigeants  [&#8230;]<\/p>\n","protected":false},"author":136,"featured_media":4641,"comment_status":"closed","ping_status":"closed","sticky":false,"template":"","format":"standard","meta":{"_et_pb_use_builder":"","_et_pb_old_content":"","_et_gb_content_width":"","footnotes":""},"categories":[16,5],"tags":[],"class_list":["post-4637","post","type-post","status-publish","format-standard","has-post-thumbnail","hentry","category-news","category-climate-change"],"_links":{"self":[{"href":"https:\/\/www.un.org\/sustainabledevelopment\/fr\/wp-json\/wp\/v2\/posts\/4637","targetHints":{"allow":["GET"]}}],"collection":[{"href":"https:\/\/www.un.org\/sustainabledevelopment\/fr\/wp-json\/wp\/v2\/posts"}],"about":[{"href":"https:\/\/www.un.org\/sustainabledevelopment\/fr\/wp-json\/wp\/v2\/types\/post"}],"author":[{"embeddable":true,"href":"https:\/\/www.un.org\/sustainabledevelopment\/fr\/wp-json\/wp\/v2\/users\/136"}],"replies":[{"embeddable":true,"href":"https:\/\/www.un.org\/sustainabledevelopment\/fr\/wp-json\/wp\/v2\/comments?post=4637"}],"version-history":[{"count":0,"href":"https:\/\/www.un.org\/sustainabledevelopment\/fr\/wp-json\/wp\/v2\/posts\/4637\/revisions"}],"wp:featuredmedia":[{"embeddable":true,"href":"https:\/\/www.un.org\/sustainabledevelopment\/fr\/wp-json\/wp\/v2\/media\/4641"}],"wp:attachment":[{"href":"https:\/\/www.un.org\/sustainabledevelopment\/fr\/wp-json\/wp\/v2\/media?parent=4637"}],"wp:term":[{"taxonomy":"category","embeddable":true,"href":"https:\/\/www.un.org\/sustainabledevelopment\/fr\/wp-json\/wp\/v2\/categories?post=4637"},{"taxonomy":"post_tag","embeddable":true,"href":"https:\/\/www.un.org\/sustainabledevelopment\/fr\/wp-json\/wp\/v2\/tags?post=4637"}],"curies":[{"name":"wp","href":"https:\/\/api.w.org\/{rel}","templated":true}]}}