  {"id":4557,"date":"2015-11-27T22:26:45","date_gmt":"2015-11-27T22:26:45","guid":{"rendered":"http:\/\/www.un.org\/sustainabledevelopment\/fr\/?p=4557"},"modified":"2015-11-27T22:26:45","modified_gmt":"2015-11-27T22:26:45","slug":"a-malte-ban-ki-moon-appelle-a-agir-face-aux-changements-climatiques-a-quelques-jours-de-cop21","status":"publish","type":"post","link":"https:\/\/www.un.org\/sustainabledevelopment\/fr\/2015\/11\/27\/a-malte-ban-ki-moon-appelle-a-agir-face-aux-changements-climatiques-a-quelques-jours-de-cop21\/","title":{"rendered":"A Malte, Ban Ki-moon appelle \u00e0 agir face aux changements climatiques \u00e0 quelques jours de COP21"},"content":{"rendered":"<p>27 novembre 2015 \u2013 A quelques jours du Sommet de Paris sur le climat, le Secr\u00e9taire g\u00e9n\u00e9ral de l\u2019ONU, Ban Ki-moon, a une nouvelle fois encourag\u00e9 vendredi les Etats Membres des Nations Unies \u00e0 agir d\u00e8s maintenant face aux changements climatiques.<\/p>\n<p>\u00ab Il est peut-\u00eatre pr\u00e9matur\u00e9 d\u2019anticiper ce qui va se passer, cela d\u00e9pend des Etats Membres, mais je pense qu\u2019il y a un alignement des plan\u00e8tes. Il y a une forte implication des gouvernements mais aussi du secteur priv\u00e9 et de la soci\u00e9t\u00e9 civile \u00bb, a dit M. Ban lors d\u2019une conf\u00e9rence de presse \u00e0 Malte.<\/p>\n<p>\u00ab Nous devons agir. Nous avons discut\u00e9 de ce sujet pendant plus de 20 ans et les donn\u00e9es scientifiques sont claires. Il y a un tel sentiment d\u2019urgence au sein du monde des affaires et de la soci\u00e9t\u00e9 civile que les dirigeants doivent montrer leur leadership \u00bb, a-t-il ajout\u00e9. \u00ab Nous ne pouvons pas \u00e0 nouveau repousser les d\u00e9cisions \u00bb.<\/p>\n<p>Ban participait au Sommet des chefs de gouvernement du Commonwealth, \u00e0 Malte. Le Commonwealth est une organisation intergouvernementale compos\u00e9e de 53 Etats Membres. Tous, hormis le Mozambique et le Rwanda sont des anciennes colonies ou protectorats de l\u2019Empire britannique.<\/p>\n<p>Le Secr\u00e9taire g\u00e9n\u00e9ral de l\u2019ONU s\u2019est dit satisfait du leadership affich\u00e9 par la France, l\u2019Allemagne, le Royaume-Uni, le Japon, le Canada, l\u2019Australie, notamment en mati\u00e8re du financement climatique.<\/p>\n<p>Ban Ki-moon a reconnu qu\u2019il y avait toujours des questions non r\u00e9solues \u00e0 quelques jours de l\u2019ouverture de la Conf\u00e9rence des Nations Unies sur les changements climatiques (COP21) \u00e0 Paris.<\/p>\n<p>\u00ab Je dis aux dirigeants mondiaux, aux dirigeants d\u2019entreprise, \u00e0 ceux de la soci\u00e9t\u00e9 civile : faites entendre votre voix, soyez \u00e0 la hauteur des d\u00e9fis afin que nous puissions construire un monde meilleur pour tous \u00bb, a encore dit le chef de l\u2019ONU.<\/p>\n","protected":false},"excerpt":{"rendered":"<p>27 novembre 2015 \u2013 A quelques jours du Sommet de  [&#8230;]<\/p>\n","protected":false},"author":136,"featured_media":4561,"comment_status":"closed","ping_status":"closed","sticky":false,"template":"","format":"standard","meta":{"_et_pb_use_builder":"","_et_pb_old_content":"","_et_gb_content_width":"","footnotes":""},"categories":[16,5],"tags":[],"class_list":["post-4557","post","type-post","status-publish","format-standard","has-post-thumbnail","hentry","category-news","category-climate-change"],"_links":{"self":[{"href":"https:\/\/www.un.org\/sustainabledevelopment\/fr\/wp-json\/wp\/v2\/posts\/4557","targetHints":{"allow":["GET"]}}],"collection":[{"href":"https:\/\/www.un.org\/sustainabledevelopment\/fr\/wp-json\/wp\/v2\/posts"}],"about":[{"href":"https:\/\/www.un.org\/sustainabledevelopment\/fr\/wp-json\/wp\/v2\/types\/post"}],"author":[{"embeddable":true,"href":"https:\/\/www.un.org\/sustainabledevelopment\/fr\/wp-json\/wp\/v2\/users\/136"}],"replies":[{"embeddable":true,"href":"https:\/\/www.un.org\/sustainabledevelopment\/fr\/wp-json\/wp\/v2\/comments?post=4557"}],"version-history":[{"count":0,"href":"https:\/\/www.un.org\/sustainabledevelopment\/fr\/wp-json\/wp\/v2\/posts\/4557\/revisions"}],"wp:featuredmedia":[{"embeddable":true,"href":"https:\/\/www.un.org\/sustainabledevelopment\/fr\/wp-json\/wp\/v2\/media\/4561"}],"wp:attachment":[{"href":"https:\/\/www.un.org\/sustainabledevelopment\/fr\/wp-json\/wp\/v2\/media?parent=4557"}],"wp:term":[{"taxonomy":"category","embeddable":true,"href":"https:\/\/www.un.org\/sustainabledevelopment\/fr\/wp-json\/wp\/v2\/categories?post=4557"},{"taxonomy":"post_tag","embeddable":true,"href":"https:\/\/www.un.org\/sustainabledevelopment\/fr\/wp-json\/wp\/v2\/tags?post=4557"}],"curies":[{"name":"wp","href":"https:\/\/api.w.org\/{rel}","templated":true}]}}