  {"id":4091,"date":"2015-10-01T14:25:04","date_gmt":"2015-10-01T14:25:04","guid":{"rendered":"http:\/\/www.un.org\/sustainabledevelopment\/fr\/?p=4091"},"modified":"2017-11-13T12:32:56","modified_gmt":"2017-11-13T17:32:56","slug":"lonu-appelle-a-ouvrir-les-villes-aux-personnes-de-tous-ages","status":"publish","type":"post","link":"https:\/\/www.un.org\/sustainabledevelopment\/fr\/2015\/10\/01\/lonu-appelle-a-ouvrir-les-villes-aux-personnes-de-tous-ages\/","title":{"rendered":"L\u2019ONU appelle \u00e0 ouvrir les villes aux personnes de tous \u00e2ges"},"content":{"rendered":"<p style=\"line-height: 12.0pt;background: white;margin: 0in 0in 7.5pt 0in\"><span style=\"font-size: 10.0pt;font-family: 'Helvetica','sans-serif';color: #333333\">A l\u2019occasion de la <a href=\"https:\/\/www.un.org\/fr\/events\/olderpersonsday\/\">Journ\u00e9e internationale des personnes \u00e2g\u00e9es<\/a> qui est c\u00e9l\u00e9br\u00e9e chaque ann\u00e9e le 1er octobre, le Secr\u00e9taire g\u00e9n\u00e9ral de l\u2019ONU, Ban Ki-moon, a jug\u00e9 n\u00e9cessaire d\u2019ouvrir les villes aux personnes de tous les \u00e2ges alors que le vieillissement rapide de la population et l\u2019urbanisation d\u00e9termineront de plus en plus la forme que prendront nos soci\u00e9t\u00e9s.<\/span><\/p>\n<p style=\"line-height: 12.0pt;background: white;text-align: start;margin: 0in 0in 7.5pt 0in\"><span style=\"font-size: 10.0pt;font-family: 'Helvetica','sans-serif';color: #333333\">\u00ab Les personnes \u00e2g\u00e9es sont un atout majeur de notre soci\u00e9t\u00e9 et elles apportent une contribution consid\u00e9rable au d\u00e9veloppement mondial \u00bb, a dit M. Ban dans un message pour cette journ\u00e9e.<\/span><\/p>\n<p style=\"line-height: 12.0pt;background: white;text-align: start;margin: 0in 0in 7.5pt 0in\"><span style=\"font-size: 10.0pt;font-family: 'Helvetica','sans-serif';color: #333333\">\u00ab Le 25 septembre, au Si\u00e8ge de l\u2019Organisation des Nations Unies \u00e0 New York, les chefs d\u2019\u00c9tat et de gouvernement se sont engag\u00e9s \u00e0 construire un monde durable ou nul ne sera laiss\u00e9 de c\u00f4t\u00e9, quel que soit son \u00e2ge ou son sexe \u00bb, a-t-il ajout\u00e9. \u00ab En mettant en \u0153uvre le Programme de d\u00e9veloppement durable \u00e0 l\u2019horizon 2030, r\u00e9cemment adopt\u00e9, nous devons tenir compte des modifications d\u00e9mographiques qui surviendront au cours des quinze ann\u00e9es \u00e0 venir. Elles auront une incidence directe sur la r\u00e9alisation des objectifs de d\u00e9veloppement durable \u00bb.<\/span><\/p>\n<p style=\"line-height: 12.0pt;background: white;text-align: start;margin: 0in 0in 7.5pt 0in\"><span style=\"font-size: 10.0pt;font-family: 'Helvetica','sans-serif';color: #333333\">Le nombre de personnes \u00e2g\u00e9es de plus de 60 ans vivant dans des villes doit augmenter de plus de 900 millions d\u2019ici \u00e0 2050. Elles totaliseront alors le quart de la population urbaine des pays d\u00e9velopp\u00e9s.<\/span><\/p>\n<p style=\"line-height: 12.0pt;background: white;text-align: start;margin: 0in 0in 7.5pt 0in\"><span style=\"font-size: 10.0pt;font-family: 'Helvetica','sans-serif';color: #333333\">Le th\u00e8me de la Journ\u00e9e internationale des personnes \u00e2g\u00e9es de cette ann\u00e9e est \u00ab Durabilit\u00e9 et ouverture aux personnes de tous les \u00e2ges dans l\u2019environnement urbain \u00bb. Selon le Secr\u00e9taire g\u00e9n\u00e9ral, la Conf\u00e9rence des Nations Unies sur le logement et le d\u00e9veloppement urbain durable (Habitat III), qui se tiendra \u00e0 Quito en octobre 2016, sera l\u2019occasion de progresser dans cette action.<\/span><\/p>\n<p style=\"line-height: 12.0pt;background: white;text-align: start;margin: 0in 0in 7.5pt 0in\"><span style=\"font-size: 10.0pt;font-family: 'Helvetica','sans-serif';color: #333333\">\u00ab Ouvrir les villes aux personnes \u00e2g\u00e9es signifie qu\u2019il faut cr\u00e9er pour elles des possibilit\u00e9s de participation \u00e9conomique et sociale dans un environnement accessible et s\u00fbr. Cela suppose aussi de leur assurer un logement abordable ainsi que les services de sant\u00e9 et les services sociaux dont elles ont besoin pour vieillir dans leur environnement \u00bb, a dit le chef de l\u2019ONU.<\/span><\/p>\n<p style=\"line-height: 12.0pt;background: white;text-align: start;margin: 0in 0in 7.5pt 0in\"><span style=\"font-size: 10.0pt;font-family: 'Helvetica','sans-serif';color: #333333\">\u00ab En cette Journ\u00e9e internationale des personnes \u00e2g\u00e9es, je demande aux gouvernements de tous les pays de rendre les villes et les \u00e9tablissements humains ouverts, surs, r\u00e9silients et durables de sorte que nul ne soit laiss\u00e9 de c\u00f4t\u00e9, quel que soit son \u00e2ge \u00bb, a-t-il conclu.<\/span><\/p>\n","protected":false},"excerpt":{"rendered":"<p>A l\u2019occasion de la Journ\u00e9e internationale des personnes \u00e2g\u00e9es qui  [&#8230;]<\/p>\n","protected":false},"author":136,"featured_media":4096,"comment_status":"closed","ping_status":"closed","sticky":false,"template":"","format":"standard","meta":{"_et_pb_use_builder":"","_et_pb_old_content":"","_et_gb_content_width":"","footnotes":""},"categories":[16,31,46,4],"tags":[],"class_list":["post-4091","post","type-post","status-publish","format-standard","has-post-thumbnail","hentry","category-news","category-developpement-durable","category-objectifs-de-developpement-durable","category-cities"],"_links":{"self":[{"href":"https:\/\/www.un.org\/sustainabledevelopment\/fr\/wp-json\/wp\/v2\/posts\/4091","targetHints":{"allow":["GET"]}}],"collection":[{"href":"https:\/\/www.un.org\/sustainabledevelopment\/fr\/wp-json\/wp\/v2\/posts"}],"about":[{"href":"https:\/\/www.un.org\/sustainabledevelopment\/fr\/wp-json\/wp\/v2\/types\/post"}],"author":[{"embeddable":true,"href":"https:\/\/www.un.org\/sustainabledevelopment\/fr\/wp-json\/wp\/v2\/users\/136"}],"replies":[{"embeddable":true,"href":"https:\/\/www.un.org\/sustainabledevelopment\/fr\/wp-json\/wp\/v2\/comments?post=4091"}],"version-history":[{"count":0,"href":"https:\/\/www.un.org\/sustainabledevelopment\/fr\/wp-json\/wp\/v2\/posts\/4091\/revisions"}],"wp:featuredmedia":[{"embeddable":true,"href":"https:\/\/www.un.org\/sustainabledevelopment\/fr\/wp-json\/wp\/v2\/media\/4096"}],"wp:attachment":[{"href":"https:\/\/www.un.org\/sustainabledevelopment\/fr\/wp-json\/wp\/v2\/media?parent=4091"}],"wp:term":[{"taxonomy":"category","embeddable":true,"href":"https:\/\/www.un.org\/sustainabledevelopment\/fr\/wp-json\/wp\/v2\/categories?post=4091"},{"taxonomy":"post_tag","embeddable":true,"href":"https:\/\/www.un.org\/sustainabledevelopment\/fr\/wp-json\/wp\/v2\/tags?post=4091"}],"curies":[{"name":"wp","href":"https:\/\/api.w.org\/{rel}","templated":true}]}}