  {"id":3951,"date":"2015-09-25T18:17:58","date_gmt":"2015-09-25T18:17:58","guid":{"rendered":"http:\/\/www.un.org\/sustainabledevelopment\/fr\/?p=3951"},"modified":"2017-11-13T12:32:59","modified_gmt":"2017-11-13T17:32:59","slug":"au-siege-de-lonu-le-pape-francois-appelle-a-proteger-lenvironnement-et-lutter-contre-lexclusion","status":"publish","type":"post","link":"https:\/\/www.un.org\/sustainabledevelopment\/fr\/2015\/09\/25\/au-siege-de-lonu-le-pape-francois-appelle-a-proteger-lenvironnement-et-lutter-contre-lexclusion\/","title":{"rendered":"Au si\u00e8ge de l&rsquo;ONU, le Pape Fran\u00e7ois appelle \u00e0 prot\u00e9ger l\u2019environnement et lutter contre l\u2019exclusion"},"content":{"rendered":"<p>A l\u2019occasion d\u2019une visite historique au si\u00e8ge de l\u2019ONU \u00e0 New York, le Pape Fran\u00e7ois, chef de l\u2019Eglise catholique, a appel\u00e9 vendredi les gouvernements du monde entier \u00e0 se centrer sur la protection de l\u2019environnement et la lutte contre l\u2019exclusion, notamment par la mise en \u0153uvre du nouveau programme de d\u00e9veloppement des Nations Unies, qui devait \u00eatre adopt\u00e9 plus tard dans la journ\u00e9e.<\/p>\n<p>\u00ab C\u2019est la cinqui\u00e8me fois qu\u2019un Pape se rend aux Nations Unies \u00bb, a d\u00e9clar\u00e9 le souverain pontife au podium de l\u2019Assembl\u00e9e g\u00e9n\u00e9rale de l\u2019Organisation, devant un parterre de dirigeants mondiaux venus participer au Sommet de l\u2019ONU sur le d\u00e9veloppement durable.<\/p>\n<p>Ce dernier devait s\u2019ouvrir officiellement pour une dur\u00e9e de trois jours peu apr\u00e8s l\u2019intervention du Pape Fran\u00e7ois \u00e0 l\u2019Assembl\u00e9e, avec l\u2019adoption formelle par les Etats membres du Programme de d\u00e9veloppement durable \u00e0 l\u2019horizon 2030, cens\u00e9 \u00e9liminer la pauvret\u00e9 dans le monde au cours des 15 prochaines ann\u00e9es.<\/p>\n<p>\u00ab L\u2019histoire de la communaut\u00e9 organis\u00e9e des Etats, repr\u00e9sent\u00e9e par les Nations Unies, qui c\u00e9l\u00e8brent ces jours-ci leur 70\u00e8me anniversaire, est une histoire d\u2019importants succ\u00e8s communs \u00bb, a commenc\u00e9 par saluer le Pape Fran\u00e7ois, r\u00e9affirmant l\u2019importance que l\u2019Eglise catholique accorde \u00e0 l\u2019Organisation en ce moment historique, caract\u00e9ris\u00e9 par \u00ab le d\u00e9passement de toute limite naturelle de l\u2019affirmation du pouvoir \u00bb.<\/p>\n<p>\u00ab L\u2019exp\u00e9rience de ces 70 ann\u00e9es, au-del\u00e0 de tous les acquis, montre que la r\u00e9forme et l\u2019adaptation aux temps est toujours n\u00e9cessaire, progressant vers l\u2019objectif ultime d\u2019accorder \u00e0 tous les peuples, sans exception, une participation et une incidence r\u00e9elle et \u00e9quitable dans les d\u00e9cisions \u00bb, a toutefois d\u00e9clar\u00e9 le chef de l\u2019Eglise catholique, se r\u00e9f\u00e9rant \u00e0 la n\u00e9cessit\u00e9 de r\u00e9former l\u2019Organisation pour en rendre le fonctionnement plus \u00e9quitable.<\/p>\n<p>Cette n\u00e9cessit\u00e9 de plus d\u2019\u00e9quit\u00e9, a-t-il affirm\u00e9, vaut en particulier pour les corps dot\u00e9s d\u2019une capacit\u00e9 d\u2019ex\u00e9cution effective, comme c\u2019est notamment le cas du Conseil de S\u00e9curit\u00e9 de l\u2019ONU, mais aussi pour les organismes financiers internationaux et les groupes ou m\u00e9canismes sp\u00e9cialement cr\u00e9\u00e9s pour affronter les crises \u00e9conomiques.<\/p>\n<p>\u00ab <div class=\"fusion-fullwidth fullwidth-box fusion-builder-row-1 hundred-percent-fullwidth non-hundred-percent-height-scrolling\" style=\"--awb-border-radius-top-left:0px;--awb-border-radius-top-right:0px;--awb-border-radius-bottom-right:0px;--awb-border-radius-bottom-left:0px;--awb-overflow:visible;--awb-flex-wrap:wrap;\" ><div class=\"fusion-builder-row fusion-row\"><div class=\"fusion-layout-column fusion_builder_column fusion-builder-column-0 fusion_builder_column_1_1 1_1 fusion-one-full fusion-column-first fusion-column-last fusion-column-no-min-height\" style=\"--awb-bg-size:cover;--awb-margin-bottom:0px;\"><div class=\"fusion-column-wrapper fusion-flex-column-wrapper-legacy\">[Les r\u00e9former] aidera \u00e0 limiter tout genre d\u2019abus et d\u2019usure surtout par rapport aux pays en voie de d\u00e9veloppement \u00bb, a insist\u00e9 le Pape Fran\u00e7ois, d\u00e9clarant que les organismes financiers internationaux doivent veiller en particulier au d\u00e9veloppement durable des pays, et \u00e0 ce qu\u2019ils ne soient pas soumis, \u00ab de fa\u00e7on asphyxiante, \u00e0 des syst\u00e8mes de cr\u00e9dits qui, loin de promouvoir le progr\u00e8s, assujettissent les populations \u00e0 des m\u00e9canismes de plus grande pauvret\u00e9, d\u2019exclusion et de d\u00e9pendance \u00bb.<\/p>\n<p>Dans ce contexte, le souverain pontife a rappel\u00e9 que la limitation du pouvoir est une id\u00e9e implicite du concept de droit, soulignant qu\u2019aucun individu ou groupe humain ne peut se consid\u00e9rer tout-puissant.<\/p>\n<p>Le Pape Fran\u00e7ois a cependant regrett\u00e9 la tendance actuelle des gouvernants \u00e0 faire un mauvais usage du pouvoir, qui se traduit principalement par la destruction de l\u2019environnement naturel et l\u2019exclusion des individus.<\/p>\n<p>Affirmant qu\u2019il existe un v\u00e9ritable \u00ab droit de l\u2019environnement \u00bb, le Pape Fran\u00e7ois a d\u00e9clar\u00e9 que toute atteinte \u00e0 ce dernier \u00ab est une atteinte \u00e0 l\u2019humanit\u00e9 \u00bb.<\/p>\n<p>Chacune des cr\u00e9atures, a-t-il dit, surtout les cr\u00e9atures vivantes, a une valeur en soi, \u00ab d\u2019existence, de vie, de beaut\u00e9 et d\u2019interd\u00e9pendance avec les autres cr\u00e9atures \u00bb.<\/p>\n<p>L\u2019abus et la destruction de l\u2019environnement sont en m\u00eame temps accompagn\u00e9s par un processus d\u2019exclusion des individus, a poursuivi le souverain pontife, expliquant que la \u00ab soif \u00e9go\u00efste et illimit\u00e9e de pouvoir et de bien-\u00eatre mat\u00e9riel \u00bb conduit autant \u00e0 abuser des ressources mat\u00e9rielles disponibles qu\u2019\u00e0 exclure les faibles et les personnes ayant moins de capacit\u00e9s.<\/p>\n<p>\u00ab L\u2019exclusion \u00e9conomique et sociale est une n\u00e9gation totale de la fraternit\u00e9 humaine et une tr\u00e8s grave atteinte aux droits humains et \u00e0 l\u2019environnement \u00bb, a-t-il affirm\u00e9, d\u00e9plorant le fait que les plus pauvres soient souvent marginalis\u00e9s par la soci\u00e9t\u00e9 et subissent injustement les cons\u00e9quences des abus contre l\u2019environnement.<\/p>\n<p>\u00ab Ces ph\u00e9nom\u00e8nes constituent la \u2018culture du d\u00e9chet\u2019 aujourd\u2019hui si r\u00e9pandue et inconsciemment renforc\u00e9e\u2019 \u00bb, a-t-il constat\u00e9.<\/p>\n<p>Le Pape Fran\u00e7ois a par cons\u00e9quent appel\u00e9 les Etats \u00e0 trouver des solutions urgentes et efficaces contre ces deux fl\u00e9aux.<\/p>\n<p>\u00ab L\u2019adoption du Programme de d\u00e9veloppement durable \u00e0 l\u2019horizon 2030 au Sommet mondial, qui commencera aujourd\u2019hui m\u00eame, est un signe important d\u2019espoir \u00bb, a-t-il salu\u00e9, tout en mentionnant \u00e9galement son espoir de voir la Conf\u00e9rence de Paris sur le changement climatique, qui aura lieu en d\u00e9cembre, se solder par la conclusion d\u2019accords fondamentaux et efficaces.<\/p>\n<p>Cependant, les engagements solennels ne suffisent pas, a mis en garde le souverain pontife, insistant sur la n\u00e9cessit\u00e9 de mettre l\u2019accent sur leur mise en \u0153uvre.<\/p>\n<p>\u00ab L\u2019ampleur de ces situations et le nombre de vies innocentes qu\u2019elles sacrifient sont tels que nous devons \u00e9viter toute tentation de tomber dans un nominalisme de d\u00e9clarations \u00e0 effet tranquillisant sur les consciences. Nous devons veiller \u00e0 ce que nos institutions soient r\u00e9ellement efficaces dans la lutte contre tous ces fl\u00e9aux \u00bb, a appel\u00e9 le Pape Fran\u00e7ois.<\/p>\n<p>Plus t\u00f4t dans la matin\u00e9e, le chef de l\u2019Eglise catholique, qui a \u00e9t\u00e9 accueilli \u00e0 l\u2019entr\u00e9e du si\u00e8ge de l\u2019Organisation par son Secr\u00e9taire g\u00e9n\u00e9ral, Ban Ki-moon, s\u2019est \u00e9galement adress\u00e9 dans un discours \u00e0 un groupe d\u2019employ\u00e9s de l\u2019ONU.<\/p>\n<p>Source:\u00a0<a href=\"https:\/\/www.un.org\/apps\/newsFr\/storyF.asp?NewsID=35640#.VgWN3ctViko\">Centre d\u2019actualit\u00e9s<\/a><\/p>\n<p>&amp;nbsp<div class=\"fusion-clearfix\"><\/div><\/div><\/div><\/div><\/div><\/p>\n","protected":false},"excerpt":{"rendered":"<p>A l\u2019occasion d\u2019une visite historique au si\u00e8ge de l\u2019ONU \u00e0  [&#8230;]<\/p>\n","protected":false},"author":136,"featured_media":3956,"comment_status":"closed","ping_status":"closed","sticky":false,"template":"","format":"standard","meta":{"_et_pb_use_builder":"","_et_pb_old_content":"","_et_gb_content_width":"","footnotes":""},"categories":[16,31,131],"tags":[],"class_list":["post-3951","post","type-post","status-publish","format-standard","has-post-thumbnail","hentry","category-news","category-developpement-durable","category-summit-highlight"],"_links":{"self":[{"href":"https:\/\/www.un.org\/sustainabledevelopment\/fr\/wp-json\/wp\/v2\/posts\/3951","targetHints":{"allow":["GET"]}}],"collection":[{"href":"https:\/\/www.un.org\/sustainabledevelopment\/fr\/wp-json\/wp\/v2\/posts"}],"about":[{"href":"https:\/\/www.un.org\/sustainabledevelopment\/fr\/wp-json\/wp\/v2\/types\/post"}],"author":[{"embeddable":true,"href":"https:\/\/www.un.org\/sustainabledevelopment\/fr\/wp-json\/wp\/v2\/users\/136"}],"replies":[{"embeddable":true,"href":"https:\/\/www.un.org\/sustainabledevelopment\/fr\/wp-json\/wp\/v2\/comments?post=3951"}],"version-history":[{"count":0,"href":"https:\/\/www.un.org\/sustainabledevelopment\/fr\/wp-json\/wp\/v2\/posts\/3951\/revisions"}],"wp:featuredmedia":[{"embeddable":true,"href":"https:\/\/www.un.org\/sustainabledevelopment\/fr\/wp-json\/wp\/v2\/media\/3956"}],"wp:attachment":[{"href":"https:\/\/www.un.org\/sustainabledevelopment\/fr\/wp-json\/wp\/v2\/media?parent=3951"}],"wp:term":[{"taxonomy":"category","embeddable":true,"href":"https:\/\/www.un.org\/sustainabledevelopment\/fr\/wp-json\/wp\/v2\/categories?post=3951"},{"taxonomy":"post_tag","embeddable":true,"href":"https:\/\/www.un.org\/sustainabledevelopment\/fr\/wp-json\/wp\/v2\/tags?post=3951"}],"curies":[{"name":"wp","href":"https:\/\/api.w.org\/{rel}","templated":true}]}}