  {"id":3326,"date":"2015-08-03T16:52:24","date_gmt":"2015-08-03T16:52:24","guid":{"rendered":"http:\/\/www.un.org\/sustainabledevelopment\/fr\/?p=3326"},"modified":"2017-11-13T12:33:03","modified_gmt":"2017-11-13T17:33:03","slug":"lonu-celebre-laccord-entre-etats-sur-le-futur-programme-de-developpement-durable","status":"publish","type":"post","link":"https:\/\/www.un.org\/sustainabledevelopment\/fr\/2015\/08\/03\/lonu-celebre-laccord-entre-etats-sur-le-futur-programme-de-developpement-durable\/","title":{"rendered":"L&rsquo;ONU c\u00e9l\u00e8bre l&rsquo;accord entre Etats sur le futur programme de d\u00e9veloppement durable"},"content":{"rendered":"<p>3 ao\u00fbt 2015 \u2013 Plusieurs hauts responsables de l&rsquo;ONU ont c\u00e9l\u00e9br\u00e9 lundi l&rsquo;accord historique entre Etats membres survenu la veille \u00e0 propos du futur programme de d\u00e9veloppement durable, qui sera formellement adopt\u00e9 par les dirigeants mondiaux en septembre.<\/p>\n<p>\u00ab J&rsquo;ai souvent dit que l&rsquo;ann\u00e9e 2015 devait \u00eatre le temps de l&rsquo;action mondiale \u00bb, a d\u00e9clar\u00e9 le Secr\u00e9taire g\u00e9n\u00e9ral de l&rsquo;ONU, Ban Ki-moon, lors d&rsquo;une conf\u00e9rence de presse au si\u00e8ge de l&rsquo;Organisation \u00e0 New York. \u00ab Hier soir, les Etats membres ont r\u00e9pondu pr\u00e9sents \u00e0 cet appel historique \u00e0 l&rsquo;action en approuvant un programme de d\u00e9veloppement durable audacieux, ambitieux et transformatif pour les 15 prochaines ann\u00e9es \u00bb.<\/p>\n<p>Le consensus ainsi obtenu est le couronnement de plus de trois ans d&rsquo;efforts, s&rsquo;est f\u00e9licit\u00e9 M. Ban, qui a remerci\u00e9 les principaux artisans de l&rsquo;accord : l&rsquo;Ambassadeur d&rsquo;Irlande aupr\u00e8s des Nations Unies, David Donoghue, l&rsquo;Ambassadeur du Kenya, Macharia Kamau, sa Conseill\u00e8re sp\u00e9ciale pour le programme de d\u00e9veloppement pour l&rsquo;apr\u00e8s-2015, Amina Mohammed, et le Secr\u00e9taire g\u00e9n\u00e9ral adjoint aux affaires \u00e9conomiques et sociales, Wu Hongbo, tous les quatre \u00e9galement pr\u00e9sents \u00e0 ses c\u00f4t\u00e9s \u00e0 cette occasion.<\/p>\n<p>M. Ban, qui s&rsquo;est exprim\u00e9 au d\u00e9but de la conf\u00e9rence de presse avant de donner la parole \u00e0 Mme Mohammed, a par ailleurs salu\u00e9 le Pr\u00e9sident de l&rsquo;Assembl\u00e9e g\u00e9n\u00e9rale de l&rsquo;ONU, Sam Kutesa, pour son r\u00f4le de leadership tout au long de la derni\u00e8re ann\u00e9e de n\u00e9gociations.<\/p>\n<p>\u00ab Le document final s&rsquo;intitule &lsquo;Transformer notre monde : le programme 2030 pour le d\u00e9veloppement durable&rsquo; et il s&rsquo;agit d&rsquo;une feuille de route pour \u00e9radiquer la pauvret\u00e9 mondiale, construire une vie digne pour tous et ne laisser personne de c\u00f4t\u00e9. C&rsquo;est \u00e9galement un appel \u00e0 intensifier les efforts pour gu\u00e9rir notre plan\u00e8te au profit des g\u00e9n\u00e9rations actuelles et futures \u00bb, a d\u00e9clar\u00e9 le Secr\u00e9taire g\u00e9n\u00e9ral.<\/p>\n<p>Tout en se basant sur les succ\u00e8s des Objectifs du Mill\u00e9naire pour le d\u00e9veloppement, a-t-il indiqu\u00e9, ce nouveau programme contient 17 Objectifs de d\u00e9veloppement durable \u00e0 la fois int\u00e9gr\u00e9s, interd\u00e9pendants et indivisibles.<\/p>\n<p>\u00ab A bien des \u00e9gards, ces objectifs mondiaux constituent &lsquo;une liste de t\u00e2ches&rsquo; pour les gens et la plan\u00e8te \u00bb, a affirm\u00e9 le chef de l&rsquo;ONU.<\/p>\n<p>De son c\u00f4t\u00e9, le Pr\u00e9sident de l&rsquo;Assembl\u00e9e g\u00e9n\u00e9rale, M. Kutesa, s&rsquo;est d\u00e9clar\u00e9 impatient de l&rsquo;adoption formelle du nouveau programme par les Etats membres lors du Sommet sp\u00e9cial sur le d\u00e9veloppement durable qui aura lieu du 25 au 27 septembre \u00e0 New York.<\/p>\n<p>Saluant dans un communiqu\u00e9 de presse \u00ab cette avanc\u00e9e historique \u00bb, M. Kutesa a par ailleurs insist\u00e9 sur la diversit\u00e9 des acteurs ayant pris part aux n\u00e9gociations, s&rsquo;agissant aussi bien des Etats membres que de la soci\u00e9t\u00e9 civile, des entreprises, des parlementaires et du monde de la recherche.<\/p>\n<p>\u00ab Alors que l&rsquo;ONU c\u00e9l\u00e8bre son 70\u00e8me anniversaire, nous sommes en train d&rsquo;imprimer une trajectoire durable \u00e0 notre monde, qui garantira un meilleur avenir pour notre plan\u00e8te et tous ses habitants \u00bb, a d\u00e9clar\u00e9 le Pr\u00e9sident de l&rsquo;Assembl\u00e9e.<\/p>\n<p><a href=\"https:\/\/www.un.org\/apps\/newsFr\/storyF.asp?NewsID=35286#.Vd9AWPlVhBd\">Via le Centre d&rsquo;actualit\u00e9s de l&rsquo;ONU<\/a><\/p>\n","protected":false},"excerpt":{"rendered":"<p>3 ao\u00fbt 2015 \u2013 Plusieurs hauts responsables de l&rsquo;ONU ont c\u00e9l\u00e9br\u00e9 lundi l&rsquo;accord historique entre Etats membres survenu la veille \u00e0 propos du futur programme de d\u00e9veloppement durable, qui sera formellement adopt\u00e9 par les dirigeants mondiaux en septembre.<\/p>\n","protected":false},"author":136,"featured_media":3331,"comment_status":"closed","ping_status":"closed","sticky":false,"template":"","format":"standard","meta":{"_et_pb_use_builder":"","_et_pb_old_content":"","_et_gb_content_width":"","footnotes":""},"categories":[16,55,131],"tags":[],"class_list":["post-3326","post","type-post","status-publish","format-standard","has-post-thumbnail","hentry","category-news","category-programme-de-developpement-durable","category-summit-highlight"],"_links":{"self":[{"href":"https:\/\/www.un.org\/sustainabledevelopment\/fr\/wp-json\/wp\/v2\/posts\/3326","targetHints":{"allow":["GET"]}}],"collection":[{"href":"https:\/\/www.un.org\/sustainabledevelopment\/fr\/wp-json\/wp\/v2\/posts"}],"about":[{"href":"https:\/\/www.un.org\/sustainabledevelopment\/fr\/wp-json\/wp\/v2\/types\/post"}],"author":[{"embeddable":true,"href":"https:\/\/www.un.org\/sustainabledevelopment\/fr\/wp-json\/wp\/v2\/users\/136"}],"replies":[{"embeddable":true,"href":"https:\/\/www.un.org\/sustainabledevelopment\/fr\/wp-json\/wp\/v2\/comments?post=3326"}],"version-history":[{"count":0,"href":"https:\/\/www.un.org\/sustainabledevelopment\/fr\/wp-json\/wp\/v2\/posts\/3326\/revisions"}],"wp:featuredmedia":[{"embeddable":true,"href":"https:\/\/www.un.org\/sustainabledevelopment\/fr\/wp-json\/wp\/v2\/media\/3331"}],"wp:attachment":[{"href":"https:\/\/www.un.org\/sustainabledevelopment\/fr\/wp-json\/wp\/v2\/media?parent=3326"}],"wp:term":[{"taxonomy":"category","embeddable":true,"href":"https:\/\/www.un.org\/sustainabledevelopment\/fr\/wp-json\/wp\/v2\/categories?post=3326"},{"taxonomy":"post_tag","embeddable":true,"href":"https:\/\/www.un.org\/sustainabledevelopment\/fr\/wp-json\/wp\/v2\/tags?post=3326"}],"curies":[{"name":"wp","href":"https:\/\/api.w.org\/{rel}","templated":true}]}}