  {"id":2965,"date":"2015-07-06T15:49:46","date_gmt":"2015-07-06T15:49:46","guid":{"rendered":"http:\/\/www.un.org\/sustainabledevelopment\/fr\/?p=2965"},"modified":"2017-11-13T12:33:11","modified_gmt":"2017-11-13T17:33:11","slug":"lecosoc-appelle-a-un-ultime-effort-pour-definir-le-nouveau-programme-de-developpement","status":"publish","type":"post","link":"https:\/\/www.un.org\/sustainabledevelopment\/fr\/2015\/07\/06\/lecosoc-appelle-a-un-ultime-effort-pour-definir-le-nouveau-programme-de-developpement\/","title":{"rendered":"L&rsquo;ECOSOC appelle \u00e0 un ultime effort pour d\u00e9finir le nouveau programme de d\u00e9veloppement"},"content":{"rendered":"<p>6 juillet 2015 \u2013 A l&rsquo;ouverture d&rsquo;une session du Conseil \u00e9conomique et social des Nations Unies (ECOSOC) au si\u00e8ge de l&rsquo;Organisation \u00e0 New York, le Pr\u00e9sident de cet organe a appel\u00e9 lundi la communaut\u00e9 internationale \u00e0 se montrer \u00e0 la hauteur de ses responsabilit\u00e9s en mati\u00e8re de d\u00e9veloppement durable.<\/p>\n<p>\u00ab Nous avons une v\u00e9ritable opportunit\u00e9 d&rsquo;\u00e9radiquer l&rsquo;extr\u00eame pauvret\u00e9 et de ne laisser personne de c\u00f4t\u00e9. Nous avons la possibilit\u00e9 d&rsquo;atteindre, partout dans le monde, les plus pauvres et les plus vuln\u00e9rables et de leur donner une chance de vivre une vie digne \u00bb, a dit le Pr\u00e9sident de l&rsquo;ECOSOC, Martin Sajdik, dans un discours lu par le Vice-Pr\u00e9sident de l&rsquo;ECOSOC, Oh Joon.<\/p>\n<p>Les Objectifs du Mill\u00e9naire pour le d\u00e9veloppement adopt\u00e9s en 2000 par les Etats membres de l&rsquo;ONU arrivent \u00e0 \u00e9ch\u00e9ance cette ann\u00e9e. Selon le dernier rapport d&rsquo;\u00e9valuation publi\u00e9 lundi, d&rsquo;importants succ\u00e8s ont \u00e9t\u00e9 enregistr\u00e9s en mati\u00e8re de r\u00e9duction de l&rsquo;extr\u00eame pauvret\u00e9 et de la mortalit\u00e9 infantile mais trop de gens continuent d&rsquo;\u00eatre laiss\u00e9s de c\u00f4t\u00e9, en particulier les plus pauvres.<\/p>\n<p>La communaut\u00e9 internationale discute depuis des mois d&rsquo;un nouveau programme de d\u00e9veloppement durable qui doit \u00eatre adopt\u00e9 en septembre \u00e0 New York.<\/p>\n<p>\u00ab Si nous voulons donner la touche finale et mettre en \u0153uvre un programme universel, transformatif et centr\u00e9 sur les gens, nous devons changer notre mani\u00e8re de penser \u00bb, a d\u00e9clar\u00e9 M. Sajdik. \u00ab Nous ne pouvons pas continuer \u00e0 faire les choses comme d&rsquo;habitude et esp\u00e9rer des r\u00e9sultats diff\u00e9rents \u00bb.<\/p>\n<p>Selon Martin Sajdik, les participants de la session de l&rsquo;ECOSOC \u00ab ont pour responsabilit\u00e9 de contribuer, \u00e0 travers leurs d\u00e9lib\u00e9rations, au processus qui tracera le chemin pour les 15 prochaines ann\u00e9es et au-del\u00e0 \u00bb. \u00ab Si nous faisons les choses comme il faut, nous le ferons pour les g\u00e9n\u00e9rations \u00e0 venir \u00bb, a-t-il ajout\u00e9.<\/p>\n<p>Le Secr\u00e9taire g\u00e9n\u00e9ral Ban Ki-moon a \u00e9galement appel\u00e9 la communaut\u00e9 internationale \u00e0 travailler ensemble \u00ab pour le finir le travail commenc\u00e9 avec les Objectifs du Mill\u00e9naire pour le d\u00e9veloppement et s&rsquo;appuyer sur leurs succ\u00e8s \u00bb. Il s&rsquo;est dit persuad\u00e9 qu&rsquo;il est possible de mettre fin \u00e0 la pauvret\u00e9 et de \u00ab forger un monde de dignit\u00e9 pour tous \u00bb.<\/p>\n<p><a href=\"https:\/\/www.un.org\/apps\/newsFr\/storyF.asp?NewsID=35118#.VbejYvlVhBc\">Via le Centre d&rsquo;actualit\u00e9s de l&rsquo;ONU<\/a><\/p>\n","protected":false},"excerpt":{"rendered":"<p>6 juillet 2015 \u2013 A l&rsquo;ouverture d&rsquo;une session du Conseil \u00e9conomique et social des Nations Unies (ECOSOC) au si\u00e8ge de l&rsquo;Organisation \u00e0 New York, le Pr\u00e9sident de cet organe a appel\u00e9 lundi la communaut\u00e9 internationale \u00e0 se montrer \u00e0 la hauteur de ses responsabilit\u00e9s en mati\u00e8re de d\u00e9veloppement durable.<\/p>\n","protected":false},"author":136,"featured_media":2968,"comment_status":"closed","ping_status":"closed","sticky":false,"template":"","format":"standard","meta":{"_et_pb_use_builder":"","_et_pb_old_content":"","_et_gb_content_width":"","footnotes":""},"categories":[16,55],"tags":[],"class_list":["post-2965","post","type-post","status-publish","format-standard","has-post-thumbnail","hentry","category-news","category-programme-de-developpement-durable"],"_links":{"self":[{"href":"https:\/\/www.un.org\/sustainabledevelopment\/fr\/wp-json\/wp\/v2\/posts\/2965","targetHints":{"allow":["GET"]}}],"collection":[{"href":"https:\/\/www.un.org\/sustainabledevelopment\/fr\/wp-json\/wp\/v2\/posts"}],"about":[{"href":"https:\/\/www.un.org\/sustainabledevelopment\/fr\/wp-json\/wp\/v2\/types\/post"}],"author":[{"embeddable":true,"href":"https:\/\/www.un.org\/sustainabledevelopment\/fr\/wp-json\/wp\/v2\/users\/136"}],"replies":[{"embeddable":true,"href":"https:\/\/www.un.org\/sustainabledevelopment\/fr\/wp-json\/wp\/v2\/comments?post=2965"}],"version-history":[{"count":0,"href":"https:\/\/www.un.org\/sustainabledevelopment\/fr\/wp-json\/wp\/v2\/posts\/2965\/revisions"}],"wp:featuredmedia":[{"embeddable":true,"href":"https:\/\/www.un.org\/sustainabledevelopment\/fr\/wp-json\/wp\/v2\/media\/2968"}],"wp:attachment":[{"href":"https:\/\/www.un.org\/sustainabledevelopment\/fr\/wp-json\/wp\/v2\/media?parent=2965"}],"wp:term":[{"taxonomy":"category","embeddable":true,"href":"https:\/\/www.un.org\/sustainabledevelopment\/fr\/wp-json\/wp\/v2\/categories?post=2965"},{"taxonomy":"post_tag","embeddable":true,"href":"https:\/\/www.un.org\/sustainabledevelopment\/fr\/wp-json\/wp\/v2\/tags?post=2965"}],"curies":[{"name":"wp","href":"https:\/\/api.w.org\/{rel}","templated":true}]}}