  {"id":2926,"date":"2015-06-30T19:19:40","date_gmt":"2015-06-30T19:19:40","guid":{"rendered":"http:\/\/www.un.org\/sustainabledevelopment\/fr\/?p=2926"},"modified":"2015-07-27T19:26:57","modified_gmt":"2015-07-27T19:26:57","slug":"climat-lonu-se-felicite-des-contributions-annoncees-par-la-chine-et-la-coree-du-sud","status":"publish","type":"post","link":"https:\/\/www.un.org\/sustainabledevelopment\/fr\/2015\/06\/30\/climat-lonu-se-felicite-des-contributions-annoncees-par-la-chine-et-la-coree-du-sud\/","title":{"rendered":"Climat : l&rsquo;ONU se f\u00e9licite des contributions annonc\u00e9es par la Chine et la Cor\u00e9e du Sud"},"content":{"rendered":"<p>30 juin 2015 \u2013 Le Secr\u00e9taire g\u00e9n\u00e9ral de l&rsquo;ONU, Ban Ki-moon, s&rsquo;est f\u00e9licit\u00e9 mardi du d\u00e9p\u00f4t officiel par la Chine et la R\u00e9publique de Cor\u00e9e de leurs objectifs nationaux en mati\u00e8re de lutte contre changement climatique pour l&rsquo;apr\u00e8s 2020.<\/p>\n<p>Ces annonces officielles \u00ab repr\u00e9sentent une contribution importante pour construire une dynamique et renforcer les perspectives de parvenir \u00e0 un nouvel accord significatif sur le changement climatique lors de la COP-21 \u00e0 Paris \u00e0 la fin de l&rsquo;ann\u00e9e \u00bb, a dit le porte-parole du Secr\u00e9taire g\u00e9n\u00e9ral dans une d\u00e9claration \u00e0 la presse.<\/p>\n<p>D\u00e9sormais, avec la Chine et la R\u00e9publique de Cor\u00e9e, plus de 40 pays ont annonc\u00e9 leurs objectifs, repr\u00e9sentant \u00e0 eux tous plus de 60% des \u00e9missions mondiales.<\/p>\n<p>Le chef de l&rsquo;ONU a rappel\u00e9 que les objectifs nationaux annonc\u00e9s constituent un plancher et non un plafond en termes d&rsquo;ambition, et qu&rsquo;ils sont essentiels pour assurer une dynamique et la confiance en vue du Sommet de Paris sur le climat.<\/p>\n<p>Ban Ki-moon a remerci\u00e9 le Pr\u00e9sident de Chine, Xi Jinping, et la Pr\u00e9sidente de la R\u00e9publique de Cor\u00e9e, Park Geun-hye, pour leur leadership et leur engagement fort dans la lutte contre le changement climatique.<\/p>\n<p>Le chef de l&rsquo;ONU a encourag\u00e9 les autres pays \u00e0 acc\u00e9l\u00e9rer leurs pr\u00e9paratifs pour d\u00e9poser leurs objectifs nationaux en mati\u00e8re de lutte contre le changement climatique. Il a rappel\u00e9 qu&rsquo;il \u00e9tait crucial que ces objectifs soient formellement annonc\u00e9s \u00e0 temps et bien avant le Sommet de Paris pour arriver \u00e0 un accord universel significatif sur le climat.<\/p>\n","protected":false},"excerpt":{"rendered":"<p>30 juin 2015 \u2013 Le Secr\u00e9taire g\u00e9n\u00e9ral de l&rsquo;ONU, Ban Ki-moon, s&rsquo;est f\u00e9licit\u00e9 mardi du d\u00e9p\u00f4t officiel par la Chine et la R\u00e9publique de Cor\u00e9e de leurs objectifs nationaux en mati\u00e8re de lutte contre changement climatique pour l&rsquo;apr\u00e8s 2020.<\/p>\n","protected":false},"author":136,"featured_media":2929,"comment_status":"closed","ping_status":"closed","sticky":false,"template":"","format":"standard","meta":{"_et_pb_use_builder":"","_et_pb_old_content":"","_et_gb_content_width":"","footnotes":""},"categories":[16,5],"tags":[],"class_list":["post-2926","post","type-post","status-publish","format-standard","has-post-thumbnail","hentry","category-news","category-climate-change"],"_links":{"self":[{"href":"https:\/\/www.un.org\/sustainabledevelopment\/fr\/wp-json\/wp\/v2\/posts\/2926","targetHints":{"allow":["GET"]}}],"collection":[{"href":"https:\/\/www.un.org\/sustainabledevelopment\/fr\/wp-json\/wp\/v2\/posts"}],"about":[{"href":"https:\/\/www.un.org\/sustainabledevelopment\/fr\/wp-json\/wp\/v2\/types\/post"}],"author":[{"embeddable":true,"href":"https:\/\/www.un.org\/sustainabledevelopment\/fr\/wp-json\/wp\/v2\/users\/136"}],"replies":[{"embeddable":true,"href":"https:\/\/www.un.org\/sustainabledevelopment\/fr\/wp-json\/wp\/v2\/comments?post=2926"}],"version-history":[{"count":0,"href":"https:\/\/www.un.org\/sustainabledevelopment\/fr\/wp-json\/wp\/v2\/posts\/2926\/revisions"}],"wp:featuredmedia":[{"embeddable":true,"href":"https:\/\/www.un.org\/sustainabledevelopment\/fr\/wp-json\/wp\/v2\/media\/2929"}],"wp:attachment":[{"href":"https:\/\/www.un.org\/sustainabledevelopment\/fr\/wp-json\/wp\/v2\/media?parent=2926"}],"wp:term":[{"taxonomy":"category","embeddable":true,"href":"https:\/\/www.un.org\/sustainabledevelopment\/fr\/wp-json\/wp\/v2\/categories?post=2926"},{"taxonomy":"post_tag","embeddable":true,"href":"https:\/\/www.un.org\/sustainabledevelopment\/fr\/wp-json\/wp\/v2\/tags?post=2926"}],"curies":[{"name":"wp","href":"https:\/\/api.w.org\/{rel}","templated":true}]}}