  {"id":2905,"date":"2015-06-29T16:57:23","date_gmt":"2015-06-29T16:57:23","guid":{"rendered":"http:\/\/www.un.org\/sustainabledevelopment\/fr\/?p=2905"},"modified":"2017-11-13T12:33:13","modified_gmt":"2017-11-13T17:33:13","slug":"a-cinq-mois-du-sommet-sur-le-climat-a-paris-lonu-appelle-les-etats-membres-a-accelerer-le-rythme","status":"publish","type":"post","link":"https:\/\/www.un.org\/sustainabledevelopment\/fr\/2015\/06\/29\/a-cinq-mois-du-sommet-sur-le-climat-a-paris-lonu-appelle-les-etats-membres-a-accelerer-le-rythme\/","title":{"rendered":"A cinq mois du Sommet sur le climat \u00e0 Paris, l&rsquo;ONU appelle les Etats membres \u00e0 acc\u00e9l\u00e9rer le rythme"},"content":{"rendered":"<p>29 juin 2015 \u2013 A l&rsquo;occasion d&rsquo;une r\u00e9union de l&rsquo;Assembl\u00e9e g\u00e9n\u00e9rale des Nations Unies sur le changement climatique, de hauts responsables de l&rsquo;Organisation ont appel\u00e9 lundi les Etats membres \u00e0 acc\u00e9l\u00e9rer les n\u00e9gociations sur le climat dans la perspective du Sommet de Paris en d\u00e9cembre.<\/p>\n<p>\u00ab Je vous encourage \u00e0 acc\u00e9l\u00e9rer le rythme et \u00e0 \u00eatre plus ambitieux alors que la conf\u00e9rence de d\u00e9cembre approche \u00bb, a d\u00e9clar\u00e9 le Secr\u00e9taire g\u00e9n\u00e9ral de l&rsquo;ONU, Ban Ki-moon, dans un discours lors de cette r\u00e9union.<\/p>\n<p>Lors du Sommet de Paris en d\u00e9cembre, la communaut\u00e9 internationale a en effet l&rsquo;ambition de conclure un accord suffisamment global et ambitieux pour permettre de lutter efficacement contre le changement climatique. A cette fin, un projet d&rsquo;accord est actuellement en cours d&rsquo;\u00e9laboration par les Etats membres.<\/p>\n<p>\u00ab La conclusion d&rsquo;un accord sur le changement climatique \u00e0 Paris ne sera pas le point final mais il devra constituer un tournant dans la mani\u00e8re dont le monde r\u00e9pond collectivement \u00e0 ce d\u00e9fi de notre \u00e9poque \u00bb.<\/p>\n<p>Le chef de l&rsquo;ONU a rappel\u00e9 que cette r\u00e9union de lundi \u00e9tait notamment destin\u00e9e \u00e0 \u00e9tablir la marche \u00e0 suivre pour s&rsquo;assurer que les dirigeants du monde et leurs gouvernements adoptent un accord ambitieux et universel en d\u00e9cembre, \u00e0 Paris.<\/p>\n<p>Selon lui, les conditions sont r\u00e9unies pour un accord, mais il a regrett\u00e9 que les n\u00e9gociations en cours sur le climat soient \u00ab trop lentes \u00bb.<\/p>\n<p>\u00ab Cela avance \u00e0 la vitesse d&rsquo;un escargot \u00bb, a-t-il not\u00e9.<\/p>\n<p>Il a appel\u00e9 les chefs d&rsquo;Etat et de gouvernement \u00e0 \u00ab donner des directives claires \u00e0 leurs ministres et leurs n\u00e9gociateurs afin qu&rsquo;ils engagent leur responsabilit\u00e9 personnelle sur le r\u00e9sultat \u00e0 Paris \u00bb.<\/p>\n<p>\u00ab Si nous \u00e9chouons, nous condamnerons nos enfants et petits-enfants \u00e0 un futur chaos climatique \u00bb, a affirm\u00e9 Ban Ki-moon. \u00ab Si nous r\u00e9ussissons, nous pouvons mettre le monde sur la bonne voie vers une plus grande stabilit\u00e9, une meilleure sant\u00e9 et des \u00e9conomies plus fortes b\u00e9n\u00e9ficiant \u00e0 tous \u00bb.<\/p>\n<p>Selon lui, un accord \u00e0 Paris doit envoyer un signal fort sur la d\u00e9termination du monde \u00e0 construire un avenir bas en carbone. Il doit \u00e9galement \u00eatre durable, souple et respecter le principe d&rsquo;\u00e9quit\u00e9. Cet accord doit \u00e9galement \u00ab avoir des m\u00e9canismes clairs mesurant, surveillant et relevant les progr\u00e8s r\u00e9alis\u00e9s d&rsquo;une mani\u00e8re transparente \u00bb, a ajout\u00e9 le Secr\u00e9taire g\u00e9n\u00e9ral.<\/p>\n<p>Le chef de l&rsquo;ONU a enfin jug\u00e9 indispensable un financement climatique cr\u00e9dible. A cet \u00e9gard, il exhort\u00e9 les pays d\u00e9velopp\u00e9s \u00e0 fournir une trajectoire politiquement cr\u00e9dible pour la mobilisation de 100 milliards de dollars par an d&rsquo;ici \u00e0 2020 destin\u00e9s \u00e0 aider les pays en d\u00e9veloppement \u00e0 r\u00e9duire leurs \u00e9missions et renforcer leur r\u00e9silience.<\/p>\n<p>De son c\u00f4t\u00e9, le Pr\u00e9sident de l&rsquo;Assembl\u00e9e g\u00e9n\u00e9rale, Sam Kutesa, a appel\u00e9 lundi les Etats membres \u00e0 maintenir \u00ab un niveau d&rsquo;ambition \u00e9lev\u00e9 et \u00e0 traiter tous les aspects de mani\u00e8re \u00e9quilibr\u00e9e, qu&rsquo;il s&rsquo;agisse de l&rsquo;adaptation, de l&rsquo;att\u00e9nuation, et des moyens de mise en \u0153uvre \u00bb. \u00ab Il faut accro\u00eetre la proc\u00e9dure de financement pour les pays les plus vuln\u00e9rables \u00bb, a-t-il ajout\u00e9.<\/p>\n<p>\u00ab Cette ann\u00e9e, nous avons une occasion unique d&rsquo;agir de mani\u00e8re collective pour r\u00e9pondre \u00e0 cette question pressante \u00bb, a conclu M. Kutesa. \u00ab Ensemble, nous devons faire tout notre possible pour arriver \u00e0 un accord \u00e9quilibr\u00e9 et contraignant en d\u00e9cembre qui promeut le d\u00e9veloppement durable et pr\u00e9serve notre plan\u00e8te \u00bb.<\/p>\n<p><a href=\"https:\/\/www.un.org\/apps\/newsFr\/storyF.asp?NewsID=35074#.VbZjK_lVhBc\">Via le Centre d&rsquo;actualit\u00e9s de l&rsquo;ONU\u00a0<\/a><\/p>\n","protected":false},"excerpt":{"rendered":"<p>29 juin 2015 \u2013 A l&rsquo;occasion d&rsquo;une r\u00e9union de l&rsquo;Assembl\u00e9e g\u00e9n\u00e9rale des Nations Unies sur le changement climatique, de hauts responsables de l&rsquo;Organisation ont appel\u00e9 lundi les Etats membres \u00e0 acc\u00e9l\u00e9rer les n\u00e9gociations sur le climat dans la perspective du Sommet de Paris en d\u00e9cembre.<\/p>\n","protected":false},"author":136,"featured_media":2908,"comment_status":"closed","ping_status":"closed","sticky":false,"template":"","format":"standard","meta":{"_et_pb_use_builder":"","_et_pb_old_content":"","_et_gb_content_width":"","footnotes":""},"categories":[16,5],"tags":[],"class_list":["post-2905","post","type-post","status-publish","format-standard","has-post-thumbnail","hentry","category-news","category-climate-change"],"_links":{"self":[{"href":"https:\/\/www.un.org\/sustainabledevelopment\/fr\/wp-json\/wp\/v2\/posts\/2905","targetHints":{"allow":["GET"]}}],"collection":[{"href":"https:\/\/www.un.org\/sustainabledevelopment\/fr\/wp-json\/wp\/v2\/posts"}],"about":[{"href":"https:\/\/www.un.org\/sustainabledevelopment\/fr\/wp-json\/wp\/v2\/types\/post"}],"author":[{"embeddable":true,"href":"https:\/\/www.un.org\/sustainabledevelopment\/fr\/wp-json\/wp\/v2\/users\/136"}],"replies":[{"embeddable":true,"href":"https:\/\/www.un.org\/sustainabledevelopment\/fr\/wp-json\/wp\/v2\/comments?post=2905"}],"version-history":[{"count":0,"href":"https:\/\/www.un.org\/sustainabledevelopment\/fr\/wp-json\/wp\/v2\/posts\/2905\/revisions"}],"wp:featuredmedia":[{"embeddable":true,"href":"https:\/\/www.un.org\/sustainabledevelopment\/fr\/wp-json\/wp\/v2\/media\/2908"}],"wp:attachment":[{"href":"https:\/\/www.un.org\/sustainabledevelopment\/fr\/wp-json\/wp\/v2\/media?parent=2905"}],"wp:term":[{"taxonomy":"category","embeddable":true,"href":"https:\/\/www.un.org\/sustainabledevelopment\/fr\/wp-json\/wp\/v2\/categories?post=2905"},{"taxonomy":"post_tag","embeddable":true,"href":"https:\/\/www.un.org\/sustainabledevelopment\/fr\/wp-json\/wp\/v2\/tags?post=2905"}],"curies":[{"name":"wp","href":"https:\/\/api.w.org\/{rel}","templated":true}]}}