  {"id":2881,"date":"2015-06-24T20:36:51","date_gmt":"2015-06-24T20:36:51","guid":{"rendered":"http:\/\/www.un.org\/sustainabledevelopment\/fr\/?p=2881"},"modified":"2017-11-13T12:33:14","modified_gmt":"2017-11-13T17:33:14","slug":"une-epidemie-de-cholera-menace-les-enfants-au-soudan-du-sud-selon-lunicef","status":"publish","type":"post","link":"https:\/\/www.un.org\/sustainabledevelopment\/fr\/2015\/06\/24\/une-epidemie-de-cholera-menace-les-enfants-au-soudan-du-sud-selon-lunicef\/","title":{"rendered":"Une \u00e9pid\u00e9mie de chol\u00e9ra menace les enfants au Soudan du Sud, selon l&rsquo;±¬ÁÏÍøICEF"},"content":{"rendered":"<div id=\"fullstory\">\n<p>24 juin 2015 \u2013 Alors que les combats au Soudan du Sud s&rsquo;intensifient et que les rapports faisant \u00e9tat de violations atroces perp\u00e9tr\u00e9es contre des enfants dans le pays se multiplient, le Fonds des Nations Unies pour l&rsquo;enfance (<a href=\"http:\/\/www.unicef.org\/french\/index.php\">±¬ÁÏÍøICEF<\/a>) a tir\u00e9 la sonnette d&rsquo;alarme mercredi face \u00e0 l&rsquo;\u00e9pid\u00e9mie de chol\u00e9ra qui menace actuellement les enfants de la plus jeunes des nations du monde.<\/p>\n<p>Selon l&rsquo;agence de l&rsquo;ONU, dix-huit personnes, dont deux enfants de moins de cinq ans, sont mortes de la maladie depuis que le premier cas a \u00e9t\u00e9 rapport\u00e9 le 27 mai dernier dans le site de protection des civils de la capitale Juba.<\/p>\n<p>Depuis lors, 170 cas suspects ont \u00e9t\u00e9 signal\u00e9s \u00e0 l&rsquo;int\u00e9rieur du site et dans plusieurs villages \u00e0 travers l&rsquo;\u00c9quatoria-Central, l&rsquo;un des 10 \u00c9tat du pays.<\/p>\n<p>\u00ab Jusqu&rsquo;\u00e0 5.000 enfants de moins de cinq ans risquent de mourir du chol\u00e9ra si des mesures d&rsquo;urgence ne sont pas prises pour contenir cette menace \u00bb, a d\u00e9clar\u00e9 dans un communiqu\u00e9 de presse le Repr\u00e9sentant de l&rsquo;±¬ÁÏÍøICEF au Soudan du Sud, Jonathan Veitch.<\/p>\n<p>Le conflit au Soudan du Sud a commenc\u00e9 en d\u00e9cembre 2013 et a \u00e9t\u00e9 marqu\u00e9 par des violences brutales perp\u00e9tr\u00e9es contre la, population civile. Environ 120.000 personnes sont h\u00e9berg\u00e9es dans des camps de l&rsquo;ONU, qui estime \u00e0 1,95 million de personnes le nombre de d\u00e9plac\u00e9es internes et \u00e0 293 000 la population de r\u00e9fugi\u00e9s ayant fui dans des Etats voisins.<\/p>\n<p>Les personnes ayant fui les combats dans des camps et sites improvis\u00e9s surpeupl\u00e9s sont g\u00e9n\u00e9ralement priv\u00e9es d&rsquo;acc\u00e8s \u00e0 l&rsquo;eau potable et vivent dans des conditions d&rsquo;hygi\u00e8ne tr\u00e8s difficiles, ce qui accroit le risque de maladies et d&rsquo;\u00e9pid\u00e9mies, a estim\u00e9 l&rsquo;±¬ÁÏÍøICEF.<\/p>\n<p>Une \u00e9pid\u00e9mie de chol\u00e9ra avait d\u00e9j\u00e0 \u00e9clat\u00e9 en mai 2014, causant la mort de 167 personnes, avant d&rsquo;\u00eatre enray\u00e9e par le gouvernement et les partenaires de l&rsquo;ONU.<\/p>\n<p>\u00ab Il est d\u00e9plorable qu&rsquo;une telle maladie facilement \u00e9vitable puisse d\u00e9truire tant de jeunes vies \u00bb, a regrett\u00e9 M. Veitch. \u00ab L&rsquo;±¬ÁÏÍøICEF travaille avec les collectivit\u00e9s et les \u00e9tablissements de sant\u00e9 afin de pr\u00e9venir de nouvelles pertes en vie humaine, mais nous sommes \u00e0 court de fonds pour y parvenir \u00bb.<\/p>\n<p>L&rsquo;±¬ÁÏÍøICEF a par cons\u00e9quent lanc\u00e9 un appel d&rsquo;urgence \u00e0 la communaut\u00e9 internationale pour financer 4,6 millions de dollars afin de faire face \u00e0 cette nouvelle \u00e9pid\u00e9mie de chol\u00e9ra dans les six prochains mois.<\/p>\n<p><a href=\"https:\/\/www.un.org\/apps\/newsFr\/storyF.asp?NewsID=35039#.VbKiePlVhBc\">Via le Centre d&rsquo;actualit\u00e9s de l&rsquo;ONU<\/a><\/p>\n<\/div>\n<p>&nbsp;<\/p>\n","protected":false},"excerpt":{"rendered":"<p>24 juin 2015 \u2013 Alors que les combats au Soudan du Sud s&rsquo;intensifient et que les rapports faisant \u00e9tat de violations atroces perp\u00e9tr\u00e9es contre des enfants dans le pays se multiplient, le Fonds des Nations Unies pour l&rsquo;enfance (±¬ÁÏÍøICEF) a tir\u00e9 la sonnette d&rsquo;alarme mercredi face \u00e0 l&rsquo;\u00e9pid\u00e9mie de chol\u00e9ra qui menace actuellement les enfants de la plus jeunes des nations du monde.<\/p>\n","protected":false},"author":136,"featured_media":2884,"comment_status":"closed","ping_status":"closed","sticky":false,"template":"","format":"standard","meta":{"_et_pb_use_builder":"","_et_pb_old_content":"","_et_gb_content_width":"","footnotes":""},"categories":[16,11],"tags":[],"class_list":["post-2881","post","type-post","status-publish","format-standard","has-post-thumbnail","hentry","category-news","category-health"],"_links":{"self":[{"href":"https:\/\/www.un.org\/sustainabledevelopment\/fr\/wp-json\/wp\/v2\/posts\/2881","targetHints":{"allow":["GET"]}}],"collection":[{"href":"https:\/\/www.un.org\/sustainabledevelopment\/fr\/wp-json\/wp\/v2\/posts"}],"about":[{"href":"https:\/\/www.un.org\/sustainabledevelopment\/fr\/wp-json\/wp\/v2\/types\/post"}],"author":[{"embeddable":true,"href":"https:\/\/www.un.org\/sustainabledevelopment\/fr\/wp-json\/wp\/v2\/users\/136"}],"replies":[{"embeddable":true,"href":"https:\/\/www.un.org\/sustainabledevelopment\/fr\/wp-json\/wp\/v2\/comments?post=2881"}],"version-history":[{"count":0,"href":"https:\/\/www.un.org\/sustainabledevelopment\/fr\/wp-json\/wp\/v2\/posts\/2881\/revisions"}],"wp:featuredmedia":[{"embeddable":true,"href":"https:\/\/www.un.org\/sustainabledevelopment\/fr\/wp-json\/wp\/v2\/media\/2884"}],"wp:attachment":[{"href":"https:\/\/www.un.org\/sustainabledevelopment\/fr\/wp-json\/wp\/v2\/media?parent=2881"}],"wp:term":[{"taxonomy":"category","embeddable":true,"href":"https:\/\/www.un.org\/sustainabledevelopment\/fr\/wp-json\/wp\/v2\/categories?post=2881"},{"taxonomy":"post_tag","embeddable":true,"href":"https:\/\/www.un.org\/sustainabledevelopment\/fr\/wp-json\/wp\/v2\/tags?post=2881"}],"curies":[{"name":"wp","href":"https:\/\/api.w.org\/{rel}","templated":true}]}}