  {"id":2863,"date":"2015-06-18T19:37:03","date_gmt":"2015-06-18T19:37:03","guid":{"rendered":"http:\/\/www.un.org\/sustainabledevelopment\/fr\/?p=2863"},"modified":"2017-11-13T12:33:15","modified_gmt":"2017-11-13T17:33:15","slug":"lonu-salue-lencyclique-papale-appelant-a-lutter-contre-le-changement-climatique","status":"publish","type":"post","link":"https:\/\/www.un.org\/sustainabledevelopment\/fr\/2015\/06\/18\/lonu-salue-lencyclique-papale-appelant-a-lutter-contre-le-changement-climatique\/","title":{"rendered":"L&rsquo;ONU salue l&rsquo;encyclique papale appelant \u00e0 lutter contre le changement climatique"},"content":{"rendered":"<p>18 juin 2015 \u2013 Suite \u00e0 la publication par le Vatican de l&rsquo;encyclique papale sur l&rsquo;environnement, qui appelle les Catholiques du monde entier \u00e0 se joindre \u00e0 la lutte contre le changement climatique, le Secr\u00e9taire g\u00e9n\u00e9ral de l&rsquo;ONU, Ban Ki-moon, a salu\u00e9 l&rsquo;adoption par le Pape Fran\u00e7ois d&rsquo;une \u00ab position ferme \u00bb concernant la n\u00e9cessit\u00e9 d&rsquo;une action mondiale urgente.<\/p>\n<p>Dans une d\u00e9claration de presse, le chef de l&rsquo;ONU a salu\u00e9 \u00ab l&rsquo;encyclique papale publi\u00e9e aujourd&rsquo;hui par Sa Saintet\u00e9 le Pape Fran\u00e7ois, qui souligne que le changement climatique est l&rsquo;un des principaux d\u00e9fis de l&rsquo;humanit\u00e9, et qu&rsquo;il s&rsquo;agit d&rsquo;une question morale exigeant un dialogue respectueux entre tous les membres de la soci\u00e9t\u00e9 \u00bb.<\/p>\n<p>Le Secr\u00e9taire g\u00e9n\u00e9ral a pris note des conclusions de l&rsquo;encyclique faisant \u00e9tat \u00ab d&rsquo;un consensus scientifique tr\u00e8s solide \u00bb d\u00e9montrant un r\u00e9chauffement important du syst\u00e8me climatique et soulignant que l&rsquo;essentiel du r\u00e9chauffement constat\u00e9 au cours des derni\u00e8res d\u00e9cennies est \u00ab principalement le r\u00e9sultat de l&rsquo;activit\u00e9 humaine \u00bb.<\/p>\n<p>M. Ban a par ailleurs r\u00e9affirm\u00e9 que l&rsquo;humanit\u00e9 a l&rsquo;obligation \u00ab de prot\u00e9ger et prendre soin de notre maison commune, la plan\u00e8te Terre \u00bb, et de faire preuve de solidarit\u00e9 avec les membres de la soci\u00e9t\u00e9 les plus pauvres et les plus vuln\u00e9rables qui souffrent le plus des effets du changement climatique.<\/p>\n<p>Le Secr\u00e9taire g\u00e9n\u00e9ral a par cons\u00e9quent demand\u00e9 instamment aux gouvernements de \u00ab placer le bien commun mondial au-dessus des int\u00e9r\u00eats nationaux \u00bb et d&rsquo;adopter un accord climatique \u00ab ambitieux et universel \u00bb \u00e0 Paris en d\u00e9cembre de cette ann\u00e9e.<\/p>\n<p>M. Ban s&rsquo;est par ailleurs f\u00e9licit\u00e9 de la contribution de tous les chefs religieux et de toutes les personnes d&rsquo;influence \u00e0 la r\u00e9ponse au d\u00e9fi climatique.<\/p>\n<p>Il s&rsquo;est en outre r\u00e9jouit d&rsquo;accueillir le Pape Fran\u00e7ois au si\u00e8ge de l&rsquo;Organisation en septembre, lors de la 70\u00e8me session de l&rsquo;Assembl\u00e9e g\u00e9n\u00e9rale de l&rsquo;ONU.<\/p>\n<p>Lors d&rsquo;une conf\u00e9rence de presse organis\u00e9e \u00e0 New York suite \u00e0 la publication de sa d\u00e9claration, le Secr\u00e9taire g\u00e9n\u00e9ral a fait \u00e9chos \u00e0 l&rsquo;encyclique du Pape Fran\u00e7ois en qualifiant le changement climatique de \u00ab question morale \u00bb qui exige des actions collectives urgentes.<\/p>\n<p>\u00ab C&rsquo;est une question de justice sociale, de droits humains et d&rsquo;\u00e9thique fondamentale \u00bb, a poursuivi le chef de l&rsquo;ONU, exhortant la communaut\u00e9 internationale \u00e0 \u00ab faire davantage pour aider les membres les plus pauvres et les plus vuln\u00e9rables de la soci\u00e9t\u00e9 qui souffrent le plus du changement climatique, et ce alors qu&rsquo;ils en sont le moins responsables \u00bb.<\/p>\n<p>M. Ban a \u00e9galement remerci\u00e9 profond\u00e9ment la Pape Fran\u00e7ois pour avoir adopt\u00e9 une \u00ab position ferme \u00bb sur la n\u00e9cessit\u00e9 d&rsquo;une action mondiale urgente.<\/p>\n<p><a href=\"https:\/\/www.un.org\/apps\/newsFr\/storyF.asp?NewsID=35004#.VbKUCvlVhBc\">Via le Centre d&rsquo;actualit\u00e9s de l&rsquo;ONU<\/a><\/p>\n","protected":false},"excerpt":{"rendered":"<p>18 juin 2015 \u2013 Suite \u00e0 la publication par le Vatican de l&rsquo;encyclique papale sur l&rsquo;environnement, qui appelle les Catholiques du monde entier \u00e0 se joindre \u00e0 la lutte contre le changement climatique, le Secr\u00e9taire g\u00e9n\u00e9ral de l&rsquo;ONU, Ban Ki-moon, a salu\u00e9 l&rsquo;adoption par le Pape Fran\u00e7ois d&rsquo;une \u00ab position ferme \u00bb concernant la n\u00e9cessit\u00e9 d&rsquo;une action mondiale urgente.<\/p>\n","protected":false},"author":136,"featured_media":2866,"comment_status":"closed","ping_status":"closed","sticky":false,"template":"","format":"standard","meta":{"_et_pb_use_builder":"","_et_pb_old_content":"","_et_gb_content_width":"","footnotes":""},"categories":[16,5],"tags":[],"class_list":["post-2863","post","type-post","status-publish","format-standard","has-post-thumbnail","hentry","category-news","category-climate-change"],"_links":{"self":[{"href":"https:\/\/www.un.org\/sustainabledevelopment\/fr\/wp-json\/wp\/v2\/posts\/2863","targetHints":{"allow":["GET"]}}],"collection":[{"href":"https:\/\/www.un.org\/sustainabledevelopment\/fr\/wp-json\/wp\/v2\/posts"}],"about":[{"href":"https:\/\/www.un.org\/sustainabledevelopment\/fr\/wp-json\/wp\/v2\/types\/post"}],"author":[{"embeddable":true,"href":"https:\/\/www.un.org\/sustainabledevelopment\/fr\/wp-json\/wp\/v2\/users\/136"}],"replies":[{"embeddable":true,"href":"https:\/\/www.un.org\/sustainabledevelopment\/fr\/wp-json\/wp\/v2\/comments?post=2863"}],"version-history":[{"count":0,"href":"https:\/\/www.un.org\/sustainabledevelopment\/fr\/wp-json\/wp\/v2\/posts\/2863\/revisions"}],"wp:featuredmedia":[{"embeddable":true,"href":"https:\/\/www.un.org\/sustainabledevelopment\/fr\/wp-json\/wp\/v2\/media\/2866"}],"wp:attachment":[{"href":"https:\/\/www.un.org\/sustainabledevelopment\/fr\/wp-json\/wp\/v2\/media?parent=2863"}],"wp:term":[{"taxonomy":"category","embeddable":true,"href":"https:\/\/www.un.org\/sustainabledevelopment\/fr\/wp-json\/wp\/v2\/categories?post=2863"},{"taxonomy":"post_tag","embeddable":true,"href":"https:\/\/www.un.org\/sustainabledevelopment\/fr\/wp-json\/wp\/v2\/tags?post=2863"}],"curies":[{"name":"wp","href":"https:\/\/api.w.org\/{rel}","templated":true}]}}