  {"id":2821,"date":"2015-06-11T18:40:01","date_gmt":"2015-06-11T18:40:01","guid":{"rendered":"http:\/\/www.un.org\/sustainabledevelopment\/fr\/?p=2821"},"modified":"2015-07-28T15:21:50","modified_gmt":"2015-07-28T15:21:50","slug":"linaction-sur-le-changement-climatique-va-tous-nous-couter-cher-a-lavenir-selon-loit","status":"publish","type":"post","link":"https:\/\/www.un.org\/sustainabledevelopment\/fr\/2015\/06\/11\/linaction-sur-le-changement-climatique-va-tous-nous-couter-cher-a-lavenir-selon-loit\/","title":{"rendered":"\u00ab L&rsquo;inaction sur le changement climatique va tous nous co\u00fbter cher \u00e0 l&rsquo;avenir \u00bb, selon l&rsquo;OIT"},"content":{"rendered":"<div id=\"fullstory\">\n<p>11 juin 2015 \u2013 Le Directeur g\u00e9n\u00e9ral de l&rsquo;Organisation internationale du Travail (<a href=\"http:\/\/www.ilo.org\/global\/lang--fr\/index.htm\">OIT<\/a>), Guy Ryder, a d\u00e9clar\u00e9 jeudi que la lutte contre le changement climatique pr\u00e9sente une opportunit\u00e9 unique pour cr\u00e9er des emplois et de la croissance \u00e9conomique.<\/p>\n<p>\u00ab L&rsquo;inaction concernant le changement climatique va tous nous co\u00fbter cher \u00e0 l&rsquo;avenir \u00bb, a d\u00e9clar\u00e9 le Directeur g\u00e9n\u00e9ral dans un discours lors du Sommet sur le monde du travail r\u00e9unissant les Etats membres de l&rsquo;Agence en son si\u00e8ge \u00e0 Gen\u00e8ve.<\/p>\n<p>Ce Sommet, qui s&rsquo;est tenu dans le cadre de la Conf\u00e9rence internationale du Travail, a pour but d&rsquo;aborder les r\u00e9percussions du changement climatique sur les travailleurs, les entreprises et les communaut\u00e9s. Plusieurs invit\u00e9s de haut rang, parmi lesquels le Pr\u00e9sident de la R\u00e9publique fran\u00e7aise, Fran\u00e7ois Hollande, le Pr\u00e9sident du Panama, Juan Carlos Varela, et le laur\u00e9at 2014 du Prix Nobel de la paix, Kailash Satyarthi, ainsi que des repr\u00e9sentants des employeurs et des travailleurs \u00e9tait pr\u00e9sents \u00e0 cette occasion.<\/p>\n<p>M. Ryder a soulign\u00e9 les d\u00e9fis et les avantages pr\u00e9sent\u00e9s par une transition en faveur d&rsquo;\u00e9conomies plus vertes.<\/p>\n<p>Le chef de l&rsquo;OIT a \u00e9galement inaugur\u00e9 un groupe de haut niveau sur \u00ab le changement climatique et le monde du travail \u00bb, qui s&rsquo;est pench\u00e9 sur la fa\u00e7on dont les gouvernements, les travailleurs et les employeurs peuvent aider \u00e0 trouver des solutions en faveur de la poursuite de la justice sociale, de l&#8217;emploi productif et des entreprises durables.<\/p>\n<p>Dans un message vid\u00e9o diffus\u00e9 lors du Sommet, le musicien am\u00e9ricain Pharrell Williams, auteur du tube plan\u00e9taire \u00ab Happy \u00bb, a appel\u00e9 la communaut\u00e9 internationale \u00e0 relever le double d\u00e9fi du changement climatique et du ch\u00f4mage des jeunes.<\/p>\n<p>\u00ab Je crois que le changement climatique est l&rsquo;un des probl\u00e8mes les plus importants de notre \u00e9poque, qui menace notre existence m\u00eame sur la Terre \u00bb, a d\u00e9clar\u00e9 M. Williams. \u00ab Nous avons aussi un autre probl\u00e8me grave \u00e0 g\u00e9rer : des millions de jeunes sans emplois et sans acc\u00e8s \u00e0 l&rsquo;\u00e9ducation et aux comp\u00e9tences dont ils ont besoin pour les obtenir \u00bb.<\/p>\n<p>M. Williams a ainsi appel\u00e9 les acteurs cl\u00e9s du monde du travail \u2013 gouvernements, employeurs et travailleurs \u2013 \u00e0 veiller \u00e0 ce que la cr\u00e9ation d&#8217;emplois d\u00e9cents et \u00ab verts \u00bb soit une priorit\u00e9 \u00e0 l&rsquo;ordre du jour du Sommet sur le changement climatique qui se r\u00e9unira en d\u00e9cembre \u00e0 Paris.<\/p>\n<p><a href=\"https:\/\/www.un.org\/apps\/newsFr\/storyF.asp?NewsID=34965#.VbKGmvlVhBc\">Via le Centre d&rsquo;actualit\u00e9s de l&rsquo;ONU<\/a><\/p>\n<\/div>\n<p>&nbsp;<\/p>\n","protected":false},"excerpt":{"rendered":"<p>11 juin 2015 \u2013 Le Directeur g\u00e9n\u00e9ral de l&rsquo;Organisation internationale du Travail (OIT), Guy Ryder, a d\u00e9clar\u00e9 jeudi que la lutte contre le changement climatique pr\u00e9sente une opportunit\u00e9 unique pour cr\u00e9er des emplois et de la croissance \u00e9conomique.<\/p>\n","protected":false},"author":136,"featured_media":2824,"comment_status":"closed","ping_status":"closed","sticky":false,"template":"","format":"standard","meta":{"_et_pb_use_builder":"","_et_pb_old_content":"","_et_gb_content_width":"","footnotes":""},"categories":[16,5],"tags":[],"class_list":["post-2821","post","type-post","status-publish","format-standard","has-post-thumbnail","hentry","category-news","category-climate-change"],"_links":{"self":[{"href":"https:\/\/www.un.org\/sustainabledevelopment\/fr\/wp-json\/wp\/v2\/posts\/2821","targetHints":{"allow":["GET"]}}],"collection":[{"href":"https:\/\/www.un.org\/sustainabledevelopment\/fr\/wp-json\/wp\/v2\/posts"}],"about":[{"href":"https:\/\/www.un.org\/sustainabledevelopment\/fr\/wp-json\/wp\/v2\/types\/post"}],"author":[{"embeddable":true,"href":"https:\/\/www.un.org\/sustainabledevelopment\/fr\/wp-json\/wp\/v2\/users\/136"}],"replies":[{"embeddable":true,"href":"https:\/\/www.un.org\/sustainabledevelopment\/fr\/wp-json\/wp\/v2\/comments?post=2821"}],"version-history":[{"count":0,"href":"https:\/\/www.un.org\/sustainabledevelopment\/fr\/wp-json\/wp\/v2\/posts\/2821\/revisions"}],"wp:featuredmedia":[{"embeddable":true,"href":"https:\/\/www.un.org\/sustainabledevelopment\/fr\/wp-json\/wp\/v2\/media\/2824"}],"wp:attachment":[{"href":"https:\/\/www.un.org\/sustainabledevelopment\/fr\/wp-json\/wp\/v2\/media?parent=2821"}],"wp:term":[{"taxonomy":"category","embeddable":true,"href":"https:\/\/www.un.org\/sustainabledevelopment\/fr\/wp-json\/wp\/v2\/categories?post=2821"},{"taxonomy":"post_tag","embeddable":true,"href":"https:\/\/www.un.org\/sustainabledevelopment\/fr\/wp-json\/wp\/v2\/tags?post=2821"}],"curies":[{"name":"wp","href":"https:\/\/api.w.org\/{rel}","templated":true}]}}