  {"id":2815,"date":"2015-06-10T18:35:53","date_gmt":"2015-06-10T18:35:53","guid":{"rendered":"http:\/\/www.un.org\/sustainabledevelopment\/fr\/?p=2815"},"modified":"2015-07-24T18:39:41","modified_gmt":"2015-07-24T18:39:41","slug":"a-vienne-le-comite-des-affaires-spatiales-va-discuter-du-changement-climatique-et-du-developpement-durable","status":"publish","type":"post","link":"https:\/\/www.un.org\/sustainabledevelopment\/fr\/2015\/06\/10\/a-vienne-le-comite-des-affaires-spatiales-va-discuter-du-changement-climatique-et-du-developpement-durable\/","title":{"rendered":"A Vienne, le Comit\u00e9 des affaires spatiales va discuter du changement climatique et du d\u00e9veloppement durable"},"content":{"rendered":"<p>10 juin 2015 \u2013 Le Comit\u00e9 sur les utilisations pacifiques de l&rsquo;espace extra-atmosph\u00e9rique a ouvert sa session annuelle mercredi \u00e0 Vienne avec au centre des discussions le r\u00f4le du d\u00e9veloppement durable et du changement climatique dans les questions spatiales.<\/p>\n<p>Lors de cette session, le Comit\u00e9 comm\u00e9morera \u00e9galement le 50\u00e8me anniversaire de la premi\u00e8re sortie dans l&rsquo;espace en accueillant le cosmonaute russe Alexe\u00ef Leonov. M. Leonov fut le premier homme \u00e0 r\u00e9aliser une sortie extrav\u00e9hiculaire dans l&rsquo;espace dans le cadre de la mission Voskhod 2, le 18 mars 1965, ce qui lui valut le surnom de \u00ab premier pi\u00e9ton de l&rsquo;espace \u00bb.<\/p>\n<p>Le Bureau des Nations Unies pour les affaires spatiales (±¬ÁÏÍøOOSA) a \u00e9galement indiqu\u00e9 dans un communiqu\u00e9 de presse que, pour la premi\u00e8re fois de son histoire, le Comit\u00e9 aborderait la transparence et les mesures de confiance en mati\u00e8re d&rsquo;activit\u00e9s spatiales et comment elles sont li\u00e9es \u00e0 la s\u00e9curit\u00e9 des op\u00e9rations spatiales et la viabilit\u00e9 \u00e0 long terme des activit\u00e9s spatiales.<\/p>\n<p>Par ailleurs, une manifestation parall\u00e8le organis\u00e9e le 11 juin par le gouvernement de la France verra des experts expliquer le r\u00f4le jou\u00e9 par les satellites pour lutter contre le changement climatique ainsi que la fa\u00e7on dont l&rsquo;espace peut contribuer \u00e0 comprendre le r\u00e9chauffement climatique et \u00e0 aider les soci\u00e9t\u00e9s \u00e0 att\u00e9nuer ses cons\u00e9quences.<\/p>\n<p>Le Comit\u00e9, dont les discussions se poursuivront jusqu&rsquo;au 17 juin, examinera \u00e9galement l&rsquo;importance des donn\u00e9es spatiales en ce qui concerne le d\u00e9veloppement durable.<\/p>\n<p>Enfin, le Comit\u00e9 des affaires spatiales d\u00e9cidera cette ann\u00e9e du th\u00e8me de sa session de 2018 pour marquer le 50\u00e8me anniversaire de la premi\u00e8re Conf\u00e9rence de l&rsquo;ONU sur l&rsquo;exploration et les usages pacifiques de l&rsquo;espace extra-atmosph\u00e9rique qui a eu lieu en 1968.<\/p>\n","protected":false},"excerpt":{"rendered":"<p>10 juin 2015 \u2013 Le Comit\u00e9 sur les utilisations pacifiques de l&rsquo;espace extra-atmosph\u00e9rique a ouvert sa session annuelle mercredi \u00e0 Vienne avec au centre des discussions le r\u00f4le du d\u00e9veloppement durable et du changement climatique dans les questions spatiales.<\/p>\n","protected":false},"author":136,"featured_media":2818,"comment_status":"closed","ping_status":"closed","sticky":false,"template":"","format":"standard","meta":{"_et_pb_use_builder":"","_et_pb_old_content":"","_et_gb_content_width":"","footnotes":""},"categories":[16,5,31],"tags":[],"class_list":["post-2815","post","type-post","status-publish","format-standard","has-post-thumbnail","hentry","category-news","category-climate-change","category-developpement-durable"],"_links":{"self":[{"href":"https:\/\/www.un.org\/sustainabledevelopment\/fr\/wp-json\/wp\/v2\/posts\/2815","targetHints":{"allow":["GET"]}}],"collection":[{"href":"https:\/\/www.un.org\/sustainabledevelopment\/fr\/wp-json\/wp\/v2\/posts"}],"about":[{"href":"https:\/\/www.un.org\/sustainabledevelopment\/fr\/wp-json\/wp\/v2\/types\/post"}],"author":[{"embeddable":true,"href":"https:\/\/www.un.org\/sustainabledevelopment\/fr\/wp-json\/wp\/v2\/users\/136"}],"replies":[{"embeddable":true,"href":"https:\/\/www.un.org\/sustainabledevelopment\/fr\/wp-json\/wp\/v2\/comments?post=2815"}],"version-history":[{"count":0,"href":"https:\/\/www.un.org\/sustainabledevelopment\/fr\/wp-json\/wp\/v2\/posts\/2815\/revisions"}],"wp:featuredmedia":[{"embeddable":true,"href":"https:\/\/www.un.org\/sustainabledevelopment\/fr\/wp-json\/wp\/v2\/media\/2818"}],"wp:attachment":[{"href":"https:\/\/www.un.org\/sustainabledevelopment\/fr\/wp-json\/wp\/v2\/media?parent=2815"}],"wp:term":[{"taxonomy":"category","embeddable":true,"href":"https:\/\/www.un.org\/sustainabledevelopment\/fr\/wp-json\/wp\/v2\/categories?post=2815"},{"taxonomy":"post_tag","embeddable":true,"href":"https:\/\/www.un.org\/sustainabledevelopment\/fr\/wp-json\/wp\/v2\/tags?post=2815"}],"curies":[{"name":"wp","href":"https:\/\/api.w.org\/{rel}","templated":true}]}}