  {"id":2761,"date":"2015-05-29T15:40:32","date_gmt":"2015-05-29T15:40:32","guid":{"rendered":"http:\/\/www.un.org\/sustainabledevelopment\/fr\/?p=2761"},"modified":"2017-11-13T12:33:24","modified_gmt":"2017-11-13T17:33:24","slug":"linclusion-et-la-participation-active-des-jeunes-est-essentielle-au-developpement-durable-selon-lonu","status":"publish","type":"post","link":"https:\/\/www.un.org\/sustainabledevelopment\/fr\/2015\/05\/29\/linclusion-et-la-participation-active-des-jeunes-est-essentielle-au-developpement-durable-selon-lonu\/","title":{"rendered":"L&rsquo;inclusion et la participation active des jeunes est essentielle au d\u00e9veloppement durable, selon l&rsquo;ONU"},"content":{"rendered":"<p>29 mai 2015 \u2013 Lors d&rsquo;un \u00e9v\u00e8nement pour marquer les 20 ans d&rsquo;application du Programme d&rsquo;action pour la jeunesse adopt\u00e9 par les Etats Membres de l&rsquo;ONU en 1995, le Secr\u00e9taire g\u00e9n\u00e9rale de l&rsquo;Organisation, Ban Ki-moon, a exhort\u00e9 les jeunes gens du monde entier \u00e0 agir pour mettre fin \u00e0 la pauvret\u00e9 et lutter contre le changement climatique.<\/p>\n<p>Cette r\u00e9union de haut niveau, organis\u00e9e \u00e0 l&rsquo;Assembl\u00e9e g\u00e9n\u00e9rale de l&rsquo;ONU \u00e0 New York, a rassembl\u00e9 de nombreux ministres et jeunes d\u00e9l\u00e9gu\u00e9s en s\u00e9ances pl\u00e9ni\u00e8res et dans le cadre de table-rondes interactives. Elle a \u00e9t\u00e9 l&rsquo;occasion de faire le bilan des actions men\u00e9es en faveur des jeunes depuis 20 ans et d&rsquo;envisager le r\u00f4le que ce programme devrait jouer \u00e0 l&rsquo;avenir.<\/p>\n<p>\u00ab Cet anniversaire arrive \u00e0 point nomm\u00e9 \u00bb, a remarqu\u00e9 M. Ban, se r\u00e9f\u00e9rant aux objectifs de d\u00e9veloppement durable (<a href=\"https:\/\/www.un.org\/fr\/millenniumgoals\/\">ODD<\/a>) qui seront adopt\u00e9s en septembre \u00e0 New York dans le cadre du nouveau programme de d\u00e9veloppement pour l&rsquo;apr\u00e8s-2015.<\/p>\n<p>\u00ab Vous \u00eates la premi\u00e8re g\u00e9n\u00e9ration qui a la possibilit\u00e9 de mettre fin \u00e0 la pauvret\u00e9 \u2013 et la derni\u00e8re \u00e0 pouvoir agir pour \u00e9viter les pires effets du changement climatique \u00bb, a-t-il affirm\u00e9, s&rsquo;adressant aux jeunes gens assistant \u00e0 l&rsquo;\u00e9v\u00e8nement.<\/p>\n<p>Le Secr\u00e9taire g\u00e9n\u00e9ral leur a par ailleurs rappel\u00e9 qu&rsquo;ils constituaient la population de jeunes la plus nombreuse que le monde ait jamais connue, soit 1,2 milliard de personnes.<\/p>\n<p>Depuis l&rsquo;adoption du Programme d&rsquo;action pour la jeunesse, 127 Etats membres ont mis en place des politiques nationales de la jeunesse. Les ministres des Etats membres pr\u00e9sents \u00e0 l&rsquo;\u00e9v\u00e8nement ont ainsi reconnus tour \u00e0 tour la n\u00e9cessit\u00e9 d&rsquo;adopter des strat\u00e9gies et des politiques en faveur de la jeunesse.<\/p>\n<p>A ce titre, ils se sont f\u00e9licit\u00e9s de la campagne lanc\u00e9e sur les m\u00e9dias sociaux par le bureau de l&rsquo;Envoy\u00e9 du Secr\u00e9taire g\u00e9n\u00e9ral sur la Jeunesse, Ahmad Alhendawi, Quatre mois apr\u00e8s le lancement de cette plateforme de discussion sur les questions relatives \u00e0 la jeunesse, intitul\u00e9e #YouthNow, la campagne a d\u00e9j\u00e0 suscit\u00e9 500 millions de commentaires.<\/p>\n<p><a href=\"https:\/\/www.un.org\/apps\/newsFr\/storyF.asp?NewsID=34885#.VbELB_lVhBc\">Via le Centre d&rsquo;actualit\u00e9s de l&rsquo;ONU<\/a><\/p>\n","protected":false},"excerpt":{"rendered":"<p>29 mai 2015 \u2013 Lors d&rsquo;un \u00e9v\u00e8nement pour marquer les 20 ans d&rsquo;application du Programme d&rsquo;action pour la jeunesse adopt\u00e9 par les Etats Membres de l&rsquo;ONU en 1995, le Secr\u00e9taire g\u00e9n\u00e9rale de l&rsquo;Organisation, Ban Ki-moon, a exhort\u00e9 les jeunes gens du monde entier \u00e0 agir pour mettre fin \u00e0 la pauvret\u00e9 et lutter contre le changement climatique.<\/p>\n","protected":false},"author":136,"featured_media":2764,"comment_status":"closed","ping_status":"closed","sticky":false,"template":"","format":"standard","meta":{"_et_pb_use_builder":"","_et_pb_old_content":"","_et_gb_content_width":"","footnotes":""},"categories":[16,46,34],"tags":[],"class_list":["post-2761","post","type-post","status-publish","format-standard","has-post-thumbnail","hentry","category-news","category-objectifs-de-developpement-durable","category-secretaire-general"],"_links":{"self":[{"href":"https:\/\/www.un.org\/sustainabledevelopment\/fr\/wp-json\/wp\/v2\/posts\/2761","targetHints":{"allow":["GET"]}}],"collection":[{"href":"https:\/\/www.un.org\/sustainabledevelopment\/fr\/wp-json\/wp\/v2\/posts"}],"about":[{"href":"https:\/\/www.un.org\/sustainabledevelopment\/fr\/wp-json\/wp\/v2\/types\/post"}],"author":[{"embeddable":true,"href":"https:\/\/www.un.org\/sustainabledevelopment\/fr\/wp-json\/wp\/v2\/users\/136"}],"replies":[{"embeddable":true,"href":"https:\/\/www.un.org\/sustainabledevelopment\/fr\/wp-json\/wp\/v2\/comments?post=2761"}],"version-history":[{"count":0,"href":"https:\/\/www.un.org\/sustainabledevelopment\/fr\/wp-json\/wp\/v2\/posts\/2761\/revisions"}],"wp:featuredmedia":[{"embeddable":true,"href":"https:\/\/www.un.org\/sustainabledevelopment\/fr\/wp-json\/wp\/v2\/media\/2764"}],"wp:attachment":[{"href":"https:\/\/www.un.org\/sustainabledevelopment\/fr\/wp-json\/wp\/v2\/media?parent=2761"}],"wp:term":[{"taxonomy":"category","embeddable":true,"href":"https:\/\/www.un.org\/sustainabledevelopment\/fr\/wp-json\/wp\/v2\/categories?post=2761"},{"taxonomy":"post_tag","embeddable":true,"href":"https:\/\/www.un.org\/sustainabledevelopment\/fr\/wp-json\/wp\/v2\/tags?post=2761"}],"curies":[{"name":"wp","href":"https:\/\/api.w.org\/{rel}","templated":true}]}}