  {"id":2731,"date":"2015-05-20T19:57:02","date_gmt":"2015-05-20T19:57:02","guid":{"rendered":"http:\/\/www.un.org\/sustainabledevelopment\/fr\/?p=2731"},"modified":"2017-11-13T12:33:26","modified_gmt":"2017-11-13T17:33:26","slug":"lonu-appelle-a-pousser-le-theme-de-lenergie-durable-lors-des-grands-rendez-vous-mondiaux-de-2015","status":"publish","type":"post","link":"https:\/\/www.un.org\/sustainabledevelopment\/fr\/2015\/05\/20\/lonu-appelle-a-pousser-le-theme-de-lenergie-durable-lors-des-grands-rendez-vous-mondiaux-de-2015\/","title":{"rendered":"L&rsquo;ONU appelle \u00e0 pousser le th\u00e8me de l&rsquo;\u00e9nergie durable lors des grands rendez-vous mondiaux de 2015"},"content":{"rendered":"<p>20 mai 2015 \u2013 Dans le cadre d&rsquo;un forum sur l&rsquo;\u00e9nergie durable \u00e0 New York, le Vice-Secr\u00e9taire g\u00e9n\u00e9ral des Nations Unies, Jan Eliasson, a incit\u00e9 mercredi les participants \u00e0 faire avancer la cause de l&rsquo;\u00e9nergie durable lors des grands rendez-vous mondiaux de l&rsquo;ann\u00e9e 2015.<\/p>\n<p>\u00ab Nous nous r\u00e9unissons \u00e0 un moment crucial pour notre objectif de d\u00e9veloppement en g\u00e9n\u00e9ral et d&rsquo;\u00e9nergie durable en particulier \u00bb, a d\u00e9clar\u00e9 M. Eliasson dans un discours lors de ce forum qui se d\u00e9roule toute la semaine au si\u00e8ge de l&rsquo;ONU.<\/p>\n<p>Dans ce contexte, le Vice-Secr\u00e9taire g\u00e9n\u00e9ral a soulign\u00e9 la forte interd\u00e9pendance entre la question de l&rsquo;\u00e9nergie durable et les trois rendez-vous marquants de cette ann\u00e9e : la Conf\u00e9rence sur le financement du d\u00e9veloppement qui aura lieu \u00e0 Addis-Abeba en juillet, l&rsquo;adoption d&rsquo;un nouveau programme de d\u00e9veloppement pour l&rsquo;apr\u00e8s-2015 \u00e0 New York en septembre et le futur accord sur le climat qui devrait \u00eatre conclu \u00e0 Paris en d\u00e9cembre.<\/p>\n<p>\u00ab L&rsquo;\u00e9nergie durable est le lien qui relie la croissance \u00e9conomique, l&rsquo;\u00e9quit\u00e9 sociale et la protection de l&rsquo;environnement. Elle est au centre de la lutte contre le changement climatique. Et elle est indispensable \u00e0 une vie dans la dignit\u00e9 pour tous \u00bb, a d\u00e9clar\u00e9 M. Eliasson.<\/p>\n<p>Le Vice-Secr\u00e9taire g\u00e9n\u00e9ral s&rsquo;est ainsi f\u00e9licit\u00e9 de la mobilisation des gouvernements, du secteur priv\u00e9, de la soci\u00e9t\u00e9 civile et de la communaut\u00e9 scientifique au sein de l&rsquo;initiative &lsquo;\u00c9nergie durable pour tous,&rsquo; qui s&rsquo;est fix\u00e9e comme objectif de garantir l&rsquo;acc\u00e8s \u00e0 une \u00e9nergie durable pour tous d&rsquo;ici 2030.<\/p>\n<p>Le second rapport de suivi de l&rsquo;initiative, rendu public par la Banque mondiale le jour de l&rsquo;ouverture du Forum, r\u00e9v\u00e8le notamment que 1,1 milliard d&rsquo;habitants dans le monde n&rsquo;ont toujours pas acc\u00e8s \u00e0 l&rsquo;\u00e9lectricit\u00e9 et que pr\u00e8s de 3 milliards de personnes utilisent encore des combustibles polluants pour faire cuire leurs aliments (k\u00e9ros\u00e8ne, bois, charbon de bois, d\u00e9jections animales, etc.).<\/p>\n<p>\u00ab Plus de 80 pays en d\u00e9veloppement ont adh\u00e9r\u00e9 \u00e0 l&rsquo;initiative. Des milliards de dollars de donations ont d\u00e9j\u00e0 \u00e9t\u00e9 annonc\u00e9s \u00bb, a salu\u00e9 M. Eliasson, pr\u00e9cisant que sur le terrain, des actions concr\u00e8tes dans tous les secteurs et types industries sont en train de voir le jour.<\/p>\n<p>Le Vice-Secr\u00e9taire g\u00e9n\u00e9ral a par ailleurs salu\u00e9 le fait que le th\u00e8me de l&rsquo;\u00e9nergie sera int\u00e9gr\u00e9 aux objectifs de d\u00e9veloppement durable (ODD) du futur programme de d\u00e9veloppement pour l&rsquo;apr\u00e8s-2015.<\/p>\n<p>\u00ab Maintenant, nous devons veiller \u00e0 ce que les moyens de mise en \u0153uvre soient \u00e0 la hauteur \u00bb, a-t-il ajout\u00e9, mentionnant la n\u00e9cessit\u00e9 d&rsquo;\u00e9tablir des partenariats entre les secteurs public et priv\u00e9, comme dans le cadre de l&rsquo;initiative &lsquo;\u00c9nergie durable pour tous.&rsquo;<\/p>\n<p>\u00ab Les g\u00e9n\u00e9rations futures nous jugeront s\u00e9v\u00e8rement si nous ne parvenons pas \u00e0 respecter nos obligations morales et historiques en cette ann\u00e9e d&rsquo;action \u00bb, a d\u00e9clar\u00e9 M. Eliasson. \u00ab La t\u00e2che est ardue, certes \u2013 mais elle est aussi source d&rsquo;inspiration \u00bb.<\/p>\n<p>De son c\u00f4t\u00e9, le Pr\u00e9sident de l&rsquo;Assembl\u00e9e g\u00e9n\u00e9rale de l&rsquo;ONU, Sam Kutesa, a insist\u00e9 sur le lien entre pauvret\u00e9 et d\u00e9fis \u00e9nerg\u00e9tiques.<\/p>\n<p>\u00ab La majorit\u00e9 de ces personnes <div class=\"fusion-fullwidth fullwidth-box fusion-builder-row-1 hundred-percent-fullwidth non-hundred-percent-height-scrolling\" style=\"--awb-border-radius-top-left:0px;--awb-border-radius-top-right:0px;--awb-border-radius-bottom-right:0px;--awb-border-radius-bottom-left:0px;--awb-overflow:visible;--awb-flex-wrap:wrap;\" ><div class=\"fusion-builder-row fusion-row\"><div class=\"fusion-layout-column fusion_builder_column fusion-builder-column-0 fusion_builder_column_1_1 1_1 fusion-one-full fusion-column-first fusion-column-last fusion-column-no-min-height\" style=\"--awb-bg-size:cover;--awb-margin-bottom:0px;\"><div class=\"fusion-column-wrapper fusion-flex-column-wrapper-legacy\">[sans \u00e9lectricit\u00e9] vivent dans les zones rurales de nombreux pays en d\u00e9veloppement, en Afrique, en Asie, en Am\u00e9rique latine et dans d&rsquo;autres r\u00e9gions, o\u00f9 le manque d&rsquo;acc\u00e8s \u00e0 l&rsquo;\u00e9nergie est \u00e9troitement li\u00e9 \u00e0 la pauvret\u00e9 \u00bb, a-t-il affirm\u00e9 dans un discours lu par un Vice-pr\u00e9sident de l&rsquo;Assembl\u00e9e, Kaha Imnadze.<\/p>\n<p>Dans le m\u00eame temps, le manque chronique de ressources disponibles emp\u00eache les pays en d\u00e9veloppement concern\u00e9s de financer des projets \u00e9nerg\u00e9tiques, a regrett\u00e9 M. Kutesa.<\/p>\n<p>\u00ab Nous avons besoin d&rsquo;\u00e9nergie pour l&rsquo;industrialisation, pour les infrastructures essentielles dans les secteurs tels que la sant\u00e9, l&rsquo;\u00e9ducation, les transports et les TIC [Technologies de l&rsquo;Information et de la Communication] \u00bb, a ainsi d\u00e9clar\u00e9 le Pr\u00e9sident de l&rsquo;Assembl\u00e9e g\u00e9n\u00e9rale, encourageant les participants au forum \u00e0 \u0153uvrer pour que la Conf\u00e9rence sur le financement du d\u00e9veloppement \u00e0 Addis-Abeba jette les bases du nouveau programme de d\u00e9veloppement pour l&rsquo;apr\u00e8s-2015 en terme d&rsquo;\u00e9nergie durable.<\/p>\n<p><a href=\"https:\/\/www.un.org\/apps\/newsFr\/storyF.asp?NewsID=34826#.Va_1CPlVhBc\">Via le Centre d&rsquo;actualit\u00e9s de l&rsquo;ONU\u00a0<\/a><div class=\"fusion-clearfix\"><\/div><\/div><\/div><\/div><\/div><\/p>\n","protected":false},"excerpt":{"rendered":"<p>20 mai 2015 \u2013 Dans le cadre d&rsquo;un forum sur l&rsquo;\u00e9nergie durable \u00e0 New York, le Vice-Secr\u00e9taire g\u00e9n\u00e9ral des Nations Unies, Jan Eliasson, a incit\u00e9 mercredi les participants \u00e0 faire avancer la cause de l&rsquo;\u00e9nergie durable lors des grands rendez-vous mondiaux de l&rsquo;ann\u00e9e 2015.<\/p>\n","protected":false},"author":136,"featured_media":2734,"comment_status":"closed","ping_status":"closed","sticky":false,"template":"","format":"standard","meta":{"_et_pb_use_builder":"","_et_pb_old_content":"","_et_gb_content_width":"","footnotes":""},"categories":[16,8],"tags":[],"class_list":["post-2731","post","type-post","status-publish","format-standard","has-post-thumbnail","hentry","category-news","category-energy"],"_links":{"self":[{"href":"https:\/\/www.un.org\/sustainabledevelopment\/fr\/wp-json\/wp\/v2\/posts\/2731","targetHints":{"allow":["GET"]}}],"collection":[{"href":"https:\/\/www.un.org\/sustainabledevelopment\/fr\/wp-json\/wp\/v2\/posts"}],"about":[{"href":"https:\/\/www.un.org\/sustainabledevelopment\/fr\/wp-json\/wp\/v2\/types\/post"}],"author":[{"embeddable":true,"href":"https:\/\/www.un.org\/sustainabledevelopment\/fr\/wp-json\/wp\/v2\/users\/136"}],"replies":[{"embeddable":true,"href":"https:\/\/www.un.org\/sustainabledevelopment\/fr\/wp-json\/wp\/v2\/comments?post=2731"}],"version-history":[{"count":0,"href":"https:\/\/www.un.org\/sustainabledevelopment\/fr\/wp-json\/wp\/v2\/posts\/2731\/revisions"}],"wp:featuredmedia":[{"embeddable":true,"href":"https:\/\/www.un.org\/sustainabledevelopment\/fr\/wp-json\/wp\/v2\/media\/2734"}],"wp:attachment":[{"href":"https:\/\/www.un.org\/sustainabledevelopment\/fr\/wp-json\/wp\/v2\/media?parent=2731"}],"wp:term":[{"taxonomy":"category","embeddable":true,"href":"https:\/\/www.un.org\/sustainabledevelopment\/fr\/wp-json\/wp\/v2\/categories?post=2731"},{"taxonomy":"post_tag","embeddable":true,"href":"https:\/\/www.un.org\/sustainabledevelopment\/fr\/wp-json\/wp\/v2\/tags?post=2731"}],"curies":[{"name":"wp","href":"https:\/\/api.w.org\/{rel}","templated":true}]}}