  {"id":2698,"date":"2015-07-13T17:39:26","date_gmt":"2015-07-13T17:39:26","guid":{"rendered":"http:\/\/www.un.org\/sustainabledevelopment\/fr\/?p=2698"},"modified":"2017-11-13T12:33:09","modified_gmt":"2017-11-13T17:33:09","slug":"addis-abeba-ban-ki-moon-salue-lavenement-dune-ere-nouvelle-de-cooperation-pour-le-developpement","status":"publish","type":"post","link":"https:\/\/www.un.org\/sustainabledevelopment\/fr\/2015\/07\/13\/addis-abeba-ban-ki-moon-salue-lavenement-dune-ere-nouvelle-de-cooperation-pour-le-developpement\/","title":{"rendered":"ADDIS-ABEBA : Ban Ki-moon salue l&rsquo;av\u00e8nement d&rsquo;une \u00e8re nouvelle de coop\u00e9ration pour le d\u00e9veloppement"},"content":{"rendered":"<p>13 juillet 2015 \u2013 A l&rsquo;ouverture de la troisi\u00e8me Conf\u00e9rence internationale sur le financement du d\u00e9veloppement \u00e0 Addis-Abeba, en Ethiopie, le Secr\u00e9taire g\u00e9n\u00e9ral de l&rsquo;ONU, Ban Ki-moon, a salu\u00e9 lundi l&rsquo;av\u00e8nement d&rsquo;une \u00e8re nouvelle de coop\u00e9ration, dont la premi\u00e8re \u00e9tape sera l&rsquo;adoption dans la capitale \u00e9thiopienne d&rsquo;un programme de financement capable de soutenir le d\u00e9veloppement durable et l&rsquo;action climatique.<\/p>\n<p>\u00ab L&rsquo;ann\u00e9e 2015 doit \u00eatre celle de l&rsquo;action globale \u00bb, a d\u00e9clar\u00e9 M. Ban, rappelant que la communaut\u00e9 internationale adoptera en septembre \u00e0 New York un ensemble d&rsquo;objectifs de d\u00e9veloppement durable (ODD) pour les 15 prochaines ann\u00e9es et en d\u00e9cembre \u00e0 Paris le premier accord universel significatif sur le changement climatique.<\/p>\n<p>\u00ab Mais sans ressources, ces engagements resteront \u00e0 l&rsquo;\u00e9tat de d\u00e9clarations d&rsquo;intention. C&rsquo;est pourquoi il est rassurant que l&rsquo;action commence ici, avec vous \u00bb, a d\u00e9clar\u00e9 le Secr\u00e9taire g\u00e9n\u00e9ral aux participants \u00e0 l&rsquo;\u00e9v\u00e9nement.<\/p>\n<p>Le programme d&rsquo;action qui sera adopt\u00e9 \u00e0 Addis-Abeba marquera le d\u00e9but d&rsquo;une nouvelle \u00e8re de coop\u00e9ration et de partenariat global et fournira un cadre de financement de nature \u00e0 soutenir le d\u00e9veloppement durable, a salu\u00e9 M. Ban.<\/p>\n<p>\u00ab Les pays sont responsables de leur propre d\u00e9veloppement \u00e9conomique et social, mais leurs efforts nationaux doivent \u00eatre soutenus par un environnement \u00e9conomique international favorable \u00bb, a affirm\u00e9 le chef de l&rsquo;ONU.<\/p>\n<p>Pour soutenir le besoin \u00e9lev\u00e9 de d\u00e9veloppement durable, a-t-il ajout\u00e9, les solutions doivent s&rsquo;appuyer sur toutes les sources de financement existantes, aussi bien publiques et priv\u00e9es que nationales et internationales.<\/p>\n<p>A cette fin, a-t-il pr\u00e9cis\u00e9, le programme d&rsquo;action qui sera adopt\u00e9 \u00e0 Addis-Abeba incorporera des engagements concrets dans six domaines essentiels : la conclusion d&rsquo;un nouveau pacte social pour l&rsquo;investissement de qualit\u00e9 ; l&rsquo;augmentation de l&rsquo;aide publique au d\u00e9veloppement et la mise en \u0153uvre d&rsquo;une banque de licences de technologie d&rsquo;ici 2017 pour les pays les moins avanc\u00e9s ; l&rsquo;\u00e9tablissement de nouveaux m\u00e9canismes pour faciliter le d\u00e9veloppement, le transfert et la diffusion de technologies pertinentes dans le cadre de la r\u00e9alisations des ODD ; une plus grande coop\u00e9ration internationale en mati\u00e8re fiscale pour endiguer l&rsquo;augmentation des flux financiers illicites ; la reconnaissance de l&rsquo;\u00e9galit\u00e9 des sexes au sein du programme de financement du d\u00e9veloppement ; et la protection de la plan\u00e8te, la biodiversit\u00e9 et le climat.<\/p>\n<p>M. Ban a par ailleurs pr\u00e9cis\u00e9 que le principal enjeu pour la communaut\u00e9 internationale r\u00e9sidera dans sa capacit\u00e9 \u00e0 respecter et mettre en \u0153uvre le programme d&rsquo;action d&rsquo;Addis-Abeba, dont les termes faisaient toujours l&rsquo;objet de n\u00e9gociations entre les pays \u00e0 l&rsquo;ouverture de la Conf\u00e9rence.<\/p>\n<p>A ce titre, M. Ban a regrett\u00e9 que les Etats ne soient pas parvenus \u00e0 un accord final avant la tenue de la Conf\u00e9rence, qui se d\u00e9roulera jusqu&rsquo;au 16 juillet.<\/p>\n<p>\u00ab Mettons de c\u00f4t\u00e9 ce qui nous divise et surmontons les int\u00e9r\u00eats \u00e9go\u00efstes afin de travailler de concert pour le bien commun de l&rsquo;humanit\u00e9 \u00bb, a ainsi appel\u00e9 le Secr\u00e9taire g\u00e9n\u00e9ral, en vue de finaliser le programme d&rsquo;action.<\/p>\n<p>Plus tard dans la journ\u00e9e, M. Ban a particip\u00e9 \u00e0 un \u00e9v\u00e9nement organis\u00e9 par la Banque mondiale, dans le cadre de la publication de son \u00e9tude &lsquo;Des milliards aux billions : transformer le financement du d\u00e9veloppement&rsquo; (&lsquo;From Billions to Trillions : Transforming Development Finance&rsquo;).<\/p>\n<p>Selon ce nouveau rapport, cor\u00e9alis\u00e9 par la Banque mondiale et les principales banques de d\u00e9veloppement r\u00e9gional, la communaut\u00e9 internationale doit convertir les milliards de dollars d&rsquo;aide publique au d\u00e9veloppement actuels en billions de dollars d&rsquo;investissement de toutes sortes (publics, priv\u00e9s, nationaux, internationaux) afin de r\u00e9aliser les futurs ODD au cours des 15 prochaines ann\u00e9es.<\/p>\n<p>\u00ab Votre rapport conjoint &lsquo;Des milliards aux billions&rsquo; est une contribution tr\u00e8s appr\u00e9ci\u00e9e au financement du d\u00e9veloppement \u00bb, a d\u00e9clar\u00e9 M. Ban aux repr\u00e9sentants de la Banque mondiale et des banques de d\u00e9veloppement r\u00e9gional pr\u00e9sentes \u00e0 l\u2019\u00e9v\u00e9nement.<\/p>\n<p>\u00ab Il marque le d\u00e9but d&rsquo;une p\u00e9riode nouvelle et importante manifest\u00e9e par une plus grande coordination entre les banques de d\u00e9veloppement et davantage d&rsquo;accent mis sur la contribution au programme international de d\u00e9veloppement \u00bb, a-t-il salu\u00e9.<\/p>\n<p>Les efforts conjoints du Groupe de la Banque mondiale et des banques r\u00e9gionales de d\u00e9veloppement, en coop\u00e9ration avec le syst\u00e8me des Nations Unies, seront essentiels pour convertir les engagements pris dans le cadre du programme d&rsquo;action d&rsquo;Addis-Abeba en un partenariat mondial pour le d\u00e9veloppement durable, a estim\u00e9 M. Ban.<\/p>\n<p>Le Secr\u00e9taire g\u00e9n\u00e9ral a notamment mentionn\u00e9 trois secteurs pour lesquels les milliards devront \u00eatre convertis en billions de dollars : le financement des infrastructures, particuli\u00e8rement en Afrique, pour r\u00e9duire l&rsquo;\u00e9cart entre les pays les moins avanc\u00e9s et les autres ; la promotion de l&rsquo;int\u00e9gration r\u00e9gionale ; et l&rsquo;augmentation des investissements en faveur de la lutte contre la faim et la malnutrition, y compris dans l&rsquo;agriculture durable.<\/p>\n<p>M. Ban a par cons\u00e9quent appel\u00e9 la Banque mondiale et les banques r\u00e9gionales de d\u00e9veloppement \u00e0 aligner leurs objectifs avec ceux des ODD.<\/p>\n<p>A l&rsquo;occasion d&rsquo;un autre \u00e9v\u00e9nement organis\u00e9 sur le th\u00e8me du financement de la lutte contre le paludisme, le Secr\u00e9taire g\u00e9n\u00e9ral a par ailleurs appel\u00e9 les Etats membres \u00e0 redoubler d&rsquo;efforts pour atteindre l&rsquo;objectif final d&rsquo;une \u00e9radication totale de la maladie dans le cadre des ODD.<\/p>\n<p>\u00ab Nous avons parcouru un long chemin et accompli beaucoup de choses au cours des 15 derni\u00e8res ann\u00e9es, mais il nous reste encore beaucoup \u00e0 faire \u00bb, a d\u00e9clar\u00e9 M. Ban.<\/p>\n<p><a href=\"https:\/\/www.un.org\/apps\/newsFr\/storyF.asp?NewsID=35160#.Va0ySflVhBc\">Via le Centre d&rsquo;actualit\u00e9s de l&rsquo;ONU\u00a0<\/a><\/p>\n","protected":false},"excerpt":{"rendered":"<p>13 juillet 2015 \u2013 A l&rsquo;ouverture de la troisi\u00e8me Conf\u00e9rence internationale sur le financement du d\u00e9veloppement \u00e0 Addis-Abeba, en Ethiopie, le Secr\u00e9taire g\u00e9n\u00e9ral de l&rsquo;ONU, Ban Ki-moon, a salu\u00e9 lundi l&rsquo;av\u00e8nement d&rsquo;une \u00e8re nouvelle de coop\u00e9ration, dont la premi\u00e8re \u00e9tape sera l&rsquo;adoption dans la capitale \u00e9thiopienne d&rsquo;un programme de financement capable de soutenir le d\u00e9veloppement durable et l&rsquo;action climatique.<\/p>\n","protected":false},"author":136,"featured_media":2701,"comment_status":"closed","ping_status":"closed","sticky":false,"template":"","format":"standard","meta":{"_et_pb_use_builder":"","_et_pb_old_content":"","_et_gb_content_width":"","footnotes":""},"categories":[16,41,46,34],"tags":[],"class_list":["post-2698","post","type-post","status-publish","format-standard","has-post-thumbnail","hentry","category-news","category-financement-du-developpement","category-objectifs-de-developpement-durable","category-secretaire-general"],"_links":{"self":[{"href":"https:\/\/www.un.org\/sustainabledevelopment\/fr\/wp-json\/wp\/v2\/posts\/2698","targetHints":{"allow":["GET"]}}],"collection":[{"href":"https:\/\/www.un.org\/sustainabledevelopment\/fr\/wp-json\/wp\/v2\/posts"}],"about":[{"href":"https:\/\/www.un.org\/sustainabledevelopment\/fr\/wp-json\/wp\/v2\/types\/post"}],"author":[{"embeddable":true,"href":"https:\/\/www.un.org\/sustainabledevelopment\/fr\/wp-json\/wp\/v2\/users\/136"}],"replies":[{"embeddable":true,"href":"https:\/\/www.un.org\/sustainabledevelopment\/fr\/wp-json\/wp\/v2\/comments?post=2698"}],"version-history":[{"count":0,"href":"https:\/\/www.un.org\/sustainabledevelopment\/fr\/wp-json\/wp\/v2\/posts\/2698\/revisions"}],"wp:featuredmedia":[{"embeddable":true,"href":"https:\/\/www.un.org\/sustainabledevelopment\/fr\/wp-json\/wp\/v2\/media\/2701"}],"wp:attachment":[{"href":"https:\/\/www.un.org\/sustainabledevelopment\/fr\/wp-json\/wp\/v2\/media?parent=2698"}],"wp:term":[{"taxonomy":"category","embeddable":true,"href":"https:\/\/www.un.org\/sustainabledevelopment\/fr\/wp-json\/wp\/v2\/categories?post=2698"},{"taxonomy":"post_tag","embeddable":true,"href":"https:\/\/www.un.org\/sustainabledevelopment\/fr\/wp-json\/wp\/v2\/tags?post=2698"}],"curies":[{"name":"wp","href":"https:\/\/api.w.org\/{rel}","templated":true}]}}