  {"id":2626,"date":"2015-07-15T14:42:37","date_gmt":"2015-07-15T14:42:37","guid":{"rendered":"http:\/\/www.un.org\/sustainabledevelopment\/fr\/?p=2626"},"modified":"2017-11-13T12:33:08","modified_gmt":"2017-11-13T17:33:08","slug":"les-pays-parviennent-a-un-accord-historique-pour-financer-le-nouveau-programme-de-developpement-durable","status":"publish","type":"post","link":"https:\/\/www.un.org\/sustainabledevelopment\/fr\/2015\/07\/15\/les-pays-parviennent-a-un-accord-historique-pour-financer-le-nouveau-programme-de-developpement-durable\/","title":{"rendered":"Les pays parviennent \u00e0 un accord historique pour financer le nouveau Programme de d\u00e9veloppement durable"},"content":{"rendered":"<p><strong>Addis-Abeba, \u0116thiopie, le 15 juillet<\/strong> \u2013 Lors de la troisi\u00e8me Conf\u00e9rence internationale des Nations Unies sur le financement du d\u00e9veloppement, \u00e0 Addis-Abeba, les pays se sont mis d\u2019accord \u00a0aujourd&rsquo;hui sur une s\u00e9rie de mesures audacieuses pour r\u00e9former les pratiques financi\u00e8res mondiales et g\u00e9n\u00e9rer des investissements pour faire face \u00e0 un nombre de d\u00e9fis \u00e9conomiques, sociaux et environnementaux.<\/p>\n<p>L&rsquo;accord r\u00e9volutionnaire qu\u2019est le <em>Programme d\u2019action d&rsquo;Addis-Abeba<\/em>, offre une base pour la mise en \u0153uvre du Programme mondial du d\u00e9veloppement durable; les dirigeants mondiaux devraient l\u2019adopter en septembre. 193 \u00c9tats membres des Nations Unies\u00a0 participant \u00e0 la Conf\u00e9rence, sont parvenus \u00e0 un accord, \u00e0 la suite des n\u00e9gociations sous la direction du Ministre \u00e9thiopien des affaires \u00e9trang\u00e8res, Tedros Adhanom Ghebreyesus.<\/p>\n<p>pr\u00e8s plusieurs mois de n\u00e9gociations entre les pays, l&rsquo;accord qui est adopt\u00e9 marque une \u00e9tape importante dans l&rsquo;\u00e9tablissement d&rsquo;un partenariat mondial renforc\u00e9 qui vise \u00e0 favoriser la prosp\u00e9rit\u00e9 \u00e9conomique, inclusive et universelle et am\u00e9liorer le bien-\u00eatre des populations tout en prot\u00e9geant \u00a0l&rsquo;environnement.<\/p>\n<p>Le Secr\u00e9taire g\u00e9n\u00e9ral des Nations Unies, Ban Ki-Moon d\u00e9clare <em>que cet accord est une \u00e9tape cruciale vers la construction d&rsquo;un avenir durable pour tous. Il offre un cadre mondial pour le financement du d\u00e9veloppement durable<\/em>. Et il ajoute que <em>les r\u00e9sultats de la Conf\u00e9rence d\u2019Addis-Abeba nous apportent la fondation d&rsquo;un partenariat mondial redynamis\u00e9 pour le d\u00e9veloppement durable qui ne laissera personne pour compte<\/em>.<\/p>\n<p>Cette Conf\u00e9rence qui peut mettre le monde sur une voie sans pr\u00e9c\u00e9dent pour un avenir prosp\u00e8re et durable est la premi\u00e8re parmi trois \u00e9v\u00e8nements cruciaux cette ann\u00e9e. Son r\u00e9sultat constitue une base solide pour les pays afin de financer et adopter le Programme de d\u00e9veloppement durable propos\u00e9 \u00e0 New York, en septembre, et parvenir \u00e0 un accord contraignant sur les n\u00e9gociations climatiques des Nations Unies \u00e0 Paris, en d\u00e9cembre aux fins de r\u00e9duction des \u00e9missions mondiales de carbone.<\/p>\n<p>Le financement semble \u00eatre le pivot de la r\u00e9ussite du nouveau programme de d\u00e9veloppement durable qui sera soutenu par la mise en \u0153uvre des 17 objectifs de d\u00e9veloppement durable.<\/p>\n<p>&nbsp;<\/p>\n<p>Pr\u00e8s de 150 dirigeants du monde adopteront ces nouveaux objectifs lors du Sommet du d\u00e9veloppement durable, \u00e0 New York, en septembre 2015. Les objectifs ax\u00e9s sur les priorit\u00e9s \u00a0mondiales, notamment mettre fin \u00e0 la pauvret\u00e9 et la faim, r\u00e9duire les in\u00e9galit\u00e9s sociales, lutter contre le changement climatique et pr\u00e9server les ressources naturelles de la plan\u00e8te.<\/p>\n<p>&nbsp;<\/p>\n<p>Pour apporter un appui \u00e0 la mise en \u0153uvre des objectifs de d\u00e9veloppement durable, le Programme d&rsquo;action d&rsquo;Addis-Abeba contient plus de 100 mesures concr\u00e8tes. Il englobe toutes les sources de financement, et couvre la coop\u00e9ration sur un nombre de questions, y compris la technologie, la science, l&rsquo;innovation, le commerce et le renforcement des capacit\u00e9s.<\/p>\n<p>Le Programme d&rsquo;action repose sur les r\u00e9sultats des deux conf\u00e9rences pr\u00e9c\u00e9dentes sur le financement du d\u00e9veloppement tenues, \u00e0 Monterrey, au Mexique et \u00e0 Doha, au Qatar.<\/p>\n<p>Wu Hongbo, le Secr\u00e9taire g\u00e9n\u00e9ral de la Conf\u00e9rence dit que \u00ab\u00a0<em>cet accord historique marque un tournant dans la coop\u00e9ration internationale qui des investissements n\u00e9cessaires pour le nouveau Programme de d\u00e9veloppement durable et transformation aux fins d&rsquo;am\u00e9liorer la vie des populations dans le monde. \u00bb<\/em><\/p>\n<p>La mobilisation des ressources est au c\u0153ur du programme. Dans le document final, les pays ont convenu d&rsquo;une s\u00e9rie de mesures qui vise \u00e0 \u00e9largir la base des recettes, am\u00e9liorer la collecte des imp\u00f4ts et lutter contre la fraude fiscale et les flux financiers illicites. Leurs pays ont \u00e9galement r\u00e9affirm\u00e9 leur engagement \u00e0 l&rsquo;aide publique au d\u00e9veloppement, en particulier pour les pays les moins avanc\u00e9s et se sont engag\u00e9s \u00e0 renforcer la coop\u00e9ration Sud-Sud.<\/p>\n<p>&nbsp;<\/p>\n<p>Le document final souligne \u00e9galement l&rsquo;importance d&rsquo;aligner l&rsquo;investissement priv\u00e9 avec le d\u00e9veloppement durable, ainsi que les politiques publiques et\u00a0 cadres r\u00e9glementaires pour cr\u00e9er les incitations appropri\u00e9es. Un nouveau m\u00e9canisme qui facilitera le financement de nouvelles technologies pour les pays en d\u00e9veloppement a \u00e9galement \u00e9t\u00e9 convenu.<\/p>\n<p>&nbsp;<\/p>\n<p>Le Programme d&rsquo;action d&rsquo;Addis-Abeba comprend des engagements politiques importants et objectifs cl\u00e9s dans des domaines critiques pour le d\u00e9veloppement durable, y compris les infrastructures, la protection sociale et la technologie. Des accords pour\u00a0la coop\u00e9ration internationale ont \u00e9galement \u00e9t\u00e9 convenus pour le financement de zones sp\u00e9cifiques o\u00f9 des investissements importants sont n\u00e9cessaires, \u00e0 savoir les infrastructures pour l&rsquo;\u00e9nergie,\u00a0 les transports, l&rsquo;eau et l&rsquo;assainissement, et autres domaines pour parvenir aux objectifs de d\u00e9veloppement durable propos\u00e9s.<\/p>\n<p>Les pays ont aussi soulign\u00e9 l&rsquo;importance des strat\u00e9gies nationales de d\u00e9veloppement durable soutenues par des cadres de financement nationaux int\u00e9gr\u00e9s.<\/p>\n<p>L\u2019accord stipule que <em>n<\/em><em>ous r\u00e9affirmons que chaque pays est responsable d&rsquo;assurer d\u2019abord son propre d\u00e9veloppement \u00e9conomique et social et qu\u2019on ne saurait trop insister sur le r\u00f4le des politiques et strat\u00e9gies nationales de d\u00e9veloppement.<\/em><\/p>\n<p>&nbsp;<\/p>\n<p><span style=\"text-decoration: underline\">Le Programme d&rsquo;action d&rsquo;Addis-Abeba<\/span><\/p>\n<p>&nbsp;<\/p>\n<p>Les pays ont \u00e9galement convenu de nouvelles initiatives pour atteindre ces objectifs, notamment sur:<\/p>\n<p>&nbsp;<\/p>\n<p><strong>Technologie \u2013<\/strong> Les pays ont convenu d&rsquo;\u00e9tablir un M\u00e9canisme de facilitation de la technologie lors du Sommet du d\u00e9veloppement durable en septembre pour stimuler la collaboration entre les gouvernements, la soci\u00e9t\u00e9 civile, le secteur priv\u00e9, la communaut\u00e9 scientifique, les organismes des Nations Unies et autres parties prenantes pour soutenir les Objectifs de d\u00e9veloppement durable.<\/p>\n<p><strong>Infrastructures \u2013<\/strong> Les pays ont convenu d&rsquo;\u00e9tablir un Forum mondial pour les infrastructures afin d\u2019identifier et combler les lacunes dans les infrastructures, mettre en \u00e9vidence les opportunit\u00e9s d\u2019investissements, de coop\u00e9ration et de veiller \u00e0 ce que les projets soient \u00e9cologiquement, socialement et \u00e9conomiquement durables.<\/p>\n<p>&nbsp;<\/p>\n<p><strong>Protection sociale \u2013<\/strong> Les pays ont adopt\u00e9 un nouveau pacte social en faveur des pauvres et groupes vuln\u00e9rables gr\u00e2ce \u00e0 la fourniture de syst\u00e8mes et mesures de protection sociale pour tous, y compris les friandises socles de protection sociale.<\/p>\n<p>&nbsp;<\/p>\n<p><strong>Sant\u00e9 \u2013 <\/strong>Les pays envisagent d\u2019imposer des taxes aux substances nocives pour d\u00e9courager la consommation et augmenter les ressources nationales. Ils ont convenu qu\u2019imposer des taxes au tabac r\u00e9duit la \u00a0consommation et pourrait repr\u00e9senter un flux de revenus inexploit\u00e9 pour de nombreux pays.<\/p>\n<p><strong>M<\/strong><strong>icro, petites et moyennes entreprises \u2013<\/strong> Les pays se sont engag\u00e9s \u00e0 promouvoir un acc\u00e8s abordable et stable au cr\u00e9dit pour les petites entreprises. Ils se sont \u00e9galement engag\u00e9s \u00e0 d\u00e9velopper et op\u00e9rationnaliser une strat\u00e9gie globale pour l&#8217;emploi des jeunes et mettre en \u0153uvre le Pacte mondial pour l&#8217;emploi du Bureau international du travail d&rsquo;ici 2020.<\/p>\n<p><strong>Aide \u00e9trang\u00e8re \u2013 <\/strong>Les pays se sont r\u00e9engag\u00e9s \u00e0 atteindre l\u2019objectif de 0,7 pour cent du revenu national brut \u00e0 l&rsquo;aide publique au d\u00e9veloppement, et de 0,15 \u00e0 0,20 pour cent pour les pays les moins avanc\u00e9s.<\/p>\n<p><strong>Ensemble de mesures pour les pays les pays les plus pauvres <\/strong><strong>\u2013<\/strong> Les pays d\u00e9velopp\u00e9s s\u2019engagent \u00e0 inverser la tendance de l&rsquo;aide aux pays les plus pauvres qui \u00e9tait en d\u00e9clin alors que l&rsquo;Union europ\u00e9enne s\u2019engage \u00e0 accro\u00eetre son aide aux pays les moins avanc\u00e9s \u00e0 0,2 pour cent du revenu national brut d&rsquo;ici \u00e0 2030. Ils conviennent \u00e9galement d&rsquo;adopter ou de renforcer pays les moins avanc\u00e9s \u00e0 renforcer les r\u00e9gimes de promotion des investissements, y compris avec un appui financier et technique. Les gouvernements ont \u00e9galement pour objectif d\u2019op\u00e9rationnaliser la Banque pour la technologie pour ce groupe de pays d&rsquo;ici 2017.<\/p>\n<p>&nbsp;<\/p>\n<p><strong>Imposition \u2013<\/strong> Le Programme veut un renforcement de l&rsquo;appui pour les activit\u00e9s du Comit\u00e9 d&rsquo;experts des Nations Unies en mati\u00e8re d\u2019imposition pour am\u00e9liorer son efficacit\u00e9 et sa capacit\u00e9 op\u00e9rationnelle et l&rsquo;engagement aupr\u00e8s du Conseil \u00e9conomique et social. Il souligne l&rsquo;importance d\u2019une coop\u00e9ration inclusive et du dialogue entre les autorit\u00e9s fiscales nationales.<\/p>\n<p>&nbsp;<\/p>\n<p><strong>Change climatique <\/strong><strong>\u2013<\/strong> Le Programme d&rsquo;action climatique appelle les pays d\u00e9velopp\u00e9s \u00e0 mettre en \u0153uvre leur engagement de mobiliser conjointement 100 milliards de dollars par an d&rsquo;ici 2020 provenant de nombreuses sources pour r\u00e9pondre aux besoins des pays en d\u00e9veloppement. Les pays se sont \u00e9galement engag\u00e9s \u00e0 \u00e9liminer progressivement les subventions aux combustibles fossiles non performants qui entra\u00eenent la surconsommation.<\/p>\n<p>&nbsp;<\/p>\n<p>En outre, environ 200 \u00e9v\u00e8nements parall\u00e8les ont \u00e9t\u00e9 organis\u00e9s, o\u00f9 gouvernements et autres parties prenantes ont particip\u00e9 et pris des engagements suppl\u00e9mentaires. Parmi ces engagements, des aides suppl\u00e9mentaires sont pr\u00e9vues pour le renforcement des capacit\u00e9s dans le domaine de l\u2019imposition; le financement du d\u00e9veloppement par le biais des banques, dont 400 milliards de dollars provenant du Groupe de la Banque mondiale, ainsi que la cr\u00e9ation de nouvelles banques internationales de d\u00e9veloppement; et \u00a0pour les besoins sociaux, une aide accrue et un financement philanthropique.<br \/>\nPour la version compl\u00e8te de l\u2019Accord : \u00a0<a href=\"https:\/\/www.un.org\/ffd3\/\">Site de la troisi\u00e8me Conf\u00e9rence internationale des Nations Unies sur le financement du d\u00e9veloppement<\/a><\/p>\n<p>&nbsp;<\/p>\n<p>Pour de plus amples informations, pri\u00e8re contacter <a href=\"shepard@un.org\">Dan Shepard<\/a>, D\u00e9partement de l&rsquo;information des Nations Unies.<\/p>\n<p>&nbsp;<\/p>\n","protected":false},"excerpt":{"rendered":"<p>Addis-Abeba, \u0116thiopie, le 15 juillet \u2013 Lors de la troisi\u00e8me  [&#8230;]<\/p>\n","protected":false},"author":136,"featured_media":2629,"comment_status":"closed","ping_status":"closed","sticky":false,"template":"","format":"standard","meta":{"_et_pb_use_builder":"","_et_pb_old_content":"","_et_gb_content_width":"","footnotes":""},"categories":[16,41],"tags":[],"class_list":["post-2626","post","type-post","status-publish","format-standard","has-post-thumbnail","hentry","category-news","category-financement-du-developpement"],"_links":{"self":[{"href":"https:\/\/www.un.org\/sustainabledevelopment\/fr\/wp-json\/wp\/v2\/posts\/2626","targetHints":{"allow":["GET"]}}],"collection":[{"href":"https:\/\/www.un.org\/sustainabledevelopment\/fr\/wp-json\/wp\/v2\/posts"}],"about":[{"href":"https:\/\/www.un.org\/sustainabledevelopment\/fr\/wp-json\/wp\/v2\/types\/post"}],"author":[{"embeddable":true,"href":"https:\/\/www.un.org\/sustainabledevelopment\/fr\/wp-json\/wp\/v2\/users\/136"}],"replies":[{"embeddable":true,"href":"https:\/\/www.un.org\/sustainabledevelopment\/fr\/wp-json\/wp\/v2\/comments?post=2626"}],"version-history":[{"count":0,"href":"https:\/\/www.un.org\/sustainabledevelopment\/fr\/wp-json\/wp\/v2\/posts\/2626\/revisions"}],"wp:featuredmedia":[{"embeddable":true,"href":"https:\/\/www.un.org\/sustainabledevelopment\/fr\/wp-json\/wp\/v2\/media\/2629"}],"wp:attachment":[{"href":"https:\/\/www.un.org\/sustainabledevelopment\/fr\/wp-json\/wp\/v2\/media?parent=2626"}],"wp:term":[{"taxonomy":"category","embeddable":true,"href":"https:\/\/www.un.org\/sustainabledevelopment\/fr\/wp-json\/wp\/v2\/categories?post=2626"},{"taxonomy":"post_tag","embeddable":true,"href":"https:\/\/www.un.org\/sustainabledevelopment\/fr\/wp-json\/wp\/v2\/tags?post=2626"}],"curies":[{"name":"wp","href":"https:\/\/api.w.org\/{rel}","templated":true}]}}