  {"id":2239,"date":"2015-05-04T19:22:14","date_gmt":"2015-05-04T19:22:14","guid":{"rendered":"http:\/\/www.un.org\/sustainabledevelopment\/fr\/?p=2239"},"modified":"2017-11-13T12:33:29","modified_gmt":"2017-11-13T17:33:29","slug":"la-gestion-durable-des-forets-est-cruciale-pour-eradiquer-la-pauvrete-selon-lonu","status":"publish","type":"post","link":"https:\/\/www.un.org\/sustainabledevelopment\/fr\/2015\/05\/04\/la-gestion-durable-des-forets-est-cruciale-pour-eradiquer-la-pauvrete-selon-lonu\/","title":{"rendered":"La gestion durable des for\u00eats est cruciale pour \u00e9radiquer la pauvret\u00e9, selon l&rsquo;ONU"},"content":{"rendered":"<p>A l&rsquo;ouverture du Forum de l&rsquo;ONU sur les for\u00eats lundi \u00e0 New York, le Vice-Secr\u00e9taire g\u00e9n\u00e9ral Jan Eliasson a appel\u00e9 \u00e0 une gestion durable des for\u00eats dont d\u00e9pendent 1,6 milliard de personnes \u00e0 travers le monde pour subvenir \u00e0 leurs besoins.<\/p>\n<p>Ce forum, qui va se d\u00e9rouler pendant deux semaines, doit aboutir \u00e0 un Arrangement international sur les for\u00eats renforc\u00e9. Ces discussions interviennent alors que la communaut\u00e9 internationale doit adopter en septembre des objectifs de d\u00e9veloppement durable pour l&rsquo;apr\u00e8s-2015.<\/p>\n<p>\u00ab La gestion durable des for\u00eats, en partenariat avec ceux qui vivent dans les r\u00e9gions foresti\u00e8res, sera d\u00e9terminant pour r\u00e9aliser notre ambition d&rsquo;\u00e9radiquer la pauvret\u00e9 sous toutes ses formes \u00bb, a dit M. Eliasson dans un discours.<\/p>\n<p>Environ 1,6 milliard de personnes, soit plus d&rsquo;un quart de la population mondiale, d\u00e9pendent des ressources de la for\u00eat pour leur subsistance. Environ 1,2 milliard de gens se servent des arbres sur les exploitations agricoles pour produire de la nourriture et obtenir une source de revenus.<\/p>\n<p>Selon l&rsquo;ONU, dans le contexte des changements climatiques, la gestion durable des for\u00eats et l&rsquo;utilisation responsable des produits de la for\u00eat repr\u00e9sentent le syst\u00e8me de capture et de stockage du carbone naturel le plus efficace et le plus comp\u00e9titif en termes de prix.<\/p>\n<p>Jan Eliasson a estim\u00e9 qu&rsquo;il fallait \u00eatre ambitieux en termes de financement afin de respecter les engagements concernant les for\u00eats. Il a soulign\u00e9 qu&rsquo;il fallait \u00e9galement s&rsquo;assurer que les syst\u00e8mes de gouvernance s&rsquo;attaquent aux pratiques destructrices et \u00e0 la d\u00e9forestation ill\u00e9gale.<\/p>\n<p>Le Vice-Secr\u00e9taire g\u00e9n\u00e9ral a \u00e9galement estim\u00e9 qu&rsquo;une plus large participation des communaut\u00e9s locales et autochtones \u00e9tait n\u00e9cessaire alors que beaucoup d&rsquo;entre elles ont des connaissances cruciales concernant les for\u00eats. Enfin, il a jug\u00e9 qu&rsquo;il fallait partager de mani\u00e8re \u00e9quitable les b\u00e9n\u00e9fices tir\u00e9s des for\u00eats et des produits de la for\u00eat.<\/p>\n<p>\u00ab Un Arrangement international sur les for\u00eats plus fort fournira une feuille de route permettant de r\u00e9pondre \u00e0 ces d\u00e9fis, afin que les ressources de la for\u00eat \u00e0 travers le monde puissent r\u00e9pondre aux besoins des gens en mati\u00e8re de produits et services forestiers, aujourd&rsquo;hui et dans le futur \u00bb, a-t-il dit.<\/p>\n<p><a href=\"https:\/\/www.un.org\/apps\/newsFr\/storyF.asp?NewsID=34723#.VUpgtPlVhBc\">Via le Centre d\u2019actualit\u00e9s de l\u2019ONU<\/a><\/p>\n","protected":false},"excerpt":{"rendered":"<p>A l&rsquo;ouverture du Forum de l&rsquo;ONU sur les for\u00eats lundi \u00e0 New York, le Vice-Secr\u00e9taire g\u00e9n\u00e9ral Jan Eliasson a appel\u00e9 \u00e0 une gestion durable des for\u00eats dont d\u00e9pendent 1,6 milliard de personnes \u00e0 travers le monde pour subvenir \u00e0 leurs besoins.<\/p>\n","protected":false},"author":136,"featured_media":2244,"comment_status":"closed","ping_status":"closed","sticky":false,"template":"","format":"standard","meta":{"_et_pb_use_builder":"","_et_pb_old_content":"","_et_gb_content_width":"","footnotes":""},"categories":[16,5,12,9],"tags":[],"class_list":["post-2239","post","type-post","status-publish","format-standard","has-post-thumbnail","hentry","category-news","category-climate-change","category-hunger","category-forests-desertification-and-biodiversity"],"_links":{"self":[{"href":"https:\/\/www.un.org\/sustainabledevelopment\/fr\/wp-json\/wp\/v2\/posts\/2239","targetHints":{"allow":["GET"]}}],"collection":[{"href":"https:\/\/www.un.org\/sustainabledevelopment\/fr\/wp-json\/wp\/v2\/posts"}],"about":[{"href":"https:\/\/www.un.org\/sustainabledevelopment\/fr\/wp-json\/wp\/v2\/types\/post"}],"author":[{"embeddable":true,"href":"https:\/\/www.un.org\/sustainabledevelopment\/fr\/wp-json\/wp\/v2\/users\/136"}],"replies":[{"embeddable":true,"href":"https:\/\/www.un.org\/sustainabledevelopment\/fr\/wp-json\/wp\/v2\/comments?post=2239"}],"version-history":[{"count":0,"href":"https:\/\/www.un.org\/sustainabledevelopment\/fr\/wp-json\/wp\/v2\/posts\/2239\/revisions"}],"wp:featuredmedia":[{"embeddable":true,"href":"https:\/\/www.un.org\/sustainabledevelopment\/fr\/wp-json\/wp\/v2\/media\/2244"}],"wp:attachment":[{"href":"https:\/\/www.un.org\/sustainabledevelopment\/fr\/wp-json\/wp\/v2\/media?parent=2239"}],"wp:term":[{"taxonomy":"category","embeddable":true,"href":"https:\/\/www.un.org\/sustainabledevelopment\/fr\/wp-json\/wp\/v2\/categories?post=2239"},{"taxonomy":"post_tag","embeddable":true,"href":"https:\/\/www.un.org\/sustainabledevelopment\/fr\/wp-json\/wp\/v2\/tags?post=2239"}],"curies":[{"name":"wp","href":"https:\/\/api.w.org\/{rel}","templated":true}]}}