  {"id":2116,"date":"2015-04-22T17:51:38","date_gmt":"2015-04-22T17:51:38","guid":{"rendered":"http:\/\/www.un.org\/sustainabledevelopment\/fr\/?p=2116"},"modified":"2015-04-24T17:59:59","modified_gmt":"2015-04-24T17:59:59","slug":"journee-de-la-terre-ban-ki-moon-invite-chaque-individu-a-donner-lexemple","status":"publish","type":"post","link":"https:\/\/www.un.org\/sustainabledevelopment\/fr\/2015\/04\/22\/journee-de-la-terre-ban-ki-moon-invite-chaque-individu-a-donner-lexemple\/","title":{"rendered":"Journ\u00e9e de la Terre : Ban Ki-moon invite chaque individu \u00e0 donner l&rsquo;exemple"},"content":{"rendered":"<p>A l&rsquo;occasion de la Journ\u00e9e internationale de la Terre nourrici\u00e8re, le Secr\u00e9taire g\u00e9n\u00e9ral de l&rsquo;ONU, Ban Ki-moon, a d\u00e9clar\u00e9 mercredi que le \u00ab pouvoir du changement commence avec chacun d&rsquo;entre nous \u00bb.<\/p>\n<p>Cr\u00e9\u00e9e en 1970 par les Nations Unies, cette Journ\u00e9e, dont il s&rsquo;agit de la 45\u00e8me \u00e9dition, est un \u00e9v\u00e8nement symbolique visant \u00e0 promouvoir la mobilisation environnementale. Le th\u00e8me de cette \u00e9dition 2015, \u00ab A notre tour de donner l&rsquo;exemple \u00bb, a pour but d&rsquo;inciter chaque individu \u00e0 agir de mani\u00e8re responsable pour pr\u00e9server la plan\u00e8te afin de montrer la marche \u00e0 suivre aux dirigeants mondiaux.<\/p>\n<p>\u00ab Le terme &lsquo;m\u00e8re nourrici\u00e8re&rsquo; est tr\u00e8s fort. Il \u00e9voque le souvenir de la femme qui nous a donn\u00e9s la vie, nous a nourris quand nous \u00e9tions b\u00e9b\u00e9s et nous a aid\u00e9s \u00e0 devenir les adultes que nous sommes aujourd&rsquo;hui. La Terre est notre m\u00e8re nourrici\u00e8re par excellence \u00bb, a d\u00e9clar\u00e9 M. Ban, ajoutant que, \u00e0 l&rsquo;inverse des \u00eatres humains qui, lorsqu&rsquo;ils grandissent, peuvent se passer des soins permanents d&rsquo;une m\u00e8re, l&rsquo;humanit\u00e9 ne pourra jamais se passer de la Terre.<\/p>\n<p>\u00ab Compte tenu de cette d\u00e9pendance, il est d&rsquo;autant plus surprenant que nous ayons laiss\u00e9 le d\u00e9veloppement humain se faire de mani\u00e8re aussi rapide, et parfois irr\u00e9fl\u00e9chie, et perturber autant de syst\u00e8mes fragiles qui fonctionnent en harmonie depuis des mill\u00e9naires \u00bb, a regrett\u00e9 M. Ban, pointant du doigt la pollution, la rar\u00e9faction des ressources et la disparition de certaines esp\u00e8ces v\u00e9g\u00e9tales et animales.<\/p>\n<p>\u00ab Il n&rsquo;est toutefois pas trop tard et 2015 nous offre l&rsquo;occasion d&rsquo;agir \u00bb, a lanc\u00e9 le Secr\u00e9taire g\u00e9n\u00e9ral, mentionnant l&rsquo;\u00e9laboration du programme de d\u00e9veloppement durable pour l&rsquo;apr\u00e8s-2015 et le futur accord universel sur les changements climatiques comme des occasions historique d&rsquo;avancer dans la bonne direction.<\/p>\n<p>\u00ab En cette Journ\u00e9e internationale de la Terre nourrici\u00e8re, je souhaite que chacun prenne conscience des cons\u00e9quences de ses choix pour la plan\u00e8te, et de leur implication pour les g\u00e9n\u00e9rations futures \u00bb, a-t-il poursuivi, citant l&rsquo;exemple de d\u00e9cisions individuelles susceptibles d&rsquo;avoir un fort impact collectif, comme le fait de passer \u00e0 un type d&rsquo;\u00e9clairage basse consommation ou de ne pas acheter plus que ce que l&rsquo;on va consommer.<\/p>\n<p>\u00ab Le pouvoir du changement commence avec chacun d&rsquo;entre nous \u00bb, a d\u00e9clar\u00e9 le chef de l&rsquo;ONU.<\/p>\n<p>Via le <a href=\"https:\/\/www.un.org\/apps\/newsFr\/storyF.asp?NewsID=34653#.VTp-eiHBzRY\">Centre d&rsquo;actualit\u00e9s de l&rsquo;ONU<\/a><\/p>\n","protected":false},"excerpt":{"rendered":"<p>A l&rsquo;occasion de la Journ\u00e9e internationale de la Terre nourrici\u00e8re, le Secr\u00e9taire g\u00e9n\u00e9ral de l&rsquo;ONU, Ban Ki-moon, a d\u00e9clar\u00e9 mercredi que le \u00ab pouvoir du changement commence avec chacun d&rsquo;entre nous \u00bb.<\/p>\n","protected":false},"author":136,"featured_media":2121,"comment_status":"closed","ping_status":"closed","sticky":false,"template":"","format":"standard","meta":{"_et_pb_use_builder":"","_et_pb_old_content":"","_et_gb_content_width":"","footnotes":""},"categories":[16,5,34],"tags":[],"class_list":["post-2116","post","type-post","status-publish","format-standard","has-post-thumbnail","hentry","category-news","category-climate-change","category-secretaire-general"],"_links":{"self":[{"href":"https:\/\/www.un.org\/sustainabledevelopment\/fr\/wp-json\/wp\/v2\/posts\/2116","targetHints":{"allow":["GET"]}}],"collection":[{"href":"https:\/\/www.un.org\/sustainabledevelopment\/fr\/wp-json\/wp\/v2\/posts"}],"about":[{"href":"https:\/\/www.un.org\/sustainabledevelopment\/fr\/wp-json\/wp\/v2\/types\/post"}],"author":[{"embeddable":true,"href":"https:\/\/www.un.org\/sustainabledevelopment\/fr\/wp-json\/wp\/v2\/users\/136"}],"replies":[{"embeddable":true,"href":"https:\/\/www.un.org\/sustainabledevelopment\/fr\/wp-json\/wp\/v2\/comments?post=2116"}],"version-history":[{"count":0,"href":"https:\/\/www.un.org\/sustainabledevelopment\/fr\/wp-json\/wp\/v2\/posts\/2116\/revisions"}],"wp:featuredmedia":[{"embeddable":true,"href":"https:\/\/www.un.org\/sustainabledevelopment\/fr\/wp-json\/wp\/v2\/media\/2121"}],"wp:attachment":[{"href":"https:\/\/www.un.org\/sustainabledevelopment\/fr\/wp-json\/wp\/v2\/media?parent=2116"}],"wp:term":[{"taxonomy":"category","embeddable":true,"href":"https:\/\/www.un.org\/sustainabledevelopment\/fr\/wp-json\/wp\/v2\/categories?post=2116"},{"taxonomy":"post_tag","embeddable":true,"href":"https:\/\/www.un.org\/sustainabledevelopment\/fr\/wp-json\/wp\/v2\/tags?post=2116"}],"curies":[{"name":"wp","href":"https:\/\/api.w.org\/{rel}","templated":true}]}}