  {"id":2066,"date":"2015-04-21T17:24:38","date_gmt":"2015-04-21T17:24:38","guid":{"rendered":"http:\/\/www.un.org\/sustainabledevelopment\/fr\/?p=2066"},"modified":"2015-04-24T17:33:21","modified_gmt":"2015-04-24T17:33:21","slug":"lonu-appelle-les-etats-influents-a-se-remettre-en-question-pour-lutter-contre-lextremisme-violent","status":"publish","type":"post","link":"https:\/\/www.un.org\/sustainabledevelopment\/fr\/2015\/04\/21\/lonu-appelle-les-etats-influents-a-se-remettre-en-question-pour-lutter-contre-lextremisme-violent\/","title":{"rendered":"L&rsquo;ONU appelle les Etats influents \u00e0 se remettre en question pour lutter contre l&rsquo;extr\u00e9misme violent"},"content":{"rendered":"<p>A l&rsquo;occasion d&rsquo;une r\u00e9union sp\u00e9ciale de l&rsquo;Assembl\u00e9e g\u00e9n\u00e9rale des Nations Unies visant \u00e0 promouvoir la tol\u00e9rance et la r\u00e9conciliation pour lutter contre la menace grandissante de l&rsquo;extr\u00e9misme violent, des hauts responsables de l&rsquo;Organisation ont appel\u00e9 mardi les Etats les plus influents sur la sc\u00e8ne internationale \u00e0 se remettre en question et \u00e0 faire l&rsquo;inventaire de ce qui, dans leurs propres actions, est susceptible de contribuer \u00e0 la radicalisation des consciences.<br \/>\n\/\/<br \/>\nA l&rsquo;initiative du Secr\u00e9taire g\u00e9n\u00e9ral des Nations Unies, Ban Ki-moon, du Pr\u00e9sident de l&rsquo;Assembl\u00e9e g\u00e9n\u00e9rale de l&rsquo;ONU, Sam Kutesa, et du Haut-Repr\u00e9sentant de l&rsquo;Organisation pour l&rsquo;Alliance des civilisations, Nassir Abdulaziz Al-Nasser, cette r\u00e9union de deux jours rassemble au si\u00e8ge de l&rsquo;ONU, \u00e0 New York, les Etats membres et des leaders religieux du monde entier autour d&rsquo;un d\u00e9bat sur la promotion de la tol\u00e9rance et de la r\u00e9conciliation.<\/p>\n<p>\u00ab Nous vous avons rassembl\u00e9 aujourd&rsquo;hui et demain parce que nous sommes profond\u00e9ment pr\u00e9occup\u00e9s par la mont\u00e9e de l&rsquo;extr\u00e9misme et du radicalisme \u00bb, a d\u00e9clar\u00e9 le Secr\u00e9taire g\u00e9n\u00e9ral dans un discours \u00e0 l&rsquo;ouverture du d\u00e9bat, ajoutant qu&rsquo;il est d\u00e9sormais n\u00e9cessaire de s&rsquo;attaquer \u00e0 la racine de ces probl\u00e8mes afin de pouvoir mettre en \u0153uvre des strat\u00e9gies de pr\u00e9vention.<\/p>\n<p>\u00ab Daech [l&rsquo;Etat islamique d&rsquo;Iraq et du Levant], Al-Chabab et Boko Haram font partie d&rsquo;une nouvelle g\u00e9n\u00e9ration de groupes terroristes mena\u00e7ant la paix et la s\u00e9curit\u00e9 internationales \u00bb, a poursuivi M. Ban.<\/p>\n<p>\u00ab Mais le probl\u00e8me va bien au-del\u00e0 du Moyen-Orient et de l&rsquo;Afrique. Le racisme, le fascisme, l&rsquo;antis\u00e9mitisme et l&rsquo;islamophobie alimentent la haine et occasionnent des pertes en vies humaines y compris dans les soci\u00e9t\u00e9s d\u00e9mocratiques globalement pacifiques \u00bb, a mis en garde le chef de l&rsquo;ONU.<\/p>\n<p>Pour combattre les extr\u00e9mistes, le Secr\u00e9taire g\u00e9n\u00e9ral a par cons\u00e9quent invit\u00e9 les Etats \u00e0 se remettre en cause et \u00e0 prendre conscience de leurs propres erreurs.<\/p>\n<p>\u00ab J&rsquo;appelle les Etats et autres entit\u00e9s disposant d&rsquo;une influence \u00e0 tenir compte de la fa\u00e7on dont leurs actions peuvent constituer un terreau fertile pour la brutalit\u00e9 \u00bb, a lanc\u00e9 M. Ban.<\/p>\n<p>Faisant \u00e9cho aux propos du chef de l&rsquo;ONU, le Haut-Repr\u00e9sentant pour l&rsquo;Alliance des civilisations, Nassir Abdulaziz Al-Nasser, a \u00e9galement invit\u00e9 les Etats \u00e0 contribuer \u00e0 une vision du monde capable de pr\u00e9senter une alternative face aux id\u00e9ologies extr\u00e9mismes.<\/p>\n<p>\u00ab Ind\u00e9pendamment des actions atroces et cruelles des groupes radicaux, les condamner durant cette r\u00e9union ne sera pas suffisant pour s&rsquo;attaquer \u00e0 la source du probl\u00e8me, \u00e0 moins que nous ne soyons capables de cr\u00e9er une vision du monde susceptible de contrer efficacement leur vision mal\u00e9fique \u00bb, a affirm\u00e9 M. Abdulaziz Al-Nasser.<\/p>\n<p>Le Haut-Repr\u00e9sentant de l&rsquo;ONU a expliqu\u00e9 que sans une action pr\u00e9ventive globale sur des questions telles que l&rsquo;immigration, les m\u00e9dia et l&rsquo;\u00e9ducation, les extr\u00e9mistes continueront d&rsquo;attirer et de recruter des jeunes gens.<\/p>\n<p>\u00ab Nous avons beaucoup \u00e0 faire pour am\u00e9liorer nos propres environnement sociaux g\u00e9n\u00e9rateurs de marginalisation, d&rsquo;aust\u00e9rit\u00e9 \u00e9conomique et de manque d&rsquo;opportunit\u00e9 \u00e9gales \u00bb, a dit M. Abdulaziz Al-Nasser, afin \u00eatre capable d&rsquo;opposer une vision juste \u00e0 celle des extr\u00e9mistes.<\/p>\n<p>Reprenant cette id\u00e9e, le Pr\u00e9sident de l&rsquo;Assembl\u00e9e g\u00e9n\u00e9rale de l&rsquo;ONU, Sam Kutesa, a quant \u00e0 lui list\u00e9 dans son discours d&rsquo;ouverture un certain nombre d&rsquo;aspects dont l&rsquo;am\u00e9lioration permettrait de lutter contre l&rsquo;intol\u00e9rance.<\/p>\n<p>\u00ab Le d\u00e9veloppement \u00e9conomique et social soutenu pourrait r\u00e9duire la marginalisation, qui dans certains cas pousse \u00e0 l&rsquo;extr\u00e9misme et au recrutement de terroristes. Relever les d\u00e9fis de la pauvret\u00e9, ainsi que le manque de possibilit\u00e9s d&rsquo;\u00e9ducation et d&#8217;emploi peut constituer la base d&rsquo;une approche globale visant \u00e0 cr\u00e9er des soci\u00e9t\u00e9s pacifiques \u00bb, a expliqu\u00e9 M. Kutesa.<\/p>\n<p>\u00ab L&rsquo;injustice et l&rsquo;in\u00e9galit\u00e9, l&rsquo;absence d&rsquo;\u00e9tat de droit, les violations des droits de l&rsquo;homme, l&rsquo;exclusion politique, ainsi que la discrimination ethnique, nationale et religieuse sont \u00e9galement sources de divisions pouvant contribuer \u00e0 l&rsquo;intol\u00e9rance \u00bb, a-t-il ajout\u00e9.<\/p>\n<p>Ban Ki-moon a annonc\u00e9 que les id\u00e9es d\u00e9battues durant cette r\u00e9union seraient ensuite reprises par l&rsquo;ONU pour fa\u00e7onner un plan d&rsquo;action contre l&rsquo;extr\u00e9misme violent, qui sera pr\u00e9sent\u00e9 dans le courant de l&rsquo;ann\u00e9e \u00e0 l&rsquo;Assembl\u00e9e g\u00e9n\u00e9rale.<\/p>\n<p>\u00ab Ce plan mettra l&rsquo;accent sur les valeurs centrales de paix, de justice et de dignit\u00e9 humaine comme \u00e9tant la vraie alternative \u00e0 la haine et \u00e0 la peur sem\u00e9es par les extr\u00e9mistes \u00bb, a dit M. Ban.<\/p>\n<p>Via le <a href=\"https:\/\/www.un.org\/apps\/newsFr\/storyF.asp?NewsID=34642#.VTp85iHBzRY\">Centre d&rsquo;actualit\u00e9s de l&rsquo;ONU<\/a><\/p>\n","protected":false},"excerpt":{"rendered":"<p>A l&rsquo;occasion d&rsquo;une r\u00e9union sp\u00e9ciale de l&rsquo;Assembl\u00e9e g\u00e9n\u00e9rale des Nations Unies visant \u00e0 promouvoir la tol\u00e9rance et la r\u00e9conciliation pour lutter contre la menace grandissante de l&rsquo;extr\u00e9misme violent, des hauts responsables de l&rsquo;Organisation ont appel\u00e9 mardi les Etats les plus influents sur la sc\u00e8ne internationale \u00e0 se remettre en question et \u00e0 faire l&rsquo;inventaire de ce qui, dans leurs propres actions, est susceptible de contribuer \u00e0 la radicalisation des consciences.<\/p>\n","protected":false},"author":136,"featured_media":2071,"comment_status":"closed","ping_status":"closed","sticky":false,"template":"","format":"standard","meta":{"_et_pb_use_builder":"","_et_pb_old_content":"","_et_gb_content_width":"","footnotes":""},"categories":[16,19],"tags":[],"class_list":["post-2066","post","type-post","status-publish","format-standard","has-post-thumbnail","hentry","category-news","category-peace-and-justice"],"_links":{"self":[{"href":"https:\/\/www.un.org\/sustainabledevelopment\/fr\/wp-json\/wp\/v2\/posts\/2066","targetHints":{"allow":["GET"]}}],"collection":[{"href":"https:\/\/www.un.org\/sustainabledevelopment\/fr\/wp-json\/wp\/v2\/posts"}],"about":[{"href":"https:\/\/www.un.org\/sustainabledevelopment\/fr\/wp-json\/wp\/v2\/types\/post"}],"author":[{"embeddable":true,"href":"https:\/\/www.un.org\/sustainabledevelopment\/fr\/wp-json\/wp\/v2\/users\/136"}],"replies":[{"embeddable":true,"href":"https:\/\/www.un.org\/sustainabledevelopment\/fr\/wp-json\/wp\/v2\/comments?post=2066"}],"version-history":[{"count":0,"href":"https:\/\/www.un.org\/sustainabledevelopment\/fr\/wp-json\/wp\/v2\/posts\/2066\/revisions"}],"wp:featuredmedia":[{"embeddable":true,"href":"https:\/\/www.un.org\/sustainabledevelopment\/fr\/wp-json\/wp\/v2\/media\/2071"}],"wp:attachment":[{"href":"https:\/\/www.un.org\/sustainabledevelopment\/fr\/wp-json\/wp\/v2\/media?parent=2066"}],"wp:term":[{"taxonomy":"category","embeddable":true,"href":"https:\/\/www.un.org\/sustainabledevelopment\/fr\/wp-json\/wp\/v2\/categories?post=2066"},{"taxonomy":"post_tag","embeddable":true,"href":"https:\/\/www.un.org\/sustainabledevelopment\/fr\/wp-json\/wp\/v2\/tags?post=2066"}],"curies":[{"name":"wp","href":"https:\/\/api.w.org\/{rel}","templated":true}]}}