  {"id":2031,"date":"2015-04-19T15:42:13","date_gmt":"2015-04-19T15:42:13","guid":{"rendered":"http:\/\/www.un.org\/sustainabledevelopment\/fr\/?p=2031"},"modified":"2017-11-13T12:33:32","modified_gmt":"2017-11-13T17:33:32","slug":"a-washington-ban-ki-moon-appelle-a-faire-de-nos-objectifs-globaux-une-realite-globale","status":"publish","type":"post","link":"https:\/\/www.un.org\/sustainabledevelopment\/fr\/2015\/04\/19\/a-washington-ban-ki-moon-appelle-a-faire-de-nos-objectifs-globaux-une-realite-globale\/","title":{"rendered":"A Washington, Ban Ki-moon appelle \u00e0 faire \u00ab de nos objectifs globaux une r\u00e9alit\u00e9 globale \u00bb"},"content":{"rendered":"<p>A l&rsquo;occasion du concert Global Citizen organis\u00e9 samedi soir dans la capitale des Etats-Unis, le Secr\u00e9taire g\u00e9n\u00e9ral des Nations Unies, Ban Ki-moon, a qualifi\u00e9 2015 d&rsquo;ann\u00e9e de l&rsquo;action pour le changement climatique, l&rsquo;\u00e9galit\u00e9 entre les sexes et le d\u00e9veloppement durable, ajoutant qu&rsquo;il n&rsquo;y avait \u00ab pas de plan B parce qu&rsquo;il n&rsquo;y a pas de plan\u00e8te B \u00bb.<\/p>\n<p>S&rsquo;adressant dans la soir\u00e9e du 18 avril \u00e0 une foule enthousiaste, venue au National Mall de Washington assister aux performances d&rsquo;artistes de renom tels que Will.i.am, Usher, No Doubt et Mary J. Blige, le Secr\u00e9taire g\u00e9n\u00e9ral a exhort\u00e9 les personnes pr\u00e9sentes \u00e0 parler haut et fort et \u00e0 faire entendre leur voix pour changer les choses.<\/p>\n<p>\u00ab Je veux entendre parler de vous. C&rsquo;est notre derni\u00e8re chance de ralentir le r\u00e9chauffement climatique \u00bb, a averti M. Ban.<\/p>\n<p>\u00ab Allez-vous soutenir notre objectif global d&rsquo;autonomiser les femmes et les filles ? Allez-vous prendre la parole pour permettre \u00e0 chaque enfant de se rendre \u00e0 l&rsquo;\u00e9cole ? Allez-vous vous lever pour les gens et notre plan\u00e8te ? \u00bb, a d\u00e9clar\u00e9 le chef de l&rsquo;ONU.<\/p>\n<p>Cet appel du Secr\u00e9taire g\u00e9n\u00e9ral est intervenu alors que l&rsquo;Organisation se pr\u00e9pare \u00e0 lancer son programme de d\u00e9veloppement pour l&rsquo;apr\u00e8s-2015 et travaille \u00e0 l&rsquo;\u00e9laboration d&rsquo;une s\u00e9rie d&rsquo;objectifs de d\u00e9veloppement durable (ODD) visant \u00e0 r\u00e9duire la pauvret\u00e9, garantir l&rsquo;\u00e9galit\u00e9 des sexes et inverser les effets du changement climatique .<\/p>\n<p>Depuis la sc\u00e8ne du National Mall, M. Ban a rappel\u00e9 une nouvelle fois \u00e0 l&rsquo;audiance que l&rsquo;ann\u00e9e 2015 offrait \u00e0 la communaut\u00e9 internationale sa meilleure chance de mettre fin \u00e0 la pauvret\u00e9 et qu&rsquo;il s&rsquo;agissait d&rsquo;une ann\u00e9e cruciale pour l&rsquo;action mondiale.<\/p>\n<p>\u00ab Vous avez le pouvoir. Votre g\u00e9n\u00e9ration peut y parvenir \u00bb, a-t-il poursuivi. \u00ab Soyez des citoyens du monde. Munissez-vous de votre passion et de votre compassion et construisez un monde meilleur et plus durable et, ensemble, faisons de nos objectifs globaux une r\u00e9alit\u00e9 global \u00bb.<\/p>\n<p>Via le <a href=\"https:\/\/www.un.org\/apps\/newsFr\/storyF.asp?NewsID=34632\">Centre d&rsquo;actualit\u00e9s de l&rsquo;ONU<\/a><\/p>\n","protected":false},"excerpt":{"rendered":"<p>A l&rsquo;occasion du concert Global Citizen organis\u00e9 samedi soir dans la capitale des Etats-Unis, le Secr\u00e9taire g\u00e9n\u00e9ral des Nations Unies, Ban Ki-moon, a qualifi\u00e9 2015 d&rsquo;ann\u00e9e de l&rsquo;action pour le changement climatique, l&rsquo;\u00e9galit\u00e9 entre les sexes et le d\u00e9veloppement durable, ajoutant qu&rsquo;il n&rsquo;y avait \u00ab pas de plan B parce qu&rsquo;il n&rsquo;y a pas de plan\u00e8te B \u00bb.<\/p>\n","protected":false},"author":136,"featured_media":2036,"comment_status":"closed","ping_status":"closed","sticky":false,"template":"","format":"standard","meta":{"_et_pb_use_builder":"","_et_pb_old_content":"","_et_gb_content_width":"","footnotes":""},"categories":[16,5,31],"tags":[],"class_list":["post-2031","post","type-post","status-publish","format-standard","has-post-thumbnail","hentry","category-news","category-climate-change","category-developpement-durable"],"_links":{"self":[{"href":"https:\/\/www.un.org\/sustainabledevelopment\/fr\/wp-json\/wp\/v2\/posts\/2031","targetHints":{"allow":["GET"]}}],"collection":[{"href":"https:\/\/www.un.org\/sustainabledevelopment\/fr\/wp-json\/wp\/v2\/posts"}],"about":[{"href":"https:\/\/www.un.org\/sustainabledevelopment\/fr\/wp-json\/wp\/v2\/types\/post"}],"author":[{"embeddable":true,"href":"https:\/\/www.un.org\/sustainabledevelopment\/fr\/wp-json\/wp\/v2\/users\/136"}],"replies":[{"embeddable":true,"href":"https:\/\/www.un.org\/sustainabledevelopment\/fr\/wp-json\/wp\/v2\/comments?post=2031"}],"version-history":[{"count":0,"href":"https:\/\/www.un.org\/sustainabledevelopment\/fr\/wp-json\/wp\/v2\/posts\/2031\/revisions"}],"wp:featuredmedia":[{"embeddable":true,"href":"https:\/\/www.un.org\/sustainabledevelopment\/fr\/wp-json\/wp\/v2\/media\/2036"}],"wp:attachment":[{"href":"https:\/\/www.un.org\/sustainabledevelopment\/fr\/wp-json\/wp\/v2\/media?parent=2031"}],"wp:term":[{"taxonomy":"category","embeddable":true,"href":"https:\/\/www.un.org\/sustainabledevelopment\/fr\/wp-json\/wp\/v2\/categories?post=2031"},{"taxonomy":"post_tag","embeddable":true,"href":"https:\/\/www.un.org\/sustainabledevelopment\/fr\/wp-json\/wp\/v2\/tags?post=2031"}],"curies":[{"name":"wp","href":"https:\/\/api.w.org\/{rel}","templated":true}]}}