  {"id":1876,"date":"2015-04-01T15:34:22","date_gmt":"2015-04-01T15:34:22","guid":{"rendered":"http:\/\/www.un.org\/sustainabledevelopment\/fr\/?p=1876"},"modified":"2017-11-13T12:33:35","modified_gmt":"2017-11-13T17:33:35","slug":"la-fao-et-le-mali-lancent-un-projet-pour-restaurer-la-securite-alimentaire-dans-le-nord-du-pays","status":"publish","type":"post","link":"https:\/\/www.un.org\/sustainabledevelopment\/fr\/2015\/04\/01\/la-fao-et-le-mali-lancent-un-projet-pour-restaurer-la-securite-alimentaire-dans-le-nord-du-pays\/","title":{"rendered":"La FAO et le Mali lancent un projet pour restaurer la s\u00e9curit\u00e9 alimentaire dans le nord du pays"},"content":{"rendered":"<p>Le gouvernement du Mali et l&rsquo;Organisation des Nations Unies pour l&rsquo;alimentation et l&rsquo;agriculture (FAO) ont lanc\u00e9 mercredi la mise en \u0153uvre des activit\u00e9s d&rsquo;un projet de 5 millions de dollars pour la restauration des moyens d&rsquo;existence des m\u00e9nages vuln\u00e9rables affect\u00e9s par les r\u00e9cents conflits arm\u00e9s et les changements climatiques dans cette partie du pays.<\/p>\n<p>L&rsquo;annonce en a \u00e9t\u00e9 faite par le Ministre malien du d\u00e9veloppement rural, Bokary Treta, et le Directeur g\u00e9n\u00e9ral de la FAO, Jos\u00e9 Graziano da Silva, en visite officielle au Mali.<\/p>\n<p>L&rsquo;agriculture dans certaines r\u00e9gions du Mali, en particulier le nord, a \u00e9t\u00e9 s\u00e9rieusement affect\u00e9e ces derni\u00e8res ann\u00e9es par la guerre civile et les impacts connexes tels que les p\u00e9nuries de main-d&rsquo;\u0153uvre en raison de d\u00e9placements de population, le manque de services de soutien \u00e0 l&rsquo;agriculture et la fragmentation des march\u00e9s. Les pluies irr\u00e9guli\u00e8res, les p\u00e9riodes de s\u00e9cheresse et les inondations ont exacerb\u00e9 ces probl\u00e8mes au cours des derni\u00e8res ann\u00e9es.<\/p>\n<p>Ce nouveau projet s&rsquo;att\u00e8lera \u00e0 la restauration imm\u00e9diate des biens de production des familles dans les r\u00e9gions de Gao, Mopti et Tombouctou dans le Nord du Mali.<\/p>\n<p>Les activit\u00e9s du projet permettront de relancer la production vivri\u00e8re et maraich\u00e8re de 25.000 m\u00e9nages vuln\u00e9rables et d&rsquo;appuyer 8.000 familles d&rsquo;\u00e9leveurs vuln\u00e9rables par des aliments et des produits v\u00e9t\u00e9rinaires pour leur b\u00e9tail. En outre, le projet offrira une opportunit\u00e9 de formation sur les bonnes pratiques agricoles et nutritionnelles aux m\u00e9nages b\u00e9n\u00e9ficiaires et il portera une attention particuli\u00e8re aux besoins des groupements f\u00e9minins engag\u00e9s dans la production mara\u00eech\u00e8re.<\/p>\n<p>\u00abLa mise en \u0153uvre de ce projet est notre contribution au processus de paix car sans s\u00e9curit\u00e9 on ne peut avoir de s\u00e9curit\u00e9 alimentaire, et l\u00e0 o\u00f9 il y a ins\u00e9curit\u00e9 alimentaire, les conflits \u00e9clatent\u00bb, a d\u00e9clar\u00e9 Jos\u00e9 Graziano da Silva.<\/p>\n<p>\u00ab Notre objectif est de nourrir 16 millions de Maliens \u00bb, a ajout\u00e9 le Ministre Treta. \u00ab La FAO a toujours \u00e9t\u00e9 \u00e0 nos c\u00f4t\u00e9s pendant les p\u00e9riodes difficiles, jusqu&rsquo;\u00e0 l&rsquo;obtention de ces bons r\u00e9sultats de r\u00e9duction du nombre de personnes qui ont faim \u00bb.<\/p>\n<p>Ce projet s&rsquo;inscrit dans le cadre du Programme de relance et de reconstruction \u00e9conomique de la Banque mondiale au Mali s&rsquo;\u00e9levant \u00e0 100 millions de dollars. A la demande du Gouvernement du Mali, la FAO sera en charge de la mise en \u0153uvre de la composante agricole dans le nord du pays.<\/p>\n<p>\u00ab Le partenariat entre la Banque mondiale et la FAO est gagnant-gagnant; cela permet de mettre le savoir technique de la FAO au service des investissements tant requis dans le pays \u00bb, a soulign\u00e9 le Directeur g\u00e9n\u00e9ral de la FAO.<\/p>\n<p>Via le <a href=\"https:\/\/www.un.org\/apps\/newsFr\/storyF.asp?NewsID=34521#.VS6E8fnF9Q0\">Centre d&rsquo;actualit\u00e9s de l&rsquo;ONU<\/a><\/p>\n","protected":false},"excerpt":{"rendered":"<p>Le gouvernement du Mali et l&rsquo;Organisation des Nations Unies pour l&rsquo;alimentation et l&rsquo;agriculture (FAO) ont lanc\u00e9 mercredi la mise en \u0153uvre des activit\u00e9s d&rsquo;un projet de 5 millions de dollars pour la restauration des moyens d&rsquo;existence des m\u00e9nages vuln\u00e9rables affect\u00e9s par les r\u00e9cents conflits arm\u00e9s et les changements climatiques dans cette partie du pays.<\/p>\n","protected":false},"author":136,"featured_media":1881,"comment_status":"closed","ping_status":"closed","sticky":false,"template":"","format":"standard","meta":{"_et_pb_use_builder":"","_et_pb_old_content":"","_et_gb_content_width":"","footnotes":""},"categories":[16,12],"tags":[],"class_list":["post-1876","post","type-post","status-publish","format-standard","has-post-thumbnail","hentry","category-news","category-hunger"],"_links":{"self":[{"href":"https:\/\/www.un.org\/sustainabledevelopment\/fr\/wp-json\/wp\/v2\/posts\/1876","targetHints":{"allow":["GET"]}}],"collection":[{"href":"https:\/\/www.un.org\/sustainabledevelopment\/fr\/wp-json\/wp\/v2\/posts"}],"about":[{"href":"https:\/\/www.un.org\/sustainabledevelopment\/fr\/wp-json\/wp\/v2\/types\/post"}],"author":[{"embeddable":true,"href":"https:\/\/www.un.org\/sustainabledevelopment\/fr\/wp-json\/wp\/v2\/users\/136"}],"replies":[{"embeddable":true,"href":"https:\/\/www.un.org\/sustainabledevelopment\/fr\/wp-json\/wp\/v2\/comments?post=1876"}],"version-history":[{"count":0,"href":"https:\/\/www.un.org\/sustainabledevelopment\/fr\/wp-json\/wp\/v2\/posts\/1876\/revisions"}],"wp:featuredmedia":[{"embeddable":true,"href":"https:\/\/www.un.org\/sustainabledevelopment\/fr\/wp-json\/wp\/v2\/media\/1881"}],"wp:attachment":[{"href":"https:\/\/www.un.org\/sustainabledevelopment\/fr\/wp-json\/wp\/v2\/media?parent=1876"}],"wp:term":[{"taxonomy":"category","embeddable":true,"href":"https:\/\/www.un.org\/sustainabledevelopment\/fr\/wp-json\/wp\/v2\/categories?post=1876"},{"taxonomy":"post_tag","embeddable":true,"href":"https:\/\/www.un.org\/sustainabledevelopment\/fr\/wp-json\/wp\/v2\/tags?post=1876"}],"curies":[{"name":"wp","href":"https:\/\/api.w.org\/{rel}","templated":true}]}}