  {"id":1559,"date":"2015-03-22T15:13:25","date_gmt":"2015-03-22T15:13:25","guid":{"rendered":"http:\/\/www.un.org\/sustainabledevelopment\/fr\/?p=1559"},"modified":"2017-11-13T12:33:37","modified_gmt":"2017-11-13T17:33:37","slug":"journee-mondiale-de-leau-lonu-appelle-a-juguler-la-crise-de-leau","status":"publish","type":"post","link":"https:\/\/www.un.org\/sustainabledevelopment\/fr\/2015\/03\/22\/journee-mondiale-de-leau-lonu-appelle-a-juguler-la-crise-de-leau\/","title":{"rendered":"Journ\u00e9e mondiale de l&rsquo;eau : l&rsquo;ONU appelle \u00e0 juguler la crise de l&rsquo;eau"},"content":{"rendered":"<p> A l&rsquo;occasion de la Journ\u00e9e mondiale de l&rsquo;eau qui est c\u00e9l\u00e9br\u00e9e le 22 mars, le Secr\u00e9taire g\u00e9n\u00e9ral de l&rsquo;ONU, Ban Ki-moon, a rappel\u00e9 dimanche que l&rsquo;acc\u00e8s \u00e0 l&rsquo;eau potable et \u00e0 l&rsquo;assainissement fait partie des questions les plus pressantes auxquelles la plan\u00e8te est confront\u00e9e.<\/p>\n<p>\u00ab Alors que l&rsquo;ONU s&rsquo;appr\u00eate \u00e0 adopter un nouveau programme de d\u00e9veloppement durable pour l&rsquo;apr\u00e8s-2015 en septembre, cette ann\u00e9e, la Journ\u00e9e mondiale de l&rsquo;eau souligne le r\u00f4le essentiel et multiple de l&rsquo;eau. Cet \u00e9l\u00e9ment est n\u00e9cessaire \u00e0 la sant\u00e9 publique et au progr\u00e8s \u00e9quitable. Il est aussi indispensable \u00e0 la s\u00e9curit\u00e9 alimentaire et \u00e9nerg\u00e9tique, ainsi qu&rsquo;au fonctionnement des industries \u00bb, a d\u00e9clar\u00e9 le Secr\u00e9taire g\u00e9n\u00e9ral dans un message.<\/p>\n<p>Selon lui, l&rsquo;apparition des changements climatiques, l&rsquo;accroissement de la demande \u00e9manant de l&rsquo;agriculture, des industries et des villes pour une ressource non renouvelable et la pollution qui s&rsquo;aggrave dans de nombreuses r\u00e9gions pr\u00e9cipitent une crise de l&rsquo;eau qui ne pourra \u00eatre jugul\u00e9e que gr\u00e2ce \u00e0 l&rsquo;\u00e9tablissement d&rsquo;une planification et de politiques globales et transversales aux niveaux international, r\u00e9gional et mondial.<\/p>\n<p>\u00ab L&rsquo;acc\u00e8s \u00e0 l&rsquo;eau potable et \u00e0 l&rsquo;assainissement fait partie des questions les plus pressantes. Malgr\u00e9 les progr\u00e8s r\u00e9alis\u00e9s dans le cadre des objectifs du Mill\u00e9naire pour le d\u00e9veloppement adopt\u00e9s en 2000, quelque 750 millions de personnes (soit plus d&rsquo;un dixi\u00e8me de la population mondiale) n&rsquo;a acc\u00e8s \u00e0 aucune source d&rsquo;eau am\u00e9lior\u00e9e \u00bb, a soulign\u00e9 le chef de l&rsquo;ONU.<\/p>\n<p>Les femmes et les enfants sont particuli\u00e8rement touch\u00e9s par cette situation, qui non seulement met leur sant\u00e9 en danger, mais leur fait perdre un temps consid\u00e9rable consacr\u00e9 \u00e0 aller puiser de l&rsquo;eau, une activit\u00e9 non productive qui peut aussi \u00eatre dangereuse.<\/p>\n<p>\u00ab Les donn\u00e9es sur l&rsquo;assainissement sont encore moins encourageantes. Pr\u00e8s de 2,5 milliards de personnes vivent sans infrastructures d&rsquo;assainissement am\u00e9lior\u00e9es et 1 milliard de personnes d\u00e9f\u00e8quent \u00e0 l&rsquo;air libre. Pour cette raison, l&rsquo;assainissement est le domaine dans lequel les progr\u00e8s accomplis dans la r\u00e9alisation des objectifs du Mill\u00e9naire laissent le plus \u00e0 d\u00e9sirer. Nous ne pourrons pas garantir la dignit\u00e9, la sant\u00e9 et la prosp\u00e9rit\u00e9 de tous tant que nous n&rsquo;aurons pas r\u00e9gl\u00e9 cette question primordiale \u00bb, a insist\u00e9 Ban Ki-moon.<\/p>\n<p>Selon lui, au fil des prochaines ann\u00e9es, il faudra r\u00e9duire consid\u00e9rablement les \u00e9missions de gaz \u00e0 effet de serre pour \u00e9viter les plus graves r\u00e9percussions des changements climatiques, c&rsquo;est-\u00e0-dire l&rsquo;\u00e9volution des ph\u00e9nom\u00e8nes climatiques et le risque de s\u00e9cheresse dans de grandes parties du monde.<\/p>\n<p>\u00ab Afin de faire face aux nombreux enjeux relatifs \u00e0 l&rsquo;eau, nous devons travailler dans un esprit de coop\u00e9ration, \u00eatre ouverts aux id\u00e9es nouvelles et \u00e0 l&rsquo;innovation et nous tenir pr\u00eats \u00e0 partager les solutions dont nous avons tous besoin pour garantir un avenir moins pr\u00e9caire, car le temps presse. Si nous y parvenons, nous pourrons mettre fin \u00e0 la pauvret\u00e9, favoriser la prosp\u00e9rit\u00e9 et le bien-\u00eatre de tous, partout dans le monde, prot\u00e9ger l&rsquo;environnement et r\u00e9sister au danger que pr\u00e9sentent les changements climatiques \u00bb, a-t-il conclu.<\/p>\n<p><a href=\"https:\/\/www.un.org\/apps\/newsFr\/storyF.asp?NewsID=34471#.VRF8xI7F9Q0\">via le Centre d&rsquo;actualit\u00e9s de l&rsquo;ONU<\/a><\/p>\n","protected":false},"excerpt":{"rendered":"<p> A l&rsquo;occasion de la Journ\u00e9e mondiale de l&rsquo;eau qui est c\u00e9l\u00e9br\u00e9e le 22 mars, le Secr\u00e9taire g\u00e9n\u00e9ral de l&rsquo;ONU, Ban Ki-moon, a rappel\u00e9 dimanche que l&rsquo;acc\u00e8s \u00e0 l&rsquo;eau potable et \u00e0 l&rsquo;assainissement fait partie des questions les plus pressantes auxquelles la plan\u00e8te est confront\u00e9e.<\/p>\n","protected":false},"author":136,"featured_media":1569,"comment_status":"closed","ping_status":"closed","sticky":false,"template":"","format":"standard","meta":{"_et_pb_use_builder":"","_et_pb_old_content":"","_et_gb_content_width":"","footnotes":""},"categories":[16,23],"tags":[],"class_list":["post-1559","post","type-post","status-publish","format-standard","has-post-thumbnail","hentry","category-news","category-water-and-sanitation"],"_links":{"self":[{"href":"https:\/\/www.un.org\/sustainabledevelopment\/fr\/wp-json\/wp\/v2\/posts\/1559","targetHints":{"allow":["GET"]}}],"collection":[{"href":"https:\/\/www.un.org\/sustainabledevelopment\/fr\/wp-json\/wp\/v2\/posts"}],"about":[{"href":"https:\/\/www.un.org\/sustainabledevelopment\/fr\/wp-json\/wp\/v2\/types\/post"}],"author":[{"embeddable":true,"href":"https:\/\/www.un.org\/sustainabledevelopment\/fr\/wp-json\/wp\/v2\/users\/136"}],"replies":[{"embeddable":true,"href":"https:\/\/www.un.org\/sustainabledevelopment\/fr\/wp-json\/wp\/v2\/comments?post=1559"}],"version-history":[{"count":0,"href":"https:\/\/www.un.org\/sustainabledevelopment\/fr\/wp-json\/wp\/v2\/posts\/1559\/revisions"}],"wp:featuredmedia":[{"embeddable":true,"href":"https:\/\/www.un.org\/sustainabledevelopment\/fr\/wp-json\/wp\/v2\/media\/1569"}],"wp:attachment":[{"href":"https:\/\/www.un.org\/sustainabledevelopment\/fr\/wp-json\/wp\/v2\/media?parent=1559"}],"wp:term":[{"taxonomy":"category","embeddable":true,"href":"https:\/\/www.un.org\/sustainabledevelopment\/fr\/wp-json\/wp\/v2\/categories?post=1559"},{"taxonomy":"post_tag","embeddable":true,"href":"https:\/\/www.un.org\/sustainabledevelopment\/fr\/wp-json\/wp\/v2\/tags?post=1559"}],"curies":[{"name":"wp","href":"https:\/\/api.w.org\/{rel}","templated":true}]}}