  {"id":13724,"date":"2019-11-11T16:42:32","date_gmt":"2019-11-11T21:42:32","guid":{"rendered":"https:\/\/www.un.org\/sustainabledevelopment\/fr\/?p=13724"},"modified":"2021-03-26T23:35:26","modified_gmt":"2021-03-27T03:35:26","slug":"le-chef-de-lonu-appelle-le-secteur-prive-a-investir-dans-un-developpement-durable-equitable-2","status":"publish","type":"post","link":"https:\/\/www.un.org\/sustainabledevelopment\/fr\/2019\/11\/11\/le-chef-de-lonu-appelle-le-secteur-prive-a-investir-dans-un-developpement-durable-equitable-2\/","title":{"rendered":"Le chef de l\u2019ONU appelle le secteur priv\u00e9 \u00e0 investir dans un d\u00e9veloppement durable \u00e9quitable"},"content":{"rendered":"<div class=\"fusion-fullwidth fullwidth-box fusion-builder-row-1 nonhundred-percent-fullwidth non-hundred-percent-height-scrolling\" style=\"--awb-border-radius-top-left:0px;--awb-border-radius-top-right:0px;--awb-border-radius-bottom-right:0px;--awb-border-radius-bottom-left:0px;--awb-flex-wrap:wrap;\" ><div class=\"fusion-builder-row fusion-row\"><div class=\"fusion-layout-column fusion_builder_column fusion-builder-column-0 fusion_builder_column_1_1 1_1 fusion-one-full fusion-column-first fusion-column-last\" style=\"--awb-bg-size:cover;--awb-margin-bottom:0px;\"><div class=\"fusion-column-wrapper fusion-flex-column-wrapper-legacy\"><div class=\"fusion-text fusion-text-1\"><p><em>L&rsquo;article original a \u00e9t\u00e9 publi\u00e9 sur le <a href=\"https:\/\/www.ft.com\/\">Financial Times<\/a> le 4 novembre 2019.<\/em><\/p>\n<p>Partout dans le monde, la rue se mobilise pour manifester contre l\u2019accroissement du co\u00fbt de la vie et la mont\u00e9e de l\u2019injustice, que celle-ci soit ressentie ou bien r\u00e9elle. Ces femmes et ces hommes jugent que l\u2019\u00e9conomie ne contribue pas \u00e0 am\u00e9liorer leur qualit\u00e9 de vie et, dans certains cas, ils ont raison. Tout miser sur la croissance, sans penser \u00e0 son v\u00e9ritable prix et \u00e0 ses cons\u00e9quences, entra\u00eene une catastrophe climatique, une perte de confiance dans les institutions et un manque de foi en l\u2019avenir.<\/p>\n<p>Le secteur priv\u00e9 a un r\u00f4le cl\u00e9 \u00e0 jouerafin de r\u00e9soudre ces probl\u00e8mes. De nombreuses entreprises collaborent d\u00e9j\u00e0 \u00e9troitement avec l\u2019ONU pour b\u00e2tir un avenir plus stable et plus \u00e9quitable, fond\u00e9 sur les <a href=\"https:\/\/www.un.org\/sustainabledevelopment\/fr\/objectifs-de-developpement-durable\/\">objectifs de d\u00e9veloppement durable<\/a>. Ces 17 objectifs arr\u00eat\u00e9s par les dirigeants du monde entier en 2015 visent \u00e0 lutter contre la pauvret\u00e9, les in\u00e9galit\u00e9s, la crise climatique et la d\u00e9gradation de l\u2019environnement et \u00e0 instaurer la paix et la justice d\u2019ici \u00e0 2030.<\/p>\n<p>Des progr\u00e8s ont \u00e9t\u00e9 faits depuis qu\u2019ils ont \u00e9t\u00e9 adopt\u00e9s il y a quatre ans. Les taux d\u2019extr\u00eame pauvret\u00e9 et de mortalit\u00e9 juv\u00e9nile sont en baisse ; de plus en plus d\u2019hommes et de femmes ont acc\u00e8s \u00e0 l\u2019\u00e9nergie et \u00e0 un travail d\u00e9cent. Mais, dans l\u2019ensemble, nous sommes <a href=\"https:\/\/unstats.un.org\/sdgs\/report\/2019\/The-Sustainable-Development-Goals-Report-2019.pdf\">loin du compte<\/a>\u00a0<img class=\"lazyload\" decoding=\"async\" style=\"border: none\" title=\"Disponible en anglais\" src=\"data:image\/svg+xml,%3Csvg%20xmlns%3D%27http%3A%2F%2Fwww.w3.org%2F2000%2Fsvg%27%20width%3D%2714%27%20height%3D%2714%27%20viewBox%3D%270%200%2014%2014%27%3E%3Crect%20width%3D%2714%27%20height%3D%2714%27%20fill-opacity%3D%220%22%2F%3E%3C%2Fsvg%3E\" data-orig-src=\"\/common\/images\/icons\/ico_en.gif\" alt=\"\" width=\"14\" height=\"14\" \/> : la faim augmente ; la moiti\u00e9 de la population mondiale n\u2019a pas acc\u00e8s \u00e0 l\u2019\u00e9ducation de base et aux soins de sant\u00e9 essentiels ; partout, les femmes se heurtent \u00e0 la discrimination et sont d\u00e9savantag\u00e9es.<\/p>\n<p>La lenteur des progr\u00e8s s\u2019explique en partie par le manque de financement. Les fonds publics ne suffisent tout simplement pas \u00e0 financer l\u2019\u00e9limination de la pauvret\u00e9, \u00e0 am\u00e9liorer l\u2019\u00e9ducation des filles et \u00e0 att\u00e9nuer les effets des changements climatiques. Il nous faut des investissements priv\u00e9s en compl\u00e9ment, et l\u2019ONU s\u2019emploie \u00e0 les mobiliser en travaillant avec le secteur de la finance. C\u2019est un moment charni\u00e8re pour le monde des entreprises et de la finance, et pour le lien qui l\u2019unit aux politiques publiques.<\/p>\n<p>D\u2019abord, les entreprises doivent se doter de politiques d\u2019investissement \u00e0 long terme qui servent la soci\u00e9t\u00e9, pas seulement leurs actionnaires. Certains grands fonds de pension \u00e9liminent les combustibles fossiles de leur portefeuille : c\u2019est un d\u00e9but. Plus de 130 \u00e9tablissements bancaires, avec 47 000 milliards de dollars d\u2019actifs, ont sign\u00e9 les <a href=\"https:\/\/www.unepfi.org\/banking\/bankingprinciples\/\">Principes pour un secteur bancaire responsable<\/a>\u00a0<img class=\"lazyload\" decoding=\"async\" style=\"border: none\" title=\"Disponible en anglais\" src=\"data:image\/svg+xml,%3Csvg%20xmlns%3D%27http%3A%2F%2Fwww.w3.org%2F2000%2Fsvg%27%20width%3D%2714%27%20height%3D%2714%27%20viewBox%3D%270%200%2014%2014%27%3E%3Crect%20width%3D%2714%27%20height%3D%2714%27%20fill-opacity%3D%220%22%2F%3E%3C%2Fsvg%3E\" data-orig-src=\"\/common\/images\/icons\/ico_en.gif\" alt=\"\" width=\"14\" height=\"14\" \/>, en collaboration avec l\u2019ONU. Ces principes traduisent un engagement sans pr\u00e9c\u00e9dent des entreprises envers des strat\u00e9gies align\u00e9es sur les objectifs de d\u00e9veloppement durable, l\u2019Accord de Paris de 2015 visant \u00e0 emp\u00eacher l\u2019\u00e9l\u00e9vation de la temp\u00e9rature de la plan\u00e8te et des pratiques bancaires qui cr\u00e9ent une prosp\u00e9rit\u00e9 partag\u00e9e. J\u2019engage vivement toutes les institutions financi\u00e8res \u00e0 adh\u00e9rer \u00e0 cette transformation.<\/p>\n<p>Ensuite, nous trouvons de nouveaux moyens pour que le secteur priv\u00e9 investisse dans la croissance et le d\u00e9veloppement durables. En octobre, une trentaine de dirigeants de multinationales ont lanc\u00e9 \u00e0 l\u2019ONU l\u2019<a href=\"https:\/\/www.un.org\/esa\/ffd\/ffd-follow-up\/global-investors-for-sustainable-development-alliance.html\">Alliance mondiale des investisseurs en faveur du d\u00e9veloppement durable<\/a>\u00a0<img class=\"lazyload\" decoding=\"async\" style=\"border: none\" title=\"Disponible en anglais\" src=\"data:image\/svg+xml,%3Csvg%20xmlns%3D%27http%3A%2F%2Fwww.w3.org%2F2000%2Fsvg%27%20width%3D%2714%27%20height%3D%2714%27%20viewBox%3D%270%200%2014%2014%27%3E%3Crect%20width%3D%2714%27%20height%3D%2714%27%20fill-opacity%3D%220%22%2F%3E%3C%2Fsvg%3E\" data-orig-src=\"\/common\/images\/icons\/ico_en.gif\" alt=\"\" width=\"14\" height=\"14\" \/>. De hauts responsables d\u2019Allianz et de la bourse de Johannesburg sont parmi ceux qui se sont engag\u00e9s publiquement \u00e0 jouer le r\u00f4le d\u2019agent du changement dans leur entreprise et ailleurs. Ils soutiennent d\u00e9j\u00e0 de grands projets d\u2019investissement dans des infrastructures durables : \u00e9nergie propre et accessible en Afrique, en Am\u00e9rique latine et en Asie et recours \u00e0 des instruments financiers innovants visant \u00e0 r\u00e9unir des milliards de dollars au service de la s\u00e9curit\u00e9 alimentaire et de l\u2019\u00e9nergie renouvelable. D\u00e9sormais, ils s\u2019impliqueront encore davantage dans la mobilisation de capitaux en faveur du d\u00e9veloppement durable en faisant le lien entre projets et investisseurs.<\/p>\n<p>Je souhaite que tous les chefs d\u2019entreprise leur embo\u00eetent le pas, qu\u2019ils investissent dans l\u2019\u00e9conomie du futur : une croissance propre et verte qui cr\u00e9e des emplois d\u00e9cents et am\u00e9liore les conditions de vie de toutes et tous \u00e0 long terme. Il faut aller plus loin, plus vite, si nous voulons obtenir les milliers de milliards de dollars dont nous avons besoin pour atteindre les objectifs de d\u00e9veloppement durable.<\/p>\n<p>Enfin, nous invitons les chefs d\u2019entreprise \u00e0 ne pas se contenter d\u2019investir et \u00e0 se mobiliser pour une transformation des politiques. Dans bien des cas, les entreprises montrent d\u00e9j\u00e0 la voie. La durabilit\u00e9 est un bon investissement. Les consommateurs eux-m\u00eames font pression. Un investisseur a qualifi\u00e9 le <a href=\"https:\/\/www.environmental-finance.com\/content\/awards\/sustainable-investment-awards-2019\/winners\/investment-leader-of-the-year-scott-mather-(pimco)\/\">financement durable<\/a>\u00a0<img class=\"lazyload\" decoding=\"async\" style=\"border: none\" title=\"Disponible en anglais\" src=\"data:image\/svg+xml,%3Csvg%20xmlns%3D%27http%3A%2F%2Fwww.w3.org%2F2000%2Fsvg%27%20width%3D%2714%27%20height%3D%2714%27%20viewBox%3D%270%200%2014%2014%27%3E%3Crect%20width%3D%2714%27%20height%3D%2714%27%20fill-opacity%3D%220%22%2F%3E%3C%2Fsvg%3E\" data-orig-src=\"\/common\/images\/icons\/ico_en.gif\" alt=\"\" width=\"14\" height=\"14\" \/> de \u00ab ph\u00e9nom\u00e8ne de masse \u00bb. Mais l\u2019investissement du secteur priv\u00e9 se heurte souvent aux subventions accord\u00e9es pour les combustibles fossiles, qui ont pour effet de fausser les march\u00e9s, et \u00e0 des int\u00e9r\u00eats profond\u00e9ment ancr\u00e9s, qui favorisent le statu quo. De gros investisseurs, dont Aviva, mettent en garde contre le fait que les subventions aux combustibles fossiles pourraient nuire \u00e0 la comp\u00e9titivit\u00e9 de certains secteurs cl\u00e9s, notamment \u00e0 l\u2019\u00e9conomie sobre en carbone. L\u2019\u00c9tat est \u00e0 la tra\u00eene, il rechigne \u00e0 changer cadres r\u00e9glementaires et politiques et r\u00e9gimes fiscaux pourtant d\u00e9pass\u00e9s. Le reporting trimestriel d\u00e9courage l\u2019investissement \u00e0 long terme. L\u2019obligation de loyaut\u00e9 des investisseurs doit \u00eatre revue pour tenir compte de consid\u00e9rations plus larges li\u00e9es \u00e0 la durabilit\u00e9.<\/p>\n<p>Les chefs d\u2019entreprise doivent user de leur vaste influence pour faire campagne en faveur de la croissance partag\u00e9e et de la cr\u00e9ation de d\u00e9bouch\u00e9s pour toutes et tous. Aucune entreprise ne peut se permettre de ne pas prendre part \u00e0 cet effort et tous les objectifs de d\u00e9veloppement durable peuvent b\u00e9n\u00e9ficier des investissements priv\u00e9s.<\/p>\n<p>Investir dans le d\u00e9veloppement durable \u00e9quitable, c\u2019est \u00e0 la fois bon sur le plan \u00e9thique et bon pour les affaires. Les chefs d\u2019entreprise peuvent faire toute la diff\u00e9rence en forgeant un avenir de paix, de stabilit\u00e9 et de prosp\u00e9rit\u00e9 sur une plan\u00e8te en bonne sant\u00e9.<\/p>\n<\/div><div class=\"fusion-clearfix\"><\/div><\/div><\/div><\/div><\/div>\n","protected":false},"excerpt":{"rendered":"","protected":false},"author":283,"featured_media":13727,"comment_status":"closed","ping_status":"closed","sticky":false,"template":"","format":"standard","meta":{"_et_pb_use_builder":"","_et_pb_old_content":"","_et_gb_content_width":"","footnotes":""},"categories":[16],"tags":[],"class_list":["post-13724","post","type-post","status-publish","format-standard","has-post-thumbnail","hentry","category-news"],"_links":{"self":[{"href":"https:\/\/www.un.org\/sustainabledevelopment\/fr\/wp-json\/wp\/v2\/posts\/13724","targetHints":{"allow":["GET"]}}],"collection":[{"href":"https:\/\/www.un.org\/sustainabledevelopment\/fr\/wp-json\/wp\/v2\/posts"}],"about":[{"href":"https:\/\/www.un.org\/sustainabledevelopment\/fr\/wp-json\/wp\/v2\/types\/post"}],"author":[{"embeddable":true,"href":"https:\/\/www.un.org\/sustainabledevelopment\/fr\/wp-json\/wp\/v2\/users\/283"}],"replies":[{"embeddable":true,"href":"https:\/\/www.un.org\/sustainabledevelopment\/fr\/wp-json\/wp\/v2\/comments?post=13724"}],"version-history":[{"count":0,"href":"https:\/\/www.un.org\/sustainabledevelopment\/fr\/wp-json\/wp\/v2\/posts\/13724\/revisions"}],"wp:featuredmedia":[{"embeddable":true,"href":"https:\/\/www.un.org\/sustainabledevelopment\/fr\/wp-json\/wp\/v2\/media\/13727"}],"wp:attachment":[{"href":"https:\/\/www.un.org\/sustainabledevelopment\/fr\/wp-json\/wp\/v2\/media?parent=13724"}],"wp:term":[{"taxonomy":"category","embeddable":true,"href":"https:\/\/www.un.org\/sustainabledevelopment\/fr\/wp-json\/wp\/v2\/categories?post=13724"},{"taxonomy":"post_tag","embeddable":true,"href":"https:\/\/www.un.org\/sustainabledevelopment\/fr\/wp-json\/wp\/v2\/tags?post=13724"}],"curies":[{"name":"wp","href":"https:\/\/api.w.org\/{rel}","templated":true}]}}