  {"id":9498,"date":"2017-05-17T15:27:08","date_gmt":"2017-05-17T19:27:08","guid":{"rendered":"http:\/\/www.un.org\/sustainabledevelopment\/es\/?p=9498"},"modified":"2017-11-13T16:00:19","modified_gmt":"2017-11-13T21:00:19","slug":"el-exito-de-la-onu-depende-de-una-europa-fuerte-y-unida","status":"publish","type":"post","link":"https:\/\/www.un.org\/sustainabledevelopment\/es\/2017\/05\/el-exito-de-la-onu-depende-de-una-europa-fuerte-y-unida\/","title":{"rendered":"\u00abEl \u00e9xito de la ONU depende de una Europa fuerte y unida\u00bb"},"content":{"rendered":"<p>El Secretario General de la ONU afirm\u00f3 que el \u00e9xito del organismo mundial depender\u00e1 en buena medida de una Europa fuerte y unida. Ant\u00f3nio Guterres pronunci\u00f3 un discurso este mi\u00e9rcoles ante una sesi\u00f3n plenaria del Parlamento Europeo en Estrasburgo. <\/p>\n<p>Afirm\u00f3 que la prioridad principal del organismo mundial es prevenir la guerra y preservar la paz, cuestiones inalcanzables sin la participaci\u00f3n de la Uni\u00f3n Europea.<\/p>\n<p>\u201cUna Europa robusta y unida es un pilar fundamental para una ONU s\u00f3lida y efectiva, y este es un claro mensaje que quiero transmitirles a ustedes\u201d, dijo.<\/p>\n<p>Guterres tambi\u00e9n reafirm\u00f3 la necesidad de fortalecer la capacidad de solucionar conflictos de manera multilateral, y que en esta \u00e1rea, la cooperaci\u00f3n europea con la ONU es esencial.<\/p>\n<p>Asimismo, reiter\u00f3 su compromiso de promover reformas en las Naciones Unidas para que sea m\u00e1s eficiente, reforzar la confianza que en ella se tiene y responder mejor a las aspiraciones de los pueblos.<\/p>\n<p>Otros temas abordados por el titular de la ONU fueron la necesidad de una mayor cooperaci\u00f3n global en la lucha contra el ISIS, la soluci\u00f3n del conflicto en Siria y la atenci\u00f3n de las necesidades de los refugiados y solicitantes de asilo.<\/p>\n<p><a href=\"http:\/\/www.un.org\/spanish\/News\/story.asp?NewsID=37339\" title=\"\u201cEl \u00e9xito de la ONU depende de una Europa fuerte y unida\u201d\">Noticias ONU<\/a><\/p>\n","protected":false},"excerpt":{"rendered":"<p>El Secretario General de la ONU afirm\u00f3 que el \u00e9xito  [&#8230;]<\/p>\n","protected":false},"author":37,"featured_media":9502,"comment_status":"closed","ping_status":"closed","sticky":false,"template":"","format":"standard","meta":{"_et_pb_use_builder":"","_et_pb_old_content":"","_et_gb_content_width":"","footnotes":""},"categories":[19],"tags":[],"class_list":["post-9498","post","type-post","status-publish","format-standard","has-post-thumbnail","hentry","category-peace-and-justice"],"_links":{"self":[{"href":"https:\/\/www.un.org\/sustainabledevelopment\/es\/wp-json\/wp\/v2\/posts\/9498","targetHints":{"allow":["GET"]}}],"collection":[{"href":"https:\/\/www.un.org\/sustainabledevelopment\/es\/wp-json\/wp\/v2\/posts"}],"about":[{"href":"https:\/\/www.un.org\/sustainabledevelopment\/es\/wp-json\/wp\/v2\/types\/post"}],"author":[{"embeddable":true,"href":"https:\/\/www.un.org\/sustainabledevelopment\/es\/wp-json\/wp\/v2\/users\/37"}],"replies":[{"embeddable":true,"href":"https:\/\/www.un.org\/sustainabledevelopment\/es\/wp-json\/wp\/v2\/comments?post=9498"}],"version-history":[{"count":0,"href":"https:\/\/www.un.org\/sustainabledevelopment\/es\/wp-json\/wp\/v2\/posts\/9498\/revisions"}],"wp:featuredmedia":[{"embeddable":true,"href":"https:\/\/www.un.org\/sustainabledevelopment\/es\/wp-json\/wp\/v2\/media\/9502"}],"wp:attachment":[{"href":"https:\/\/www.un.org\/sustainabledevelopment\/es\/wp-json\/wp\/v2\/media?parent=9498"}],"wp:term":[{"taxonomy":"category","embeddable":true,"href":"https:\/\/www.un.org\/sustainabledevelopment\/es\/wp-json\/wp\/v2\/categories?post=9498"},{"taxonomy":"post_tag","embeddable":true,"href":"https:\/\/www.un.org\/sustainabledevelopment\/es\/wp-json\/wp\/v2\/tags?post=9498"}],"curies":[{"name":"wp","href":"https:\/\/api.w.org\/{rel}","templated":true}]}}