  {"id":9442,"date":"2017-05-16T13:37:03","date_gmt":"2017-05-16T17:37:03","guid":{"rendered":"http:\/\/www.un.org\/sustainabledevelopment\/es\/?p=9442"},"modified":"2017-11-13T16:00:20","modified_gmt":"2017-11-13T21:00:20","slug":"una-tercera-parte-de-los-casos-de-colera-en-yemen-afecta-a-ninos","status":"publish","type":"post","link":"https:\/\/www.un.org\/sustainabledevelopment\/es\/2017\/05\/una-tercera-parte-de-los-casos-de-colera-en-yemen-afecta-a-ninos\/","title":{"rendered":"Una tercera parte de los casos de c\u00f3lera en Yemen afecta a ni\u00f1os"},"content":{"rendered":"<p>El Fondo de la ONU para la Infancia (±¬ÁÏÍøICEF) revel\u00f3 este martes que los ni\u00f1os representan un tercio de los casos de c\u00f3lera registrados en Yemen. <\/p>\n<p>Hasta el momento un total de 250 pacientes han sido diagnosticados con la enfermedad, y hay 11.000 casos sospechosos. Al menos 130 personas fallecieron en las \u00faltimas tres semanas a causa del padecimiento, seg\u00fan datos de las autoridades locales. <\/p>\n<p>El representante de ±¬ÁÏÍøICEF, Christophe Bouleric, dijo a la prensa en Ginebra que el c\u00f3lera se propaga r\u00e1pidamente debido a la falta de servicios p\u00fablicos b\u00e1sicos, como resultado de m\u00e1s de dos a\u00f1os de conflicto entre las fuerzas gubernamentales y la oposici\u00f3n.<\/p>\n<p>Estos incluyen el sistema sanitario, el abastecimiento de agua y la gesti\u00f3n de basura. La crisis econ\u00f3mica y el deterioro de las condiciones de la vida de las familias, tambi\u00e9n contribuyen a contraer la enfermedad, dijo Bouleric. <\/p>\n<p>A\u00f1adi\u00f3 que alrededor de 2,2 millones de ni\u00f1os sufren de desnutrici\u00f3n, 462.000 de ellos de manera grave, y que uno de cada dos yemenitas menores de 5 a\u00f1os no se desarrolla f\u00edsica y mentalmente en correspondencia con su edad.<\/p>\n<p>\u201cLos yemenitas est\u00e1n frente a una nueva crisis de salud p\u00fablica. El 25% de los casos son de la provincia de Sana\u00e1 y un tercio del total de los afectados son ni\u00f1os. Yemen es un pa\u00eds muy peligroso para los peque\u00f1os, que viven en un contexto de extrema vulnerabilidad\u201d, advirti\u00f3. <\/p>\n<p>El representante agreg\u00f3 que los hospitales y centros m\u00e9dicos est\u00e1n teniendo dificultades para atender al gran n\u00famero de pacientes que acuden con s\u00edntomas de c\u00f3lera debido a la escasez cr\u00f3nica de doctores y personal de enfermer\u00eda. <\/p>\n<p>Naciones Unidas y sus socios humanitarios est\u00e1n haciendo todo lo posible para responder a esta crisis, que se perfila como m\u00e1s grave que la ocurrida en octubre de 2016.<br \/>\n<a href=\"http:\/\/www.un.org\/spanish\/News\/story.asp?NewsID=37332\" title=\"Una tercera parte de los casos de c\u00f3lera en Yemen afecta a ni\u00f1os\"><br \/>\nNoticias ONU<\/a><\/p>\n","protected":false},"excerpt":{"rendered":"<p>El Fondo de la ONU para la Infancia (±¬ÁÏÍøICEF) revel\u00f3  [&#8230;]<\/p>\n","protected":false},"author":37,"featured_media":9445,"comment_status":"closed","ping_status":"closed","sticky":false,"template":"","format":"standard","meta":{"_et_pb_use_builder":"","_et_pb_old_content":"","_et_gb_content_width":"","footnotes":""},"categories":[11],"tags":[],"class_list":["post-9442","post","type-post","status-publish","format-standard","has-post-thumbnail","hentry","category-health"],"_links":{"self":[{"href":"https:\/\/www.un.org\/sustainabledevelopment\/es\/wp-json\/wp\/v2\/posts\/9442","targetHints":{"allow":["GET"]}}],"collection":[{"href":"https:\/\/www.un.org\/sustainabledevelopment\/es\/wp-json\/wp\/v2\/posts"}],"about":[{"href":"https:\/\/www.un.org\/sustainabledevelopment\/es\/wp-json\/wp\/v2\/types\/post"}],"author":[{"embeddable":true,"href":"https:\/\/www.un.org\/sustainabledevelopment\/es\/wp-json\/wp\/v2\/users\/37"}],"replies":[{"embeddable":true,"href":"https:\/\/www.un.org\/sustainabledevelopment\/es\/wp-json\/wp\/v2\/comments?post=9442"}],"version-history":[{"count":0,"href":"https:\/\/www.un.org\/sustainabledevelopment\/es\/wp-json\/wp\/v2\/posts\/9442\/revisions"}],"wp:featuredmedia":[{"embeddable":true,"href":"https:\/\/www.un.org\/sustainabledevelopment\/es\/wp-json\/wp\/v2\/media\/9445"}],"wp:attachment":[{"href":"https:\/\/www.un.org\/sustainabledevelopment\/es\/wp-json\/wp\/v2\/media?parent=9442"}],"wp:term":[{"taxonomy":"category","embeddable":true,"href":"https:\/\/www.un.org\/sustainabledevelopment\/es\/wp-json\/wp\/v2\/categories?post=9442"},{"taxonomy":"post_tag","embeddable":true,"href":"https:\/\/www.un.org\/sustainabledevelopment\/es\/wp-json\/wp\/v2\/tags?post=9442"}],"curies":[{"name":"wp","href":"https:\/\/api.w.org\/{rel}","templated":true}]}}