  {"id":7784,"date":"2017-03-03T14:42:30","date_gmt":"2017-03-03T19:42:30","guid":{"rendered":"http:\/\/www.un.org\/sustainabledevelopment\/es\/?p=7784"},"modified":"2017-11-13T16:00:54","modified_gmt":"2017-11-13T21:00:54","slug":"la-onu-celebra-el-dia-mundial-de-la-vida-silvestre","status":"publish","type":"post","link":"https:\/\/www.un.org\/sustainabledevelopment\/es\/2017\/03\/la-onu-celebra-el-dia-mundial-de-la-vida-silvestre\/","title":{"rendered":"La ONU celebra el D\u00eda Mundial de la Vida Silvestre"},"content":{"rendered":"<p>El D\u00eda Mundial de la Vida Silvestre es una oportunidad para celebrar las hermosas y diferentes formas de fauna y flora y para crear conciencia sobre los beneficios que nos trae su conservaci\u00f3n. <\/p>\n<p>Como cada 3 de marzo, esta jornada nos recuerda la necesidad de luchar por las especies en peligro de extinci\u00f3n y contra el tr\u00e1fico de la vida silvestre. <\/p>\n<p>Este a\u00f1o el tema del D\u00eda Mundial es \u201cEscuchar las voces de los j\u00f3venes\u201d. Su objetivo es capacitarlos y comprometerlos en temas de conservaci\u00f3n para que protejan la belleza de la vida silvestre.<\/p>\n<p>\u201cComo consumidores, tenemos el poder de exigir que todos los productos de vida silvestre provengan de fuentes sostenibles. Les pido a los j\u00f3venes que preserven su herencia al informarse y actuar para proteger a los animales y plantas en v\u00edas de extinci\u00f3n\u201d, declar\u00f3 en su mensaje oficial para este d\u00eda el Secretario General de las Naciones Unidas, Ant\u00f3nio Guterres.<\/p>\n<p>Por su parte, la directora de la ±¬ÁÏÍøESCO, Irina Bokova, asegur\u00f3 que se necesita que \u201clos j\u00f3venes se pronuncien, se unan y colaboren en la construcci\u00f3n de nuevos caminos hacia el desarrollo sostenible de manera que se conserve la vida silvestre y la biodiversidad\u201d.<br \/>\nLa Asamblea General de la ONU tuvo una reuni\u00f3n de alto nivel este viernes con el objetivo de debatir acciones y desaf\u00edos para combatir el tr\u00e1fico de animales. <\/p>\n<p>\u201cEn las pasadas cuatro d\u00e9cadas, el planeta ha perdido el 50% de sus animales y plantas salvajes, y en algunas \u00e1reas a\u00fan m\u00e1s, a causa del cambio clim\u00e1tico, p\u00e9rdida de h\u00e1bitat, explotaci\u00f3n exacerbada, caza y tr\u00e1fico ilegal\u201d, resalt\u00f3 ante la Asamblea General Amina Mohamed, vicesecretaria general de Naciones Unidas.<\/p>\n<p>Seg\u00fan datos de la Uni\u00f3n Internacional para la Conservaci\u00f3n de la Naturaleza, una parte significativa de cada familia animal est\u00e1 amenazada: un 33% de los corales, un 25% de los mam\u00edferos, un 13% de las aves y un 41% de los anfibios.<\/p>\n<p>El 20 de diciembre de 2013, la Asamblea General de la ONU proclam\u00f3 el 3 de marzo como el D\u00eda Mundial de la Vida Silvestre.<\/p>\n<p><a href=\"http:\/\/www.un.org\/spanish\/News\/story.asp?newsID=36885http:\/\/\" title=\"La ONU celebra el D\u00eda Mundial de la Vida Silvestre\">Centro de noticias<\/a><\/p>\n","protected":false},"excerpt":{"rendered":"<p>El D\u00eda Mundial de la Vida Silvestre es una oportunidad  [&#8230;]<\/p>\n","protected":false},"author":37,"featured_media":7787,"comment_status":"closed","ping_status":"closed","sticky":false,"template":"","format":"standard","meta":{"_et_pb_use_builder":"","_et_pb_old_content":"","_et_gb_content_width":"","footnotes":""},"categories":[23],"tags":[],"class_list":["post-7784","post","type-post","status-publish","format-standard","has-post-thumbnail","hentry","category-water-and-sanitation"],"_links":{"self":[{"href":"https:\/\/www.un.org\/sustainabledevelopment\/es\/wp-json\/wp\/v2\/posts\/7784","targetHints":{"allow":["GET"]}}],"collection":[{"href":"https:\/\/www.un.org\/sustainabledevelopment\/es\/wp-json\/wp\/v2\/posts"}],"about":[{"href":"https:\/\/www.un.org\/sustainabledevelopment\/es\/wp-json\/wp\/v2\/types\/post"}],"author":[{"embeddable":true,"href":"https:\/\/www.un.org\/sustainabledevelopment\/es\/wp-json\/wp\/v2\/users\/37"}],"replies":[{"embeddable":true,"href":"https:\/\/www.un.org\/sustainabledevelopment\/es\/wp-json\/wp\/v2\/comments?post=7784"}],"version-history":[{"count":0,"href":"https:\/\/www.un.org\/sustainabledevelopment\/es\/wp-json\/wp\/v2\/posts\/7784\/revisions"}],"wp:featuredmedia":[{"embeddable":true,"href":"https:\/\/www.un.org\/sustainabledevelopment\/es\/wp-json\/wp\/v2\/media\/7787"}],"wp:attachment":[{"href":"https:\/\/www.un.org\/sustainabledevelopment\/es\/wp-json\/wp\/v2\/media?parent=7784"}],"wp:term":[{"taxonomy":"category","embeddable":true,"href":"https:\/\/www.un.org\/sustainabledevelopment\/es\/wp-json\/wp\/v2\/categories?post=7784"},{"taxonomy":"post_tag","embeddable":true,"href":"https:\/\/www.un.org\/sustainabledevelopment\/es\/wp-json\/wp\/v2\/tags?post=7784"}],"curies":[{"name":"wp","href":"https:\/\/api.w.org\/{rel}","templated":true}]}}