  {"id":7667,"date":"2017-01-10T14:08:41","date_gmt":"2017-01-10T19:08:41","guid":{"rendered":"http:\/\/www.un.org\/sustainabledevelopment\/es\/?p=7667"},"modified":"2017-11-13T16:01:03","modified_gmt":"2017-11-13T21:01:03","slug":"nuestra-prioridad-debe-ser-prevenir-las-guerras-y-conflictos-dice-guterres-en-el-consejo-de-seguridad","status":"publish","type":"post","link":"https:\/\/www.un.org\/sustainabledevelopment\/es\/2017\/01\/nuestra-prioridad-debe-ser-prevenir-las-guerras-y-conflictos-dice-guterres-en-el-consejo-de-seguridad\/","title":{"rendered":"Nuestra prioridad debe ser prevenir las guerras y conflictos, dice Guterres en el Consejo de Seguridad"},"content":{"rendered":"<p>10 de enero, 2017 \u2014 El Secretario General de la ONU, Ant\u00f3nio Guterres, enfatiz\u00f3 hoy la importancia de centrar los esfuerzos internacionales en la prevenci\u00f3n de guerras y conflictos, afirmando que esa debe ser la prioridad de las Naciones Unidas.<\/p>\n<p>En su primera participaci\u00f3n en un debate del Consejo de Seguridad desde que asumi\u00f3 el cargo, el jefe de la ONU indic\u00f3 que se gastan muchos m\u00e1s recursos en la respuesta a las crisis que en tratar de evitarlas, lo que redunda en el sufrimiento y la muerte de miles de personas.<\/p>\n<p>En este contexto, Guterres solicit\u00f3 a todos los pa\u00edses la aplicaci\u00f3n de un nuevo enfoque que se base m\u00e1s en la prevenci\u00f3n y el mantenimiento de la paz, que en la respuesta a las conflagraciones.<\/p>\n<p>Record\u00f3 que la ONU fue establecida para prevenir la guerra al vincular a todos los Estados bajo un orden internacional basado en reglas.<\/p>\n<p>Ese orden, consider\u00f3, hoy padece un grave peligro.<br \/>\n\u00abMillones de personas en crisis miran a este Consejo para que preserve la estabilidad global y les proteja de los da\u00f1os, pero el enorme costo humano y econ\u00f3mico de los conflictos en todo el mundo demuestra lo complejo y complicado que es esto. Sin embargo, dedicamos mucho m\u00e1s tiempo y recursos a responder a las crisis que a prevenirlas\u00bb, recalc\u00f3.<\/p>\n<p>Guterres a\u00f1adi\u00f3 que la gente y los Estados est\u00e1n pagando un precio demasiado alto y que se necesita una nueva estrategia para abordar esa cuesti\u00f3n.<\/p>\n<p>El titular de la ONU afirm\u00f3 que los conflictos actuales son en su mayor\u00eda internos, aunque r\u00e1pidamente puedan adquirir dimensiones regionales y transnacionales y se ven alimentados por la competencia por el poder y los recursos, la desigualdad, la marginaci\u00f3n y la exclusi\u00f3n y la mala gobernanza, entre otros factores.<\/p>\n<p>En ese sentido consider\u00f3 que el reto es cambiar la cultura, el enfoque, las estructuras y las operaciones para abordar el tema, para lo cual lanzar\u00e1 una reforma que comenzar\u00e1 con las decisiones que se adopten en el Secretariado de la Organizaci\u00f3n, mediante el establecimiento de un nuevo Comit\u00e9 Ejecutivo.<\/p>\n<p>El Comit\u00e9, apunt\u00f3, incrementar\u00e1 la capacidad de Naciones Unidas de integrar los tres pilares en que fundamenta su labor, la paz y la seguridad, el desarrollo sostenible y los derechos humanos, bajo una nueva visi\u00f3n com\u00fan para la acci\u00f3n.<\/p>\n<p><a href=\"http:\/\/www.un.org\/spanish\/News\/story.asp?NewsID=36542#.WK8zSW8rKUk\" title=\"Nuestra prioridad debe ser prevenir las guerras y conflictos, dice Guterres en el Consejo de Seguridad\" target=\"_blank\">Centro de Noticias<\/a><\/p>\n","protected":false},"excerpt":{"rendered":"<p>10 de enero, 2017 \u2014 El Secretario General de la  [&#8230;]<\/p>\n","protected":false},"author":34,"featured_media":7672,"comment_status":"closed","ping_status":"closed","sticky":false,"template":"","format":"standard","meta":{"_et_pb_use_builder":"","_et_pb_old_content":"","_et_gb_content_width":"","footnotes":""},"categories":[16,31,1],"tags":[],"class_list":["post-7667","post","type-post","status-publish","format-standard","has-post-thumbnail","hentry","category-news","category-secretario-general","category-uncategorized"],"_links":{"self":[{"href":"https:\/\/www.un.org\/sustainabledevelopment\/es\/wp-json\/wp\/v2\/posts\/7667","targetHints":{"allow":["GET"]}}],"collection":[{"href":"https:\/\/www.un.org\/sustainabledevelopment\/es\/wp-json\/wp\/v2\/posts"}],"about":[{"href":"https:\/\/www.un.org\/sustainabledevelopment\/es\/wp-json\/wp\/v2\/types\/post"}],"author":[{"embeddable":true,"href":"https:\/\/www.un.org\/sustainabledevelopment\/es\/wp-json\/wp\/v2\/users\/34"}],"replies":[{"embeddable":true,"href":"https:\/\/www.un.org\/sustainabledevelopment\/es\/wp-json\/wp\/v2\/comments?post=7667"}],"version-history":[{"count":0,"href":"https:\/\/www.un.org\/sustainabledevelopment\/es\/wp-json\/wp\/v2\/posts\/7667\/revisions"}],"wp:featuredmedia":[{"embeddable":true,"href":"https:\/\/www.un.org\/sustainabledevelopment\/es\/wp-json\/wp\/v2\/media\/7672"}],"wp:attachment":[{"href":"https:\/\/www.un.org\/sustainabledevelopment\/es\/wp-json\/wp\/v2\/media?parent=7667"}],"wp:term":[{"taxonomy":"category","embeddable":true,"href":"https:\/\/www.un.org\/sustainabledevelopment\/es\/wp-json\/wp\/v2\/categories?post=7667"},{"taxonomy":"post_tag","embeddable":true,"href":"https:\/\/www.un.org\/sustainabledevelopment\/es\/wp-json\/wp\/v2\/tags?post=7667"}],"curies":[{"name":"wp","href":"https:\/\/api.w.org\/{rel}","templated":true}]}}