  {"id":7312,"date":"2016-10-17T16:53:59","date_gmt":"2016-10-17T20:53:59","guid":{"rendered":"http:\/\/www.un.org\/sustainabledevelopment\/es\/?p=7312"},"modified":"2017-11-13T16:01:11","modified_gmt":"2017-11-13T21:01:11","slug":"la-onu-insta-a-transformar-las-ciudades-del-mundo-para-mejorar-la-vida-de-las-pesonas","status":"publish","type":"post","link":"https:\/\/www.un.org\/sustainabledevelopment\/es\/2016\/10\/la-onu-insta-a-transformar-las-ciudades-del-mundo-para-mejorar-la-vida-de-las-pesonas\/","title":{"rendered":"La ONU insta a transformar las ciudades del mundo para mejorar la vida de las pesonas"},"content":{"rendered":"<p>El Secretario General de la ONU llam\u00f3 este lunes a aprovechar el potencial de las ciudades como motores del desarrollo para transformar el mundo para mejor.<\/p>\n<p>Ban Ki-moon dio as\u00ed apertura a la Conferencia de la ONU sobre Vivienda y Desarrollo Urbano Sostenible, H\u00e1bitat III, que se celebra en Quito, Ecuador hasta el 20 de octubre.<br \/>\nEn su discurso, Ban llam\u00f3 la atenci\u00f3n sobre el r\u00e1pido crecimiento de las urbes, especialmente en los pa\u00edses en desarrollo y cuya expansi\u00f3n es por lo general desordenada.<\/p>\n<p>En ese sentido, remarc\u00f3 que una cuarta parte de los habitantes de las urbes vive en barrios marginales o tugurios, a la vez que los pobres afrontan condiciones precarias caracterizadas por la falta de servicios y espacios adecuados de vivienda.<\/p>\n<p>Otras desventajas incluyen la carencia de oportunidades de empleo decente y la vulnerabilidad al crimen, los desalojos forzados, la contaminaci\u00f3n que producen con su dram\u00e1tico impacto sobre el medio ambiente.<\/p>\n<p>\u00abPor esto, es evidente que transformar nuestro mundo para mejor significa transformar nuestras ciudades y pueblos. Eso implica, mejor gobernabilidad, planificaci\u00f3n y dise\u00f1o\u00bb, remarc\u00f3 el Secretario General.<\/p>\n<p>Adem\u00e1s, Ban Ki-moon inst\u00f3 a los gobiernos a invertir en viviendas adecuadas y asequibles, as\u00ed como en infraestructura de calidad y servicios b\u00e1sicos.<\/p>\n<p>La ceremonia de apertura de H\u00e1bitat III cont\u00f3 con la participaci\u00f3n del presidente de Ecuador, Rafael Correa quien hizo hincapi\u00e9 en los problemas que afronta Am\u00e9rica Latina debido a su r\u00e1pida y extensa urbanizaci\u00f3n.<\/p>\n<p>Correa puso como ejemplo el problema de la tenencia y la distribuci\u00f3n del suelo urbano y se\u00f1al\u00f3 que a pesar de la autonom\u00eda de los gobiernos locales, los Estados tienen una gran responsabilidad en intervenir para resolver esas desigualdades.<\/p>\n<p>\u00abCasi no hay oferta espont\u00e1nea de vivienda social. Siempre sera m\u00e1s f\u00e1cil y rentable construir una vivienda de 200.000 d\u00f3lares que 10 viviendas de 20.000 d\u00f3lares. Algo similar ocurre con respecto al cr\u00e9dito al que tampoco pueden acceder por falta de garant\u00edas, los m\u00e1s pobres. Por eso debe intervenir el Estado. No se trata solamente de justicia social se trata de evitar graves desestructuraciones sociales, nuevas formas de pobreza, tr\u00e1fico de tierras, ocupaci\u00f3n ilegal del suelo, hacinamiento y precariedad en nuestras principales ciudades\u00bb.<\/p>\n<p>America Latina es la regi\u00f3n m\u00e1s urbanizada del mundo, con un 80% de su poblaci\u00f3n viviendo en urbes.<\/p>\n<p>La Conferencia de Naciones Unidas sobre Vivienda y Desarrollo Urbano Sostenible se celebra cada 20 a\u00f1os para analizar el estado de las ciudades del mundo y definir acciones orientadas hacia el futuro.<\/p>\n<p>Los gobiernos participantes de H\u00e1bitat III adoptar\u00e1n una Nueva Agenda Urbana, un documento que establecer\u00e1 par\u00e1metros para alcanzar el desarrollo sustentable de las urbes en los pr\u00f3ximos 20 a\u00f1os.<\/p>\n<p><a href=\"http:\/\/www.un.org\/spanish\/News\/story.asp?newsID=36076\" title=\"ONU insta a transformar las ciudades del mundo para mejorar la vida de las pesonas\" target=\"_blank\">Centro de noticias<\/a><\/p>\n","protected":false},"excerpt":{"rendered":"<p>El Secretario General de la ONU llam\u00f3 este lunes a  [&#8230;]<\/p>\n","protected":false},"author":37,"featured_media":7316,"comment_status":"closed","ping_status":"closed","sticky":false,"template":"","format":"standard","meta":{"_et_pb_use_builder":"","_et_pb_old_content":"","_et_gb_content_width":"","footnotes":""},"categories":[4],"tags":[],"class_list":["post-7312","post","type-post","status-publish","format-standard","has-post-thumbnail","hentry","category-cities"],"_links":{"self":[{"href":"https:\/\/www.un.org\/sustainabledevelopment\/es\/wp-json\/wp\/v2\/posts\/7312","targetHints":{"allow":["GET"]}}],"collection":[{"href":"https:\/\/www.un.org\/sustainabledevelopment\/es\/wp-json\/wp\/v2\/posts"}],"about":[{"href":"https:\/\/www.un.org\/sustainabledevelopment\/es\/wp-json\/wp\/v2\/types\/post"}],"author":[{"embeddable":true,"href":"https:\/\/www.un.org\/sustainabledevelopment\/es\/wp-json\/wp\/v2\/users\/37"}],"replies":[{"embeddable":true,"href":"https:\/\/www.un.org\/sustainabledevelopment\/es\/wp-json\/wp\/v2\/comments?post=7312"}],"version-history":[{"count":0,"href":"https:\/\/www.un.org\/sustainabledevelopment\/es\/wp-json\/wp\/v2\/posts\/7312\/revisions"}],"wp:featuredmedia":[{"embeddable":true,"href":"https:\/\/www.un.org\/sustainabledevelopment\/es\/wp-json\/wp\/v2\/media\/7316"}],"wp:attachment":[{"href":"https:\/\/www.un.org\/sustainabledevelopment\/es\/wp-json\/wp\/v2\/media?parent=7312"}],"wp:term":[{"taxonomy":"category","embeddable":true,"href":"https:\/\/www.un.org\/sustainabledevelopment\/es\/wp-json\/wp\/v2\/categories?post=7312"},{"taxonomy":"post_tag","embeddable":true,"href":"https:\/\/www.un.org\/sustainabledevelopment\/es\/wp-json\/wp\/v2\/tags?post=7312"}],"curies":[{"name":"wp","href":"https:\/\/api.w.org\/{rel}","templated":true}]}}