  {"id":7292,"date":"2016-10-16T09:33:57","date_gmt":"2016-10-16T13:33:57","guid":{"rendered":"http:\/\/www.un.org\/sustainabledevelopment\/es\/?p=7292"},"modified":"2017-11-13T16:01:12","modified_gmt":"2017-11-13T21:01:12","slug":"ban-ki-moon-exhorta-a-alcaldes-a-crear-las-ciudades-sostenibles-del-futuro","status":"publish","type":"post","link":"https:\/\/www.un.org\/sustainabledevelopment\/es\/2016\/10\/ban-ki-moon-exhorta-a-alcaldes-a-crear-las-ciudades-sostenibles-del-futuro\/","title":{"rendered":"Ban Ki-moon exhorta a alcaldes a crear las ciudades sostenibles del futuro"},"content":{"rendered":"<p>Los alcaldes y los gobernadores est\u00e1n al frente de los esfuerzos para lograr el desarrollo sostenible y deben afrontar las demandas inmediatas de vivienda, transporte, infraestructura y servicios.<\/p>\n<p>As\u00ed describi\u00f3 este domingo el Secretario General de la ONU el importante papel que desempe\u00f1an esas autoridades en definir las inversiones prioritarias de las ciudades.<\/p>\n<p>Ban Ki-moom dio apertura a la Segunda Asamblea Mundial de Alcaldes en el marco de la Conferencia de la ONU H\u00e1bitat III, que se celebra en Quito, Ecuador.<\/p>\n<p>Durante H\u00e1bitat III, que se extiende hasta el 20 de octubre, los gobiernos adoptar\u00e1n una Nueva Agenda Urbana que establecer\u00e1 par\u00e1metros para el desarrollo de las ciudades en los pr\u00f3ximos 20 a\u00f1os.<\/p>\n<p>\u201cApropi\u00e9nse de esta Agenda vital. Mant\u00e9nganse firmes en favor de la gente que representan. Ayuden a crear los pueblos y ciudades del futuro\u201d, pidi\u00f3 Ban a las autoridades presentes.<\/p>\n<p>Por su parte, el alcalde de Quito, Mauricio Rodas, subray\u00f3 la importancia de la cooperaci\u00f3n, la ayuda financiera y la descentralizaci\u00f3n para que los gobiernos locales lleven a la pr\u00e1ctica lo que se decida en la Nueva Agenda Urbana. <\/p>\n<p>\u201cA nivel nacional consideramos fundamental fortalecer los mecanismos de cooperaci\u00f3n entre los diferentes niveles de gobierno de tal forma a consolidar los procesos de autonom\u00eda y descentralizaci\u00f3n bajo un estricto apego a los principios democr\u00e1ticos. Contando tambi\u00e9n para ello con las necesarias herramientas de financiamiento que permitan que al asumir nuevas competencias por parte de gobiernos locales, estos tengan consigo la capacidad para convertir pol\u00edticas p\u00fablicas efectivas en una realidad\u201d. <\/p>\n<p>El Secretario General de la ONU se encuentra en Ecuador para participar tanto de la Asamblea Mundial de Alcaldes como de la inauguraci\u00f3n oficial de la Conferencia H\u00e1bitat III, prevista para el lunes 17 de octubre. Su visita incluy\u00f3 este domingo un recorrido por el centro hist\u00f3rico de Quito. <\/p>\n<p>La apertura de H\u00e1bitat III contar\u00e1 tambi\u00e9n con la presencia del presidente de Ecuador, Rafael Correa. <\/p>\n<p>La Conferencia de Naciones Unidas sobre Vivienda y Desarrollo Urbano Sostenible se lleva a cabo cada 20 a\u00f1os. Esta es la tercera edici\u00f3n. Su principal objetivo es analizar el estado de los centros urbanos del mundo y definir c\u00f3mo queremos que sean las ciudades del futuro.<\/p>\n<p><a href=\"http:\/\/www.un.org\/spanish\/News\/story.asp?NewsID=36069\" title=\"Ban Ki-moon exhorta a alcaldes a crear las ciudades sostenibles del futuro\" target=\"_blank\">Centro de noticias<\/a><\/p>\n","protected":false},"excerpt":{"rendered":"<p>Los alcaldes y los gobernadores est\u00e1n al frente de los  [&#8230;]<\/p>\n","protected":false},"author":37,"featured_media":7304,"comment_status":"closed","ping_status":"closed","sticky":false,"template":"","format":"standard","meta":{"_et_pb_use_builder":"","_et_pb_old_content":"","_et_gb_content_width":"","footnotes":""},"categories":[4],"tags":[],"class_list":["post-7292","post","type-post","status-publish","format-standard","has-post-thumbnail","hentry","category-cities"],"_links":{"self":[{"href":"https:\/\/www.un.org\/sustainabledevelopment\/es\/wp-json\/wp\/v2\/posts\/7292","targetHints":{"allow":["GET"]}}],"collection":[{"href":"https:\/\/www.un.org\/sustainabledevelopment\/es\/wp-json\/wp\/v2\/posts"}],"about":[{"href":"https:\/\/www.un.org\/sustainabledevelopment\/es\/wp-json\/wp\/v2\/types\/post"}],"author":[{"embeddable":true,"href":"https:\/\/www.un.org\/sustainabledevelopment\/es\/wp-json\/wp\/v2\/users\/37"}],"replies":[{"embeddable":true,"href":"https:\/\/www.un.org\/sustainabledevelopment\/es\/wp-json\/wp\/v2\/comments?post=7292"}],"version-history":[{"count":0,"href":"https:\/\/www.un.org\/sustainabledevelopment\/es\/wp-json\/wp\/v2\/posts\/7292\/revisions"}],"wp:featuredmedia":[{"embeddable":true,"href":"https:\/\/www.un.org\/sustainabledevelopment\/es\/wp-json\/wp\/v2\/media\/7304"}],"wp:attachment":[{"href":"https:\/\/www.un.org\/sustainabledevelopment\/es\/wp-json\/wp\/v2\/media?parent=7292"}],"wp:term":[{"taxonomy":"category","embeddable":true,"href":"https:\/\/www.un.org\/sustainabledevelopment\/es\/wp-json\/wp\/v2\/categories?post=7292"},{"taxonomy":"post_tag","embeddable":true,"href":"https:\/\/www.un.org\/sustainabledevelopment\/es\/wp-json\/wp\/v2\/tags?post=7292"}],"curies":[{"name":"wp","href":"https:\/\/api.w.org\/{rel}","templated":true}]}}