  {"id":7284,"date":"2016-10-16T09:26:08","date_gmt":"2016-10-16T13:26:08","guid":{"rendered":"http:\/\/www.un.org\/sustainabledevelopment\/es\/?p=7284"},"modified":"2017-11-13T16:01:17","modified_gmt":"2017-11-13T21:01:17","slug":"ecuador-embarcado-en-el-proceso-de-recosntruccion-al-cumplirse-seis-meses-del-terremoto","status":"publish","type":"post","link":"https:\/\/www.un.org\/sustainabledevelopment\/es\/2016\/10\/ecuador-embarcado-en-el-proceso-de-recosntruccion-al-cumplirse-seis-meses-del-terremoto\/","title":{"rendered":"Ecuador embarcado en el proceso de reconstrucci\u00f3n al cumplirse seis meses del terremoto"},"content":{"rendered":"<p>El 16 de abril de 2016, un terremoto de casi 8 grados en la escala de Richter sacudi\u00f3 la costa norte de Ecuador.<\/p>\n<p>El sismo tom\u00f3 desprevenida a la poblaci\u00f3n de las provincias de Manab\u00ed y Esmeraldas que nunca antes hab\u00edan vivido un fen\u00f3meno de ese tipo. <\/p>\n<p>A medida que los afectados se recuperaban de la tragedia los da\u00f1os se hac\u00edan m\u00e1s aparentes.<\/p>\n<p>La cat\u00e1strofe dej\u00f3 cerca de 700 muertos y una ola de destrucci\u00f3n. Tambi\u00e9n arras\u00f3 con 35.000 viviendas y perjudic\u00f3 directamente a 250.000 personas.<\/p>\n<p>Fue el terremoto m\u00e1s devastador de Am\u00e9rica Latina y el Caribe en los \u00faltimos a\u00f1os, despu\u00e9s del que azot\u00f3 a Hait\u00ed en 2010.<\/p>\n<p>Diego Zorrilla, coordinador residente del Sistema de la ONU en Ecuador hace una evaluaci\u00f3n del progreso a seis meses de ese sismo.<\/p>\n<p>Diego Zorrilla: \u201cEn la actualidad quedan unas 15.000 personas en refugios de albergues temporales, mientras que decenas de miles m\u00e1s siguen desplazadas de sus hogares porque el proceso de reconstrucci\u00f3n es evidentemente un proceso lento\u201d\u00b7<\/p>\n<p>\u201cLa reconstrucci\u00f3n ha empezado ya al mes y medio despu\u00e9s del terremoto. Pero evidentemente en la medida que esta es una emergencia caracterizada por la p\u00e9rdida de viviendas la reconstrucci\u00f3n que va a tomar todav\u00eda varios meses\u201d.<\/p>\n<p>Centro de noticias: \u00bfQu\u00e9 lecciones se han aprendido en el pa\u00eds despu\u00e9s de esta cat\u00e1strofe, especialmente en t\u00e9rminos de reconstruir de nuevo y para mejor?<\/p>\n<p>Diego Zorrilla: \u201cHay una gran toma de conciencia tanto por parte del gobierno nacional como por parte de los gobiernos locales de que los procesos de reconstrucci\u00f3n tienen que ser hechos sobre, primero, un an\u00e1lisis de las vulnerabilidades del territorio, segundo, una planificaci\u00f3n para la mitigaci\u00f3n. Uno de los importantes elementos para la mitigaci\u00f3n es la adhesi\u00f3n a normas estrictas para la construcci\u00f3n\u201d.<\/p>\n<p>\u201cEstamos precisamente en un proceso de dar a conocer esa norma y de asegurar que tanto los ingenieros, arquitectos, como incluso los maestros de obra se hayan familiarizado con los est\u00e1ndares requeridos por la norma\u201d. <\/p>\n<p>La Conferencia de Naciones Unidas sobre Vivienda y Desarrollo Urbano Sostenible que coincidentemente se celebra en Quito, Ecuador, busca abordar los problemas asociados con las ciudades.<\/p>\n<p>Los participantes adoptar\u00e1n una Nueva Agenda Urbana que definir\u00e1 l\u00edneas de acci\u00f3n orientadas al dise\u00f1o, la planificaci\u00f3n y la administraci\u00f3n de las ciudades. A su vez, ese documento busca abordar los desaf\u00edos m\u00e1s urgentes, como los asociados al desproporcionado impacto de los fen\u00f3menos naturales.<\/p>\n<p><a href=\"http:\/\/www.un.org\/spanish\/News\/story.asp?NewsID=36066\" title=\"Ecuador embarcado en el proceso de recosntrucci\u00f3n al cumplirse seis meses del terremoto\" target=\"_blank\">Centro de noticias<\/a><\/p>\n","protected":false},"excerpt":{"rendered":"<p>El 16 de abril de 2016, un terremoto de casi  [&#8230;]<\/p>\n","protected":false},"author":37,"featured_media":7288,"comment_status":"closed","ping_status":"closed","sticky":false,"template":"","format":"standard","meta":{"_et_pb_use_builder":"","_et_pb_old_content":"","_et_gb_content_width":"","footnotes":""},"categories":[4],"tags":[],"class_list":["post-7284","post","type-post","status-publish","format-standard","has-post-thumbnail","hentry","category-cities"],"_links":{"self":[{"href":"https:\/\/www.un.org\/sustainabledevelopment\/es\/wp-json\/wp\/v2\/posts\/7284","targetHints":{"allow":["GET"]}}],"collection":[{"href":"https:\/\/www.un.org\/sustainabledevelopment\/es\/wp-json\/wp\/v2\/posts"}],"about":[{"href":"https:\/\/www.un.org\/sustainabledevelopment\/es\/wp-json\/wp\/v2\/types\/post"}],"author":[{"embeddable":true,"href":"https:\/\/www.un.org\/sustainabledevelopment\/es\/wp-json\/wp\/v2\/users\/37"}],"replies":[{"embeddable":true,"href":"https:\/\/www.un.org\/sustainabledevelopment\/es\/wp-json\/wp\/v2\/comments?post=7284"}],"version-history":[{"count":0,"href":"https:\/\/www.un.org\/sustainabledevelopment\/es\/wp-json\/wp\/v2\/posts\/7284\/revisions"}],"wp:featuredmedia":[{"embeddable":true,"href":"https:\/\/www.un.org\/sustainabledevelopment\/es\/wp-json\/wp\/v2\/media\/7288"}],"wp:attachment":[{"href":"https:\/\/www.un.org\/sustainabledevelopment\/es\/wp-json\/wp\/v2\/media?parent=7284"}],"wp:term":[{"taxonomy":"category","embeddable":true,"href":"https:\/\/www.un.org\/sustainabledevelopment\/es\/wp-json\/wp\/v2\/categories?post=7284"},{"taxonomy":"post_tag","embeddable":true,"href":"https:\/\/www.un.org\/sustainabledevelopment\/es\/wp-json\/wp\/v2\/tags?post=7284"}],"curies":[{"name":"wp","href":"https:\/\/api.w.org\/{rel}","templated":true}]}}