  {"id":7276,"date":"2016-10-16T09:08:09","date_gmt":"2016-10-16T13:08:09","guid":{"rendered":"http:\/\/www.un.org\/sustainabledevelopment\/es\/?p=7276"},"modified":"2017-11-13T16:01:17","modified_gmt":"2017-11-13T21:01:17","slug":"mujeres-y-jovenes-debaten-sobre-su-ideal-de-ciudad","status":"publish","type":"post","link":"https:\/\/www.un.org\/sustainabledevelopment\/es\/2016\/10\/mujeres-y-jovenes-debaten-sobre-su-ideal-de-ciudad\/","title":{"rendered":"Mujeres y j\u00f3venes debaten sobre su ideal de ciudad"},"content":{"rendered":"<p>Una ciudad segura, con facilidad de transporte y proximidad de servicios, adem\u00e1s de una donde los hombres y las mujeres puedan conciliar la distribuci\u00f3n del trabajo y el cuidado de los ni\u00f1os y ancianos, son algunos de los atributos de la ciudad ideal con la que sue\u00f1an las mujeres.<\/p>\n<p>As\u00ed lo aseguraron las participantes en la Asamblea de Mujeres, un evento celebrado en el marco de la Conferencia de Naciones Unidas H\u00e1bitat III, que se celebra en Quito Ecuador.<\/p>\n<p>Durante el encuentro entrevistamos a Ana Falu, una acad\u00e9mica argentina que es tambi\u00e9n fundadora de la Red Mujer y H\u00e1bitat de Am\u00e9rica Latina. <\/p>\n<p>Ana identific\u00f3 algunos de los problemas m\u00e1s acuciantes para las mujeres en las ciudades de la regi\u00f3n, entre ellos mencion\u00f3 la pobreza que afecta especialmente a las que cuidan de los ni\u00f1os. <\/p>\n<p>Tambi\u00e9n lament\u00f3 que las mujeres sigan siendo las que emplean m\u00e1s tiempo trabajando, ya que adem\u00e1s de producir un ingreso, se ocupan de las tareas del hogar y el cuidado de familiares y enfermos.<\/p>\n<p>En su ideal de ciudad, Ana Falu describi\u00f3 una urbe amigable con las mujeres.<\/p>\n<p>\u201cCiudades donde podamos circular libremente, donde tengamos menos autos y mas servicios p\u00fablicos, donde lo colectivo prime por sobre lo individual. Donde tengamos tan buen transporte p\u00fablico que no necesitemos usar coches individuales y amenazar el medio ambiente con las emisiones de gases. En donde podamos circular en bicicleta tranquilas a cualquier hora, sin temer de que nos vayan a violar o a acosar o a golpear\u201d, dijo.<\/p>\n<p>Las mujeres pidieron el compromiso de los gobiernos con la asignaci\u00f3n de m\u00e1s recursos para dotar a las ciudades de los servicios y facilidades que garanticen calidad de vida. <\/p>\n<p>Durante la jornada de este fin de semana los ni\u00f1os y j\u00f3venes tambi\u00e9n discutieron los problemas que les aquejan en las urbes durante la plenaria de la Asamblea de J\u00f3venes.<\/p>\n<p>Dos de ellas expusieron su visi\u00f3n.<\/p>\n<p>Daniela Vergara, de 11 a\u00f1os, dijo: \u201cQue haya juegos para ni\u00f1os, ni\u00f1as y adolescentes, haya parques. No haya contaminaci\u00f3n\u201d, apunt\u00f3.<\/p>\n<p>Por su parte, Chalanee Riera, representante del Consejo Consultivo de Ni\u00f1os, Ni\u00f1as y Adolescentes de la provincia de Santo Domingo, Ecuador se\u00f1al\u00f3 que quiere: \u201cTrabajar por una ciudad inclusiva donde nadie se sienta discriminado ya sea por etnia, por cultura o simplemente por baja econom\u00eda\u201d.<\/p>\n<p>La Conferencia de Naciones Unidas sobre Vivienda y Desarrollo Urbano Sostenible se lleva a cabo cada 20 a\u00f1os. \u00c9sta es la tercera edici\u00f3n. Su principal objetivo es analizar el estado de los centros urbanos del mundo y definir c\u00f3mo queremos que sean las ciudades del futuro. <\/p>\n<p>Durante la Conferencia H\u00e1bitat III los Gobiernos adoptar\u00e1n una Nueva Agenda Urbana que establecer\u00e1 par\u00e1metros para el desarrollo de las ciudades en los pr\u00f3ximos 20 a\u00f1os.<\/p>\n<p><a href=\"http:\/\/www.un.org\/spanish\/News\/story.asp?NewsID=36068\" title=\"Mujeres y j\u00f3venes debaten sobre su ideal de ciudad\" target=\"_blank\">Centro de noticias<\/a><\/p>\n","protected":false},"excerpt":{"rendered":"<p>Una ciudad segura, con facilidad de transporte y proximidad de  [&#8230;]<\/p>\n","protected":false},"author":37,"featured_media":7280,"comment_status":"closed","ping_status":"closed","sticky":false,"template":"","format":"standard","meta":{"_et_pb_use_builder":"","_et_pb_old_content":"","_et_gb_content_width":"","footnotes":""},"categories":[4],"tags":[],"class_list":["post-7276","post","type-post","status-publish","format-standard","has-post-thumbnail","hentry","category-cities"],"_links":{"self":[{"href":"https:\/\/www.un.org\/sustainabledevelopment\/es\/wp-json\/wp\/v2\/posts\/7276","targetHints":{"allow":["GET"]}}],"collection":[{"href":"https:\/\/www.un.org\/sustainabledevelopment\/es\/wp-json\/wp\/v2\/posts"}],"about":[{"href":"https:\/\/www.un.org\/sustainabledevelopment\/es\/wp-json\/wp\/v2\/types\/post"}],"author":[{"embeddable":true,"href":"https:\/\/www.un.org\/sustainabledevelopment\/es\/wp-json\/wp\/v2\/users\/37"}],"replies":[{"embeddable":true,"href":"https:\/\/www.un.org\/sustainabledevelopment\/es\/wp-json\/wp\/v2\/comments?post=7276"}],"version-history":[{"count":0,"href":"https:\/\/www.un.org\/sustainabledevelopment\/es\/wp-json\/wp\/v2\/posts\/7276\/revisions"}],"wp:featuredmedia":[{"embeddable":true,"href":"https:\/\/www.un.org\/sustainabledevelopment\/es\/wp-json\/wp\/v2\/media\/7280"}],"wp:attachment":[{"href":"https:\/\/www.un.org\/sustainabledevelopment\/es\/wp-json\/wp\/v2\/media?parent=7276"}],"wp:term":[{"taxonomy":"category","embeddable":true,"href":"https:\/\/www.un.org\/sustainabledevelopment\/es\/wp-json\/wp\/v2\/categories?post=7276"},{"taxonomy":"post_tag","embeddable":true,"href":"https:\/\/www.un.org\/sustainabledevelopment\/es\/wp-json\/wp\/v2\/tags?post=7276"}],"curies":[{"name":"wp","href":"https:\/\/api.w.org\/{rel}","templated":true}]}}